{"id":150357,"date":"2025-06-04T02:15:11","date_gmt":"2025-06-04T02:15:11","guid":{"rendered":"https:\/\/www.europesays.com\/fr\/150357\/"},"modified":"2025-06-04T02:15:11","modified_gmt":"2025-06-04T02:15:11","slug":"championnat-de-bretagne-les-engages-directvelo","status":"publish","type":"post","link":"https:\/\/www.europesays.com\/fr\/150357\/","title":{"rendered":"Championnat de Bretagne : Les engag\u00e9s &#8211; DirectVelo"},"content":{"rendered":"<ol>\n<li><a href=\"https:\/\/news.google.com\/rss\/articles\/CBMihgFBVV95cUxQZEtsRjA0SzhLYmxMLWpRMUVMOVRlM0hsY29wQU9uaTFDX1JoVFlOdmFzVHN4WGgwYXJGZ2Uwbi1qOWJuZm1UeVl5bjF0RlAzWlJkWWtHTHVyUzhQMXlGTGlidlBjNkExSXhral91NVBDcmxISDE1THFGQkdwdFAxWGRiUXlmUQ?oc=5\" target=\"_blank\" rel=\"noopener\">Championnat de Bretagne : Les engag\u00e9s<\/a>&nbsp;&nbsp;DirectVelo<\/li>\n<li><a href=\"https:\/\/news.google.com\/rss\/articles\/CBMi3wFBVV95cUxQTHlhcWFnT0NndlQ0eWRaSWwzUVBCRE56cm5mbERWQ3V3Y2J0Qmpxd3ZwYTlZcUthWjVzTzc4eWJvYWZIdzNPcjZUZlBRYWJ5aURhWnVWRWpsbTkxU1lWajhtal9LQ1VZcTc3Mm05NFg5U295WVN6VUtOSU1ZTUp6dFFYcjRjQ1V2LTF6QW9qSHE0TlZXbkFHTnZFNkRPOU0yRTlSWlMyRVpfdFFfZlF5WThZVmJHNF96UnJFcF85NmdxTTJwZVZ6WFZPVkYyM29EcUNzRWtXZkxQUEw2TUU4?oc=5\" target=\"_blank\" rel=\"noopener\">Circuit, favoris, horaires\u2026 Tout ce qu\u2019il faut savoir sur les championnats de Bretagne \u00e0 Brec\u2019h<\/a>&nbsp;&nbsp;Le T\u00e9l\u00e9gramme<\/li>\n<li><a href=\"https:\/\/news.google.com\/rss\/articles\/CBMisgFBVV95cUxPQ0IxTlB4eW5JTXh6QUI1clp4R2dvdndHZXQ2ZFNDVHFSWGFHMVlVWW5qNXVERk1oelRVNFJjTHRDM0Z1d1VPMk9IZlJzZlprYjdfSldNM2lNYUd4d2hibUdJMU9sajhxVE9WdG1HbngzRkJ0NmVOTzBVS0Z4RG1acTVUZjMzMEdpTDNnMmQzZENtc1U2ZzJ5cDlzUXhpdi1JczZkQm5KWFVlcjNOMWNERzhn?oc=5\" target=\"_blank\" rel=\"noopener\">Route : Championnat de Bretagne \u00c9lites et Open 1 Hommes : Rappel des crit\u00e8res de s\u00e9lection<\/a>&nbsp;&nbsp;Comit\u00e9 de Bretagne de Cyclisme<\/li>\n<li><a href=\"https:\/\/news.google.com\/rss\/articles\/CBMi3gFBVV95cUxOZ08wTEhnQkIxUTBrR0xIMEc2UjV3ZnR0aDg1a3lRNnlFZDRFcmFPb2NFdGNpNzFJbDlNZDFsa3J3QmNwdURDRzJ3VVlRclpsTW8xVVdXUGlVRXlyLXhOR0NUN3RFQ1pLcFlKQ1pzVnNFN2hFQkpnRUhaZEhuWVNuTFJwbzFZQVZMVW1UWGZ5Rl8wUDk4TmJ6Mlg1aXRRbU52Rmpxa1FSMGo3aThvbnBsbmJJSl9pQjduYUp5T3UtNDVIaU9GT3JmUzlaSFV0dlBmUFhNTU1OQTZTYXhFOFE?oc=5\" target=\"_blank\" rel=\"noopener\">L\u2019Union cycliste alr\u00e9enne accueille le championnat de Bretagne \u00c9lites dimanche 8 juin<\/a>&nbsp;&nbsp;Le T\u00e9l\u00e9gramme<\/li>\n<li><a href=\"https:\/\/news.google.com\/rss\/articles\/CBMigAJBVV95cUxNZFg3X01FS3ptajFGdHp3UWM4c3BUY2c4Nk9NZERjVmVlRnpWTmhqNmhoWmlLQ3ZIdFNZVkZMRmlteDZsWnlVLTVuN3JsNkhNN2ZGcG1acXBEbGtaVGQ5Rmh0eE5qaEpRV3JkM3B6NnRMbWpHTHZXUzhKT0t1c0dRMzl0YkFyaUpEWVFkUVRDeFdKZzVWNU9NeVNCdzJickREOXJQX2pNLWFfMmFmRVYwbkpTaUJhdXZ5MVFpcFBLSVl0YUZpTXJzdTl0UWlVclB1TURrVlUzaThLSHhOcDE5UzFWYk1CVm9tMEJyQ0UwVnE2eklBY1hRSGVudXZNYThw?oc=5\" target=\"_blank\" rel=\"noopener\">Le Briecois Thibault D\u2019hervez chute \u00e0 l\u2019entra\u00eenement et d\u00e9clare forfait pour les championnats de Bretagne de cyclisme<\/a>&nbsp;&nbsp;Le T\u00e9l\u00e9gramme<\/li>\n<\/ol>\n","protected":false},"excerpt":{"rendered":"Championnat de Bretagne : Les engag\u00e9s&nbsp;&nbsp;DirectVelo Circuit, favoris, horaires\u2026 Tout ce qu\u2019il faut savoir sur les championnats de&hellip;\n","protected":false},"author":2,"featured_media":150358,"comment_status":"","ping_status":"","sticky":false,"template":"","format":"standard","meta":{"footnotes":""},"categories":[1411],"tags":[834,828,836,829,837,827,83,826,824,823,1154,207,814,817,815,816,822,821,832,211,839,1011,27,820,818,819,835,831,830,833,838,60,212,208,825],"class_list":{"0":"post-150357","1":"post","2":"type-post","3":"status-publish","4":"format-standard","5":"has-post-thumbnail","7":"category-cyclisme","8":"tag-attaque","9":"tag-belgique","10":"tag-braquet","11":"tag-bretagne","12":"tag-chute","13":"tag-competition","14":"tag-coupe-de-france","15":"tag-coureur","16":"tag-course-cyclisme","17":"tag-course-cycliste","18":"tag-cycling","19":"tag-cyclisme","20":"tag-direct","21":"tag-direct-velo","22":"tag-directvelo","23":"tag-directvelo-com","24":"tag-epreuve","25":"tag-epreuve-cycliste","26":"tag-federation-francaise-de-cyclisme","27":"tag-ffc","28":"tag-flandres","29":"tag-fr","30":"tag-france","31":"tag-live","32":"tag-live-course","33":"tag-live-epreuve","34":"tag-peloton","35":"tag-radio-peloton","36":"tag-radio-tour","37":"tag-ravitaillement","38":"tag-relance","39":"tag-sports","40":"tag-uci","41":"tag-velo","42":"tag-velos"},"share_on_mastodon":{"url":"https:\/\/pubeurope.com\/@fr\/114622688394364355","error":""},"_links":{"self":[{"href":"https:\/\/www.europesays.com\/fr\/wp-json\/wp\/v2\/posts\/150357","targetHints":{"allow":["GET"]}}],"collection":[{"href":"https:\/\/www.europesays.com\/fr\/wp-json\/wp\/v2\/posts"}],"about":[{"href":"https:\/\/www.europesays.com\/fr\/wp-json\/wp\/v2\/types\/post"}],"author":[{"embeddable":true,"href":"https:\/\/www.europesays.com\/fr\/wp-json\/wp\/v2\/users\/2"}],"replies":[{"embeddable":true,"href":"https:\/\/www.europesays.com\/fr\/wp-json\/wp\/v2\/comments?post=150357"}],"version-history":[{"count":0,"href":"https:\/\/www.europesays.com\/fr\/wp-json\/wp\/v2\/posts\/150357\/revisions"}],"wp:featuredmedia":[{"embeddable":true,"href":"https:\/\/www.europesays.com\/fr\/wp-json\/wp\/v2\/media\/150358"}],"wp:attachment":[{"href":"https:\/\/www.europesays.com\/fr\/wp-json\/wp\/v2\/media?parent=150357"}],"wp:term":[{"taxonomy":"category","embeddable":true,"href":"https:\/\/www.europesays.com\/fr\/wp-json\/wp\/v2\/categories?post=150357"},{"taxonomy":"post_tag","embeddable":true,"href":"https:\/\/www.europesays.com\/fr\/wp-json\/wp\/v2\/tags?post=150357"}],"curies":[{"name":"wp","href":"https:\/\/api.w.org\/{rel}","templated":true}]}}