{"id":150363,"date":"2025-06-04T02:18:18","date_gmt":"2025-06-04T02:18:18","guid":{"rendered":"https:\/\/www.europesays.com\/fr\/150363\/"},"modified":"2025-06-04T02:18:18","modified_gmt":"2025-06-04T02:18:18","slug":"a-deauville-les-vies-aquatiques-de-pierre-et-gilles","status":"publish","type":"post","link":"https:\/\/www.europesays.com\/fr\/150363\/","title":{"rendered":"\u00c0 Deauville, les vies aquatiques de Pierre et Gilles"},"content":{"rendered":"<p class=\"editor-content__paragraph\">Elle surgit des eaux <strong>telle une sir\u00e8ne<\/strong>, tenant fermement contre son c\u0153ur une ancre, le regard fier. Elle, c\u2019est <strong>Philom\u00e8ne<\/strong>, sainte patronne des bateliers. L\u2019histoire raconte que la jeune fille, ayant refus\u00e9 les avances de l\u2019empereur Diocl\u00e9tien, aurait \u00e9t\u00e9 jet\u00e9e dans le Tibre. Cette vierge martyre du catholicisme a rejoint <strong>le panth\u00e9on de <a href=\"https:\/\/www.beauxarts.com\/videos\/archive-video-pierre-et-gilles-en-1988-un-sacre-duo\/\" target=\"_blank\" rel=\"noopener nofollow\">Pierre et Gilles<\/a><\/strong>,\u00a0qui en 2021\u00a0lui ont consacr\u00e9 ce scintillant portrait incarn\u00e9 par la mannequin Mica Arga\u00f1araz.<\/p>\n<p class=\"editor-content__paragraph\">Acquise l\u2019ann\u00e9e suivante par les <strong>Amis des Franciscaines<\/strong>, l\u2019\u0153uvre s\u2019est depuis impos\u00e9e comme l\u2019ic\u00f4ne de la collection <a href=\"https:\/\/www.beauxarts.com\/lifestyle\/les-franciscaines-de-deauville-un-havre-de-culture\/\" target=\"_blank\" rel=\"noopener nofollow\">de ce phare culturel deauvillais<\/a> \u2013 qui abrite \u00e0 la fois une m\u00e9diath\u00e8que, un mus\u00e9e, un auditorium et des espaces d\u2019exposition temporaire. Elle a aussi fait na\u00eetre ce projet d\u2019exposition, qui <strong>retrace la carri\u00e8re du c\u00e9l\u00e8bre duo d\u2019artistes au travers du th\u00e8me marin<\/strong>, et dans laquelle sont pr\u00e9sent\u00e9es quatre \u0153uvres in\u00e9dites.<\/p>\n<p>        \u00c0 lire aussi :<br \/>\n        <a class=\"renvoi-explicite__link\" href=\"https:\/\/www.beauxarts.com\/lifestyle\/a-cote-de-deauville-deux-jours-de-performances-et-dateliers-jardinage-dans-un-grand-parc\/\" rel=\"nofollow noopener\" target=\"_blank\">\u00c0 c\u00f4t\u00e9 de Deauville, un grand week-end d\u2019art et de nature gratuit orchestr\u00e9 par la fondation Calouste Gulbenkian<\/a><\/p>\n<p>Marins d\u2019op\u00e9rette<\/p>\n<blockquote class=\"editor-content__blockquote editor-content__blockquote--align-left\">\n<p class=\"editor-content__paragraph editor-content__paragraph--is-hidden\">\u00ab\u00a0La cr\u00e9ation d\u2019une \u0153uvre commence avec le d\u00e9cor. C\u2019est \u00e0 la fois un plaisir pour nous mais aussi pour le mod\u00e8le qui prend la pose dans un v\u00e9ritable d\u00e9cor de th\u00e9\u00e2tre.\u00a0\u00bb<\/p>\n<p>            <strong>Continuez votre lecture<\/strong><\/p>\n<p>\n                et acc\u00e9dez \u00e0 Beaux Arts Magazine<br \/>et \u00e0 tous les contenus web<br \/><strong>en illimit\u00e9 \u00e0 partir de 5,75\u20ac \/ mois<\/strong>\n            <\/p>\n<p class=\"cta-abonnement__log-in\">\n        D\u00e9j\u00e0 abonn\u00e9 ?        <a data-id=\"aHR0cHM6Ly93d3cuYmVhdXhhcnRzLmNvbS9tb24tY29tcHRlLw==\">Connectez-vous<\/a>\n    <\/p>\n<p>            <img data-vllblanksrc=\"https:\/\/www.beauxarts.com\/expos\/a-deauville-les-vies-aquatiques-de-pierre-et-gilles\/1\" data-vllsrc=\"https:\/\/www.europesays.com\/fr\/wp-content\/uploads\/2025\/05\/couv-bam-492-232x300.png\" alt=\"\"\/><img data-vllblanksrc=\"https:\/\/www.beauxarts.com\/expos\/a-deauville-les-vies-aquatiques-de-pierre-et-gilles\/1\" data-vllsrc=\"https:\/\/www.europesays.com\/fr\/wp-content\/uploads\/2025\/04\/couv-bam-2025-1-232x300.png\" alt=\"\"\/>        <\/p>\n<\/blockquote>\n","protected":false},"excerpt":{"rendered":"Elle surgit des eaux telle une sir\u00e8ne, tenant fermement contre son c\u0153ur une ancre, le regard fier. Elle,&hellip;\n","protected":false},"author":2,"featured_media":150364,"comment_status":"","ping_status":"","sticky":false,"template":"","format":"standard","meta":{"footnotes":""},"categories":[1358],"tags":[1396,1348,1384,1385,1386,58,59,1011,27,27969,1756,27968],"class_list":{"0":"post-150363","1":"post","2":"type-post","3":"status-publish","4":"format-standard","5":"has-post-thumbnail","7":"category-arts-et-design","8":"tag-art-contemporain","9":"tag-arts","10":"tag-arts-and-design","11":"tag-arts-et-design","12":"tag-design","13":"tag-divertissement","14":"tag-entertainment","15":"tag-fr","16":"tag-france","17":"tag-les-franciscaines","18":"tag-photographie","19":"tag-pierre-gilles"},"share_on_mastodon":{"url":"https:\/\/pubeurope.com\/@fr\/114622700166541310","error":""},"_links":{"self":[{"href":"https:\/\/www.europesays.com\/fr\/wp-json\/wp\/v2\/posts\/150363","targetHints":{"allow":["GET"]}}],"collection":[{"href":"https:\/\/www.europesays.com\/fr\/wp-json\/wp\/v2\/posts"}],"about":[{"href":"https:\/\/www.europesays.com\/fr\/wp-json\/wp\/v2\/types\/post"}],"author":[{"embeddable":true,"href":"https:\/\/www.europesays.com\/fr\/wp-json\/wp\/v2\/users\/2"}],"replies":[{"embeddable":true,"href":"https:\/\/www.europesays.com\/fr\/wp-json\/wp\/v2\/comments?post=150363"}],"version-history":[{"count":0,"href":"https:\/\/www.europesays.com\/fr\/wp-json\/wp\/v2\/posts\/150363\/revisions"}],"wp:featuredmedia":[{"embeddable":true,"href":"https:\/\/www.europesays.com\/fr\/wp-json\/wp\/v2\/media\/150364"}],"wp:attachment":[{"href":"https:\/\/www.europesays.com\/fr\/wp-json\/wp\/v2\/media?parent=150363"}],"wp:term":[{"taxonomy":"category","embeddable":true,"href":"https:\/\/www.europesays.com\/fr\/wp-json\/wp\/v2\/categories?post=150363"},{"taxonomy":"post_tag","embeddable":true,"href":"https:\/\/www.europesays.com\/fr\/wp-json\/wp\/v2\/tags?post=150363"}],"curies":[{"name":"wp","href":"https:\/\/api.w.org\/{rel}","templated":true}]}}