{"id":150365,"date":"2025-06-04T02:19:11","date_gmt":"2025-06-04T02:19:11","guid":{"rendered":"https:\/\/www.europesays.com\/fr\/150365\/"},"modified":"2025-06-04T02:19:11","modified_gmt":"2025-06-04T02:19:11","slug":"audrieu-16e-salon-du-livre-de-la-bataille-de-normandie-dimanche-8-juin","status":"publish","type":"post","link":"https:\/\/www.europesays.com\/fr\/150365\/","title":{"rendered":"Audrieu. 16e Salon du livre de la Bataille de Normandie, dimanche 8\u00a0juin"},"content":{"rendered":"<p>Dimanche 8\u00a0juin, l\u2019association Tilly 44\u00a0organise son 16e Salon du livre de la Bataille de Normandie, au ch\u00e2teau d\u2019Audrieu. \u00ab\u00a0<strong>C\u2019est une journ\u00e9e d\u00e9di\u00e9e aux curieux, aux passionn\u00e9s d\u2019histoire et aux amoureux de livres dans un cadre empreint de m\u00e9moire<\/strong>\u00a0\u00bb, annoncent les organisateurs.<\/p>\n<p>Environ 40\u00a0auteurs seront pr\u00e9sents, de nombreux ouvrages seront pr\u00e9sent\u00e9s pour la premi\u00e8re fois et des d\u00e9dicaces sont pr\u00e9vues.<\/p>\n<p><strong>Lire aussi\u00a0:<\/strong> <a href=\"https:\/\/caen.maville.com\/actu\/actudet_-81e-anniversaire-du-debarquement.-les-parachutages-risquent-ils-d-etre-perturbes-par-le-vent-_10-6837142_actu.Htm\" target=\"_blank\" rel=\"nofollow noopener\">81e anniversaire du D\u00e9barquement. Les parachutages risquent-ils d\u2019\u00eatre perturb\u00e9s par le vent\u00a0?<\/a><\/p>\n<p>Programme<\/p>\n<p>\u00c0 10\u00a0h\u00a030 et 15\u00a0h\u00a0: visite guid\u00e9e du parc sur le th\u00e8me du ch\u00e2teau pendant la Seconde Guerre mondiale, par l\u2019association Tilly 1944. \u00c0 partir de 12\u00a0h\u00a0: le chef Samuel Gaspar propose une formule d\u00e9jeuner \u00e0 partir de 13\u00a0\u20ac. \u00c0 14\u00a0h, conf\u00e9rence Audrieu dans la bataille de Tilly-sur-Seulles, par St\u00e9phane Jacquet, auteur du livre Tilly-sur-Seulles 1944, responsable du Mus\u00e9e de la bataille de Tilly-sur-Seulles et pr\u00e9sident de l\u2019association Tilly 1944. R\u00e9servations obligatoires sur le stand de l\u2019association Tilly 1944. \u00ab\u00a0<strong>Des v\u00e9hicules militaires britanniques seront pr\u00e9sents dans le parc dont un v\u00e9hicule radio qui pr\u00e9sentera au public l\u2019activit\u00e9 des transmissions de l\u2019Arm\u00e9e Britannique en 1944\u00a0<\/strong>\u00bb, pr\u00e9cise St\u00e9phane Jacquet.<\/p>\n<p><strong>Dimanche 8\u00a0juin,<\/strong> de 9\u00a0h\u00a030 \u00e0 18\u00a0h, au ch\u00e2teau d\u2019Audrieu. Buvette et restauration sur place. Entr\u00e9e libre. Plus d\u2019infos sur www.Tilly1944.com<\/p>\n<p>\u00a0<\/p>\n","protected":false},"excerpt":{"rendered":"Dimanche 8\u00a0juin, l\u2019association Tilly 44\u00a0organise son 16e Salon du livre de la Bataille de Normandie, au ch\u00e2teau d\u2019Audrieu.&hellip;\n","protected":false},"author":2,"featured_media":150366,"comment_status":"","ping_status":"","sticky":false,"template":"","format":"standard","meta":{"footnotes":""},"categories":[1357],"tags":[27971,15765,27970,24997,1379,5492,6664,58,59,1011,27,3687,2003,1380,5161,6290],"class_list":{"0":"post-150365","1":"post","2":"type-post","3":"status-publish","4":"format-standard","5":"has-post-thumbnail","7":"category-livres","8":"tag-16e","9":"tag-15765","10":"tag-audrieu","11":"tag-bataille","12":"tag-books","13":"tag-caen","14":"tag-dimanche","15":"tag-divertissement","16":"tag-entertainment","17":"tag-fr","18":"tag-france","19":"tag-juin","20":"tag-livre","21":"tag-livres","22":"tag-normandie","23":"tag-salon"},"share_on_mastodon":{"url":"https:\/\/pubeurope.com\/@fr\/114622704107841324","error":""},"_links":{"self":[{"href":"https:\/\/www.europesays.com\/fr\/wp-json\/wp\/v2\/posts\/150365","targetHints":{"allow":["GET"]}}],"collection":[{"href":"https:\/\/www.europesays.com\/fr\/wp-json\/wp\/v2\/posts"}],"about":[{"href":"https:\/\/www.europesays.com\/fr\/wp-json\/wp\/v2\/types\/post"}],"author":[{"embeddable":true,"href":"https:\/\/www.europesays.com\/fr\/wp-json\/wp\/v2\/users\/2"}],"replies":[{"embeddable":true,"href":"https:\/\/www.europesays.com\/fr\/wp-json\/wp\/v2\/comments?post=150365"}],"version-history":[{"count":0,"href":"https:\/\/www.europesays.com\/fr\/wp-json\/wp\/v2\/posts\/150365\/revisions"}],"wp:featuredmedia":[{"embeddable":true,"href":"https:\/\/www.europesays.com\/fr\/wp-json\/wp\/v2\/media\/150366"}],"wp:attachment":[{"href":"https:\/\/www.europesays.com\/fr\/wp-json\/wp\/v2\/media?parent=150365"}],"wp:term":[{"taxonomy":"category","embeddable":true,"href":"https:\/\/www.europesays.com\/fr\/wp-json\/wp\/v2\/categories?post=150365"},{"taxonomy":"post_tag","embeddable":true,"href":"https:\/\/www.europesays.com\/fr\/wp-json\/wp\/v2\/tags?post=150365"}],"curies":[{"name":"wp","href":"https:\/\/api.w.org\/{rel}","templated":true}]}}