{"id":150380,"date":"2025-06-04T02:28:09","date_gmt":"2025-06-04T02:28:09","guid":{"rendered":"https:\/\/www.europesays.com\/fr\/150380\/"},"modified":"2025-06-04T02:28:09","modified_gmt":"2025-06-04T02:28:09","slug":"israel-accuse-le-president-syrien-detre-directement-responsable-de-deux-tirs-de-projectiles-contre-son-territoire","status":"publish","type":"post","link":"https:\/\/www.europesays.com\/fr\/150380\/","title":{"rendered":"Isra\u00ebl accuse le pr\u00e9sident syrien d\u2019\u00eatre \u00abdirectement responsable\u00bb de deux tirs de projectiles contre son territoire"},"content":{"rendered":"<p>Isra\u00ebl a ripost\u00e9 en bombardant le sud de la Syrie apr\u00e8s ces deux tirs en direction de l\u2019\u00c9tat H\u00e9breu. \u00abUne r\u00e9ponse compl\u00e8te suivra sous peu\u00bb, a assur\u00e9 le ministre de la D\u00e9fense isra\u00e9lienne.<\/p>\n<p class=\"fig-paragraph\">L\u2019arm\u00e9e isra\u00e9lienne a indiqu\u00e9 mardi 3 juin au soir avoir bombard\u00e9 le sud de la Syrie en r\u00e9ponse aux tirs de deux projectiles\u00a0<a href=\"https:\/\/www.lefigaro.fr\/international\/israel-deploie-des-renforts-le-long-de-sa-frontiere-avec-la-syrie-20241208?msockid=1f5ab7783a426ee5250da2873b336f6a\" target=\"_blank\" data-fig-type=\"Article\" rel=\"noopener\" data-gtm-custom-categorie=\"navigation\" data-gtm-custom-action=\"crossclick\" data-gtm-custom-label=\"Contextuel\" data-gtm-event=\"customEventSPE\" data-fig-domain=\"LEFIGARO\">vers le territoire isra\u00e9lien<\/a>. Tsahal a pr\u00e9cis\u00e9 que son aviation avait \u00abfrapp\u00e9 des armes appartenant au r\u00e9gime syrien dans la r\u00e9gion du sud de la Syrie\u00bb. \u00abLe r\u00e9gime syrien est responsable de la situation actuelle en Syrie et continuera d\u2019en subir les cons\u00e9quences tant que des activit\u00e9s hostiles \u00e9maneront de son territoire\u00bb, ajoute le communiqu\u00e9 de l\u2019arm\u00e9e publi\u00e9 sur son compte Telegram. L\u2019agence de presse officielle syrienne SANA a fait \u00e9tat de tirs d\u2019obus \u00abvisant le bassin de Yarmouk, \u00e0 l\u2019ouest de la province de Deraa\u00bb.<\/p>\n<p class=\"fig-paragraph\">\u00abDe violentes explosions ont secou\u00e9 le sud de la Syrie, notamment la ville de Quneitra et la r\u00e9gion de Deraa, \u00e0 la suite de frappes a\u00e9riennes isra\u00e9liennes\u00bb, a d\u00e9clar\u00e9 l\u2019Observatoire syrien des droits de l\u2019Homme (OSDH), sans faire \u00e9tat de victimes. L\u2019ONG a ajout\u00e9 que de nombreux drones survolaient la r\u00e9gion. L\u2019arm\u00e9e isra\u00e9lienne a ajout\u00e9 que le tir des projectiles avait d\u00e9clench\u00e9 des sir\u00e8nes d\u2019alerte dans le sud du plateau du Golan, territoire conquis par Isra\u00ebl en 1967 et annex\u00e9 en 1981. Le ministre de la D\u00e9fense Isra\u00ebl Katz a estim\u00e9 que le pr\u00e9sident syrien\u00a0<a href=\"https:\/\/www.lefigaro.fr\/international\/syrie-apres-des-violences-inedites-ahmad-al-chareh-appelle-a-l-unite-20250309?msockid=1f5ab7783a426ee5250da2873b336f6a\" target=\"_blank\" data-fig-type=\"NewsFlash\" rel=\"noopener\" data-gtm-custom-categorie=\"navigation\" data-gtm-custom-action=\"crossclick\" data-gtm-custom-label=\"Contextuel\" data-gtm-event=\"customEventSPE\" data-fig-domain=\"LEFIGARO\">Ahmad al-Chareh<\/a>\u00a0\u00e9tait \u00abdirectement responsable de toute menace ou de tout tir dirig\u00e9 contre l\u2019\u00c9tat d\u2019Isra\u00ebl\u00bb, dans un communiqu\u00e9 de son bureau. \u00abUne r\u00e9ponse compl\u00e8te suivra sous peu\u00bb, a ajout\u00e9 Isra\u00ebl Katz.<\/p>\n<p>Premiers tirs depuis la chute de Bachar al-Assad<\/p>\n<p class=\"fig-paragraph\">Selon des m\u00e9dias isra\u00e9liens, les projectiles tir\u00e9s mardi \u00e9taient les premiers lanc\u00e9s depuis la Syrie vers le territoire isra\u00e9lien depuis la chute en d\u00e9cembre du pr\u00e9sident Bachar al-Assad, au pouvoir pendant pr\u00e8s d\u2019un demi-si\u00e8cle. Apr\u00e8s son renversement par une coalition de rebelles islamistes, Isra\u00ebl a d\u00e9plac\u00e9 ses forces dans la zone d\u00e9militaris\u00e9e contr\u00f4l\u00e9e par les Nations unies sur les hauteurs du Golan et men\u00e9 des centaines de frappes contre des cibles militaires en Syrie. Isra\u00ebl affirme que ses frappes visent \u00e0 emp\u00eacher que certaines armes ne se retrouvent entre les mains des nouvelles autorit\u00e9s syriennes, qu\u2019il consid\u00e8re comme des jihadistes.<\/p>\n<p class=\"fig-paragraph\">Dans un communiqu\u00e9 publi\u00e9 dimanche, l\u2019arm\u00e9e isra\u00e9lienne a d\u00e9clar\u00e9 poursuivre ses \u00abop\u00e9rations d\u00e9fensives dans le sud de la Syrie\u00bb, afin de \u00abd\u00e9manteler les infrastructures terroristes et de prot\u00e9ger les habitants du plateau du Golan\u00bb. La Syrie et Isra\u00ebl sont techniquement en guerre depuis 1948.<\/p>\n","protected":false},"excerpt":{"rendered":"Isra\u00ebl a ripost\u00e9 en bombardant le sud de la Syrie apr\u00e8s ces deux tirs en direction de l\u2019\u00c9tat&hellip;\n","protected":false},"author":2,"featured_media":150381,"comment_status":"","ping_status":"","sticky":false,"template":"","format":"standard","meta":{"footnotes":""},"categories":[5],"tags":[1111,47,11,1109,1112,118,1108,107,1106,1107,1011,27,1110,1114,14,664,12,1113,316,32,28],"class_list":{"0":"post-150380","1":"post","2":"type-post","3":"status-publish","4":"format-standard","5":"has-post-thumbnail","7":"category-international","8":"tag-actu","9":"tag-actualite","10":"tag-actualites","11":"tag-breves","12":"tag-depeches","13":"tag-faits-divers","14":"tag-fil","15":"tag-fil-info","16":"tag-flash","17":"tag-flash-actu","18":"tag-fr","19":"tag-france","20":"tag-informations","21":"tag-infos","22":"tag-international","23":"tag-israel","24":"tag-news","25":"tag-nouvelles","26":"tag-politique","27":"tag-syrie","28":"tag-world"},"share_on_mastodon":{"url":"https:\/\/pubeurope.com\/@fr\/114622739440694108","error":""},"_links":{"self":[{"href":"https:\/\/www.europesays.com\/fr\/wp-json\/wp\/v2\/posts\/150380","targetHints":{"allow":["GET"]}}],"collection":[{"href":"https:\/\/www.europesays.com\/fr\/wp-json\/wp\/v2\/posts"}],"about":[{"href":"https:\/\/www.europesays.com\/fr\/wp-json\/wp\/v2\/types\/post"}],"author":[{"embeddable":true,"href":"https:\/\/www.europesays.com\/fr\/wp-json\/wp\/v2\/users\/2"}],"replies":[{"embeddable":true,"href":"https:\/\/www.europesays.com\/fr\/wp-json\/wp\/v2\/comments?post=150380"}],"version-history":[{"count":0,"href":"https:\/\/www.europesays.com\/fr\/wp-json\/wp\/v2\/posts\/150380\/revisions"}],"wp:featuredmedia":[{"embeddable":true,"href":"https:\/\/www.europesays.com\/fr\/wp-json\/wp\/v2\/media\/150381"}],"wp:attachment":[{"href":"https:\/\/www.europesays.com\/fr\/wp-json\/wp\/v2\/media?parent=150380"}],"wp:term":[{"taxonomy":"category","embeddable":true,"href":"https:\/\/www.europesays.com\/fr\/wp-json\/wp\/v2\/categories?post=150380"},{"taxonomy":"post_tag","embeddable":true,"href":"https:\/\/www.europesays.com\/fr\/wp-json\/wp\/v2\/tags?post=150380"}],"curies":[{"name":"wp","href":"https:\/\/api.w.org\/{rel}","templated":true}]}}