{"id":150391,"date":"2025-06-04T02:34:25","date_gmt":"2025-06-04T02:34:25","guid":{"rendered":"https:\/\/www.europesays.com\/fr\/150391\/"},"modified":"2025-06-04T02:34:25","modified_gmt":"2025-06-04T02:34:25","slug":"aurore-berge-agnes-buzyn-roselyne-bachelot-une-trentaine-de-personnalites-presentes-a-nancy-en-juin","status":"publish","type":"post","link":"https:\/\/www.europesays.com\/fr\/150391\/","title":{"rendered":"Aurore Berg\u00e9, Agn\u00e8s Buzyn, Roselyne Bachelot\u2026 Une trentaine de personnalit\u00e9s pr\u00e9sentes \u00e0 Nancy en juin"},"content":{"rendered":"<p>Apr\u00e8s le succ\u00e8s de la premi\u00e8re \u00e9dition en 2023, le think thank Terra Nova et la Ville de <a href=\"https:\/\/www.lasemaine.fr\/lieu\/nancy\/\" data-slug=\"nancy\" data-name=\"Nancy\" data-type=\"location\" data-id=\"5697\" target=\"_blank\" rel=\"noopener\">Nancy<\/a> s\u2019associent \u00e0 nouveau pour un moment d\u2019\u00e9changes et d\u2019ateliers autour du th\u00e8me \u00ab\u00a0Sciences et d\u00e9mocratie\u00a0: m\u00eames combats\u00a0\u00bb, les 5, 6 et 7\u00a0juin prochains dans le cadre de l\u2019\u00e9v\u00e9nement \u00ab\u00a0Place(s) de la d\u00e9mocratie\u00a0\u00bb.<\/p>\n<p>Un th\u00e8me qui fait particuli\u00e8rement \u00e9cho \u00e0 l\u2019actualit\u00e9 internationale, \u00ab\u00a0notamment avec ce qui se passe aux \u00c9tats-Unis avec les coupes budg\u00e9taires qui touchent les universit\u00e9s, les nouvelles r\u00e9glementations sur les travaux de recherche, la fuite des cerveaux,\u00a0etc.\u00a0\u00bb, souligne Justin D\u00e9robert, responsable de la communication pour Terra Nova.<\/p>\n<p>Tables rondes et ateliers<\/p>\n<p>Pendant trois jours, des rendez-vous se tiendront dans diff\u00e9rents lieux de la cit\u00e9 ducale (<a href=\"https:\/\/www.lasemaine.fr\/societe\/la-place-stanislas-sans-voiture-cetait-il-y-a-20-ans-jour-pour-jour-a-nancy\/\" data-type=\"post\" data-id=\"385135\" target=\"_blank\" rel=\"noopener\">place Stanislas<\/a>, <a href=\"https:\/\/www.lasemaine.fr\/culture\/museum-aquarium-lautre-star-des-musees-de-lorraine-apres-pompidou-metz\/\" data-type=\"post\" data-id=\"385001\" target=\"_blank\" rel=\"noopener\">mus\u00e9um-aquarium<\/a>, Op\u00e9ra national de Nancy-Lorraine et \u00e0 l\u2019h\u00f4tel de ville). <a href=\"https:\/\/www.lasemaine.fr\/politique\/aurore-berge-je-me-bats-pour-une-republique-fidele-a-ses-valeurs\/\" data-type=\"post\" data-id=\"366119\" target=\"_blank\" rel=\"noopener\">Aurore Berg\u00e9<\/a>, Agn\u00e8s Buzyn, Najat Vallaud-Belkacem, Patrick Cohen, Roselyne Bachelot, G\u00e9rald Bronner, \u00c9tienne Klein, Brune Poirson\u2026 Mais aussi d\u2019autres personnalit\u00e9s locales comme le directeur du CHRU de Nancy, des chercheurs, des journalistes\u2026 Plus d\u2019une trentaine d\u2019intervenants participeront \u00e0 des tables rondes et ateliers et d\u00e9battront autour de sujets comme \u00ab\u00a0La science survivra-t-elle \u00e0 la post-v\u00e9rit\u00e9\u00a0?\u00a0\u00bb, \u00ab\u00a0Va-t-on faire taire les sciences du climat\u00a0?\u00a0\u00bb ou \u00ab\u00a0Le citoyen est-il le chercheur du futur\u00a0?\u00a0\u00bb\u2026 Chaque \u00e9change sera suivi d\u2019un temps de questions du public.<\/p>\n<p>Ce qui se passe en Meurthe-et-Moselle<\/p>\n<p>Des ateliers participatifs seront \u00e9galement propos\u00e9s au cours desquels les participants prendront la place des d\u00e9cideurs sur des th\u00e9matiques comme \u00ab\u00a0Et si vous changiez d\u2019avis sur le Dry January\u00a0?\u00a0\u00bb ou \u00ab\u00a0Fake news, g\u00e9rez une communication de crise\u00a0\u00bb. V\u00e9ritable exercice d\u2019intelligence collective, les participants seront plong\u00e9s dans le processus de d\u00e9cision public, accompagn\u00e9s par celles et ceux qui l\u2019ont v\u00e9cu de l\u2019int\u00e9rieur, comme Isabelle Jourdan, ex-conseill\u00e8re en communication au minist\u00e8re de la Sant\u00e9, ou encore Anne Beinier, ancienne conseill\u00e8re parlementaire. L\u2019ensemble des tables rondes et ateliers \u00e9tant compl\u00e8tement gratuits, il est n\u00e9cessaire de <a href=\"https:\/\/places-democratie.jenparle.net\/pages\/inscriptions\" target=\"_blank\" rel=\"noopener\">s\u2019inscrire pr\u00e9alablement<\/a> en ligne pour des raisons de jauges d\u2019accueil.<\/p>\n<p>Le <a href=\"https:\/\/www.nancy.fr\/actualites\/detail-actualites\/places-de-la-democratie-deuxieme-edition-les-5-6-et-7-juin\" target=\"_blank\" rel=\"noopener\">programme complet et d\u00e9taill\u00e9<\/a> est disponible en ligne, sur le site de la ville de Nancy.<\/p>\n","protected":false},"excerpt":{"rendered":"Apr\u00e8s le succ\u00e8s de la premi\u00e8re \u00e9dition en 2023, le think thank Terra Nova et la Ville de&hellip;\n","protected":false},"author":2,"featured_media":150392,"comment_status":"","ping_status":"","sticky":false,"template":"","format":"standard","meta":{"footnotes":""},"categories":[9635],"tags":[1111,11,1777,674,1011,27,775,1702,12,25],"class_list":{"0":"post-150391","1":"post","2":"type-post","3":"status-publish","4":"format-standard","5":"has-post-thumbnail","7":"category-nancy","8":"tag-actu","9":"tag-actualites","10":"tag-eu","11":"tag-europe","12":"tag-fr","13":"tag-france","14":"tag-grand-est","15":"tag-nancy","16":"tag-news","17":"tag-republique-francaise"},"share_on_mastodon":{"url":"https:\/\/pubeurope.com\/@fr\/114622763046040397","error":""},"_links":{"self":[{"href":"https:\/\/www.europesays.com\/fr\/wp-json\/wp\/v2\/posts\/150391","targetHints":{"allow":["GET"]}}],"collection":[{"href":"https:\/\/www.europesays.com\/fr\/wp-json\/wp\/v2\/posts"}],"about":[{"href":"https:\/\/www.europesays.com\/fr\/wp-json\/wp\/v2\/types\/post"}],"author":[{"embeddable":true,"href":"https:\/\/www.europesays.com\/fr\/wp-json\/wp\/v2\/users\/2"}],"replies":[{"embeddable":true,"href":"https:\/\/www.europesays.com\/fr\/wp-json\/wp\/v2\/comments?post=150391"}],"version-history":[{"count":0,"href":"https:\/\/www.europesays.com\/fr\/wp-json\/wp\/v2\/posts\/150391\/revisions"}],"wp:featuredmedia":[{"embeddable":true,"href":"https:\/\/www.europesays.com\/fr\/wp-json\/wp\/v2\/media\/150392"}],"wp:attachment":[{"href":"https:\/\/www.europesays.com\/fr\/wp-json\/wp\/v2\/media?parent=150391"}],"wp:term":[{"taxonomy":"category","embeddable":true,"href":"https:\/\/www.europesays.com\/fr\/wp-json\/wp\/v2\/categories?post=150391"},{"taxonomy":"post_tag","embeddable":true,"href":"https:\/\/www.europesays.com\/fr\/wp-json\/wp\/v2\/tags?post=150391"}],"curies":[{"name":"wp","href":"https:\/\/api.w.org\/{rel}","templated":true}]}}