{"id":150395,"date":"2025-06-04T02:37:15","date_gmt":"2025-06-04T02:37:15","guid":{"rendered":"https:\/\/www.europesays.com\/fr\/150395\/"},"modified":"2025-06-04T02:37:15","modified_gmt":"2025-06-04T02:37:15","slug":"mobilisation-prevue-devant-la-prefecture-contre-les-violences-du-bloc-montpellierain","status":"publish","type":"post","link":"https:\/\/www.europesays.com\/fr\/150395\/","title":{"rendered":"mobilisation pr\u00e9vue devant la pr\u00e9fecture contre les violences du \u00ab\u00a0Bloc montpelli\u00e9rain\u00a0\u00bb"},"content":{"rendered":"<p>            Par<br \/>\n        <strong><br \/>\n            <a href=\"https:\/\/actu.fr\/auteur\/metropoop\" title=\"Consulter tous les articles de R\u00e9daction M\u00e9tropolitain\" target=\"_blank\" rel=\"noopener\">R\u00e9daction M\u00e9tropolitain<\/a><br \/>\n        <\/strong><\/p>\n<p>        Publi\u00e9 le<\/p>\n<p>            3 juin 2025 \u00e0 11h31        <\/p>\n<p><strong>Ce mercredi 4 juin 2025<\/strong> \u00e0 19h, le Parti Communiste Fran\u00e7ais organise un rassemblement devant la pr\u00e9fecture de Montpellier, place du March\u00e9 aux Fleurs. L\u2019appel \u00e9mane de la F\u00e9d\u00e9ration de l\u2019H\u00e9rault. Il vise \u00e0 d\u00e9noncer <a href=\"https:\/\/actu.fr\/occitanie\/ales_30007\/gard-feria-d-ales-des-extremistes-du-bloc-de-montpellier-agressent-violemment-les-clients-d-un-bar_62712083.html\" target=\"_blank\" rel=\"noopener\">une attaque violente survenue quelques jours plus t\u00f4t \u00e0 Al\u00e8s<\/a>, mais aussi \u00e0 exiger la dissolution du groupe \u00ab\u00a0Bloc montpelli\u00e9rain\u00a0\u00bb, d\u00e9sign\u00e9 comme responsable. \u00ab\u00a0Le PCF 34 appelle tous les r\u00e9publicains \u00e0 se retrouver [\u2026] pour exiger la dissolution du Bloc montpelli\u00e9rain et en solidarit\u00e9 avec nos camarades al\u00e9siens\u00a0\u00bb, indique le communiqu\u00e9.<\/p>\n<p>    <a href=\"https:\/\/www.google.com\/maps\/embed?pb=!1m18!1m12!1m3!1d23107.5821968434!2d3.8750853999999997!3d43.61803845!2m3!1f0!2f0!3f0!3m2!1i1024!2i768!4f13.1!3m3!1m2!1s0x12b6af080531380d%3A0x16f4e099bfadb150!2sPr%C3%A9fecture%20de%20l%27H%C3%A9rault!5e0!3m2!1sen!2sfr!4v1748897005046!5m2!1sen!2sfr\" title=\"Ouvrie le lien\" target=\"_blank\" rel=\"noopener\">Cliquez ici pour visualiser le contenu<\/a><\/p>\n<p class=\" wall-content\">Le 31 mai dernier, en marge de la F\u00e9ria d\u2019Al\u00e8s, plusieurs individus ont attaqu\u00e9 des militants r\u00e9unis au Prol\u00e9 d\u2019Al\u00e8s, un bar associatif. Le PCF parle d\u2019un \u00ab\u00a0v\u00e9ritable assaut\u00a0\u00bb et \u00e9voque une \u00ab\u00a0brutalit\u00e9\u00a0\u00bb extr\u00eame. Plusieurs bless\u00e9s ont \u00e9t\u00e9 recens\u00e9s.\u00a0<\/p>\n<p>Une attaque attribu\u00e9e \u00e0 un groupe d\u2019extr\u00eame-droite<\/p>\n<p class=\" wall-content\">Dans son communiqu\u00e9, le PCF de l\u2019H\u00e9rault pointe clairement du doigt le \u00ab\u00a0Bloc montpelli\u00e9rain\u00a0\u00bb, un groupuscule n\u00e9o-nazi actif dans la r\u00e9gion. \u00ab\u00a0Les militants ont \u00e9t\u00e9 reconnus \u00e0 Al\u00e8s. Nous appelons le ministre de l\u2019Int\u00e9rieur \u00e0 r\u00e9agir de toute urgence face \u00e0 la gravit\u00e9 de ces faits. \u00c0 commencer par la dissolution du Bloc montpelli\u00e9rain. Ce n\u2019est pas la premi\u00e8re fois cette ann\u00e9e que des groupuscules d\u2019extr\u00eame-droite s\u2019en prennent \u00e0 des locaux ou \u00e0 des militants du Parti communiste fran\u00e7ais.\u00a0\u00bb\u00a0<\/p>\n<p class=\" wall-content\">Face \u00e0 ce qu\u2019il consid\u00e8re comme une menace croissante, le Parti Communiste affirme maintenir sa position. \u00ab\u00a0Le Parti communiste, dans toute son histoire, ne s\u2019est jamais laiss\u00e9 intimider par la violence\u00a0\u00bb, rappelle le communiqu\u00e9. Il ajoute : \u00ab\u00a0Ni l\u2019extr\u00eame-droite, ni la violence ne nous intimideront.\u00a0\u00bb<\/p>\n<p>Vid\u00e9os : en ce moment sur Actu<\/p>\n<p class=\" wall-content\">Suivez toute l\u2019actualit\u00e9 de vos villes et m\u00e9dias favoris en vous inscrivant \u00e0 <a href=\"https:\/\/moncompte.actu.fr\" title=\"D\u00e9couvez Mon Actu\" rel=\"nofollow noopener\" data-trk=\"{&quot;cta&quot;:{&quot;action&quot;:&quot;https:\\\/\\\/moncompte.actu.fr&quot;,&quot;category&quot;:&quot;mon compte&quot;,&quot;from&quot;:&quot;article footer&quot;,&quot;name&quot;:&quot;Mon actu&quot;,&quot;type&quot;:&quot;cta&quot;}}\" target=\"_blank\">Mon Actu<\/a>.<\/p>\n<ul class=\"ac-article-tag wall-content\">\n<li><a href=\"https:\/\/actu.fr\/tag\/parti-communiste-pcf\" data-trk=\"{&quot;cta&quot;:{&quot;action&quot;:&quot;Parti communiste (PCF)&quot;,&quot;category&quot;:&quot;tag&quot;,&quot;from&quot;:&quot;article footer&quot;,&quot;name&quot;:&quot;Parti communiste (PCF)&quot;,&quot;type&quot;:&quot;cta&quot;}}\" target=\"_blank\" rel=\"noopener\">#Parti communiste (PCF)<\/a><\/li>\n<li><a href=\"https:\/\/actu.fr\/tag\/violences-urbaines\" data-trk=\"{&quot;cta&quot;:{&quot;action&quot;:&quot;Violences urbaines&quot;,&quot;category&quot;:&quot;tag&quot;,&quot;from&quot;:&quot;article footer&quot;,&quot;name&quot;:&quot;Violences urbaines&quot;,&quot;type&quot;:&quot;cta&quot;}}\" target=\"_blank\" rel=\"noopener\">#Violences urbaines<\/a><\/li>\n<\/ul>\n","protected":false},"excerpt":{"rendered":"Par R\u00e9daction M\u00e9tropolitain Publi\u00e9 le 3 juin 2025 \u00e0 11h31 Ce mercredi 4 juin 2025 \u00e0 19h, le&hellip;\n","protected":false},"author":2,"featured_media":150396,"comment_status":"","ping_status":"","sticky":false,"template":"","format":"standard","meta":{"footnotes":""},"categories":[9599],"tags":[1111,11,1777,674,1011,27,2208,12,2680,5989,25,104,7501],"class_list":{"0":"post-150395","1":"post","2":"type-post","3":"status-publish","4":"format-standard","5":"has-post-thumbnail","7":"category-montpellier","8":"tag-actu","9":"tag-actualites","10":"tag-eu","11":"tag-europe","12":"tag-fr","13":"tag-france","14":"tag-montpellier","15":"tag-news","16":"tag-occitanie","17":"tag-parti-communiste-pcf","18":"tag-republique-francaise","19":"tag-societe","20":"tag-violences-urbaines"},"share_on_mastodon":{"url":"https:\/\/pubeurope.com\/@fr\/114622774870924015","error":""},"_links":{"self":[{"href":"https:\/\/www.europesays.com\/fr\/wp-json\/wp\/v2\/posts\/150395","targetHints":{"allow":["GET"]}}],"collection":[{"href":"https:\/\/www.europesays.com\/fr\/wp-json\/wp\/v2\/posts"}],"about":[{"href":"https:\/\/www.europesays.com\/fr\/wp-json\/wp\/v2\/types\/post"}],"author":[{"embeddable":true,"href":"https:\/\/www.europesays.com\/fr\/wp-json\/wp\/v2\/users\/2"}],"replies":[{"embeddable":true,"href":"https:\/\/www.europesays.com\/fr\/wp-json\/wp\/v2\/comments?post=150395"}],"version-history":[{"count":0,"href":"https:\/\/www.europesays.com\/fr\/wp-json\/wp\/v2\/posts\/150395\/revisions"}],"wp:featuredmedia":[{"embeddable":true,"href":"https:\/\/www.europesays.com\/fr\/wp-json\/wp\/v2\/media\/150396"}],"wp:attachment":[{"href":"https:\/\/www.europesays.com\/fr\/wp-json\/wp\/v2\/media?parent=150395"}],"wp:term":[{"taxonomy":"category","embeddable":true,"href":"https:\/\/www.europesays.com\/fr\/wp-json\/wp\/v2\/categories?post=150395"},{"taxonomy":"post_tag","embeddable":true,"href":"https:\/\/www.europesays.com\/fr\/wp-json\/wp\/v2\/tags?post=150395"}],"curies":[{"name":"wp","href":"https:\/\/api.w.org\/{rel}","templated":true}]}}