{"id":150399,"date":"2025-06-04T02:40:40","date_gmt":"2025-06-04T02:40:40","guid":{"rendered":"https:\/\/www.europesays.com\/fr\/150399\/"},"modified":"2025-06-04T02:40:40","modified_gmt":"2025-06-04T02:40:40","slug":"il-avait-brandi-un-couteau-en-classe-au-lycee-claude-monet-au-havre-le-professeur-relaxe","status":"publish","type":"post","link":"https:\/\/www.europesays.com\/fr\/150399\/","title":{"rendered":"Il avait brandi un couteau en classe au lyc\u00e9e Claude-Monet au Havre : le professeur relax\u00e9"},"content":{"rendered":"<p>            Par<br \/>\n        <strong><br \/>\n            <a href=\"https:\/\/actu.fr\/auteur\/louise-boutard\" title=\"Consulter tous les articles de Louise Boutard\" rel=\"nofollow noopener\" target=\"_blank\">Louise Boutard<\/a><br \/>\n        <\/strong><\/p>\n<p>        Publi\u00e9 le<\/p>\n<p>            3 juin 2025 \u00e0 11h41        <\/p>\n<p>Apr\u00e8s plusieurs \u00e9pisodes judiciaires, la <strong>cour d\u2019appel de Rouen<\/strong> a prononc\u00e9 la relaxe \u00e0 l\u2019encontre du professeur du Havre pour les violences avec arme devant ses \u00e9l\u00e8ves du lyc\u00e9e Claude-Monet, le 21 octobre 2023.\u00a0Il avait <a href=\"https:\/\/actu.fr\/normandie\/rouen_76540\/condamne-le-professeur-qui-avait-pete-un-plomb-et-sorti-un-couteau-au-havre-demande-sa-relaxe_62596019.html\" rel=\"nofollow noopener\" target=\"_blank\">fait appel de sa condamnation<\/a> en avril 2024.\u00a0<\/p>\n<p class=\" wall-content\">Cette fois,<strong> aucune interdiction d\u2019enseigner<\/strong> n\u2019a \u00e9t\u00e9 prononc\u00e9e. Uniquement une amende \u00e0 hauteur de <strong>500\u00a0euros avec sursis pour port ill\u00e9gitime d\u2019arme<\/strong>, accompagn\u00e9 d\u2019une interdiction de 5\u00a0ans de port d\u2019arme.<\/p>\n<p>\u00ab\u2009Il n\u2019y a eu aucune violence contre les \u00e9l\u00e8ves\u2009\u00bb<\/p>\n<p class=\" wall-content\">\u00ab\u2009La Justice a compris que c\u2019\u00e9tait avant tout un enseignant qui \u00e9tait tr\u00e8s mal \u00e0 ce moment-l\u00e0, qui a d\u00e9compens\u00e9 devant eux\u2009\u00bb, d\u00e9clare \u00e0 76actu son avocat Me Antoine Siffert. \u00ab\u2009Il n\u2019y a eu aucune violence contre les \u00e9l\u00e8ves. Les familles ne s\u2019\u00e9taient d\u2019ailleurs pas constitu\u00e9es partie civile et n\u2019avaient pas demand\u00e9 de dommages et int\u00e9r\u00eats autres que du soin.\u2009\u00bb<\/p>\n<p class=\" wall-content\">Les \u00e9l\u00e8ves, pr\u00e9sents \u00e0 la premi\u00e8re instance n\u2019avaient pas assist\u00e9 \u00e0 l\u2019audience de la cour d\u2019appel.<\/p>\n<p class=\" wall-content\">Les faits remontent donc <a href=\"https:\/\/actu.fr\/normandie\/le-havre_76351\/petage-de-plomb-le-professeur-du-havre-qui-avait-sorti-un-couteau-en-classe-reconnu-coupable_60971940.html\" rel=\"nofollow noopener\" target=\"_blank\">\u00a0au mois d\u2019octobre\u00a02023,<\/a> au lyc\u00e9e Claude-Monet du\u00a0Havre. Quelques jours apr\u00e8s l\u2019assassinat du professeur Dominique Bernard \u00e0 Arras. L<strong>\u2019enseignant du\u00a0Havre avait sorti un couteau Opinel<\/strong> lors d\u2019explications sur son cours d\u2019histoire devant une classe de Premi\u00e8re, <a href=\"https:\/\/actu.fr\/normandie\/le-havre_76351\/au-havre-un-professeur-sort-un-couteau-en-plein-cours-et-menace-les-eleves_60251707.html\" rel=\"nofollow noopener\" target=\"_blank\">accompagn\u00e9s de propos v\u00e9h\u00e9ments.<\/a> Quatre familles avaient port\u00e9 plainte \u00e0 la suite de l\u2019incident.<\/p>\n<p class=\" wall-content\">Son avocat avait ainsi plaid\u00e9 en faveur d\u2019un \u00ab\u2009<strong>p\u00e9tage de plombs<\/strong>\u2009\u00bb, rappelant que \u00ab\u2009depuis longtemps, la communaut\u00e9 \u00e9ducative sait qu\u2019il ne va pas bien, on le laisse p\u00e9daler dans le vide\u2009\u00bb.<\/p>\n<p>Vid\u00e9os : en ce moment sur Actu<\/p>\n<p class=\" wall-content\">En premi\u00e8re instance en avril\u00a02024, l\u2019homme de 53\u00a0ans avait \u00e9t\u00e9 condamn\u00e9 \u00e0 6\u00a0mois de prison avec sursis pour violences psychologiques et trois ans d\u2019interdiction d\u2019enseigner.<\/p>\n<p>Suivez l\u2019actualit\u00e9 du\u00a0Havre et de Rouen sur <a href=\"https:\/\/www.whatsapp.com\/channel\/0029VaKfnf99hXF2ddApFB1D\" rel=\"nofollow noopener\" target=\"_blank\">nos cha\u00eenes WhatsApp<\/a> et sur <a href=\"https:\/\/www.tiktok.com\/@76actu.fr?lang=fr\" rel=\"nofollow noopener\" target=\"_blank\">nos comptes TikTok<\/a><\/p>\n<p class=\" wall-content\">Suivez toute l\u2019actualit\u00e9 de vos villes et m\u00e9dias favoris en vous inscrivant \u00e0 <a href=\"https:\/\/moncompte.actu.fr\" title=\"D\u00e9couvez Mon Actu\" rel=\"nofollow noopener\" data-trk=\"{&quot;cta&quot;:{&quot;action&quot;:&quot;https:\\\/\\\/moncompte.actu.fr&quot;,&quot;category&quot;:&quot;mon compte&quot;,&quot;from&quot;:&quot;article footer&quot;,&quot;name&quot;:&quot;Mon actu&quot;,&quot;type&quot;:&quot;cta&quot;}}\" target=\"_blank\">Mon Actu<\/a>.<\/p>\n<ul class=\"ac-article-tag wall-content\">\n<li><a href=\"https:\/\/actu.fr\/tag\/justice\" data-trk=\"{&quot;cta&quot;:{&quot;action&quot;:&quot;Justice&quot;,&quot;category&quot;:&quot;tag&quot;,&quot;from&quot;:&quot;article footer&quot;,&quot;name&quot;:&quot;Justice&quot;,&quot;type&quot;:&quot;cta&quot;}}\" rel=\"nofollow noopener\" target=\"_blank\">#Justice<\/a><\/li>\n<li><a href=\"https:\/\/actu.fr\/tag\/tribunal-de-rouen\" data-trk=\"{&quot;cta&quot;:{&quot;action&quot;:&quot;Tribunal de Rouen&quot;,&quot;category&quot;:&quot;tag&quot;,&quot;from&quot;:&quot;article footer&quot;,&quot;name&quot;:&quot;Tribunal de Rouen&quot;,&quot;type&quot;:&quot;cta&quot;}}\" rel=\"nofollow noopener\" target=\"_blank\">#Tribunal de Rouen<\/a><\/li>\n<\/ul>\n<p>                    <script async src=\"\/\/www.tiktok.com\/embed.js\"><\/script><\/p>\n","protected":false},"excerpt":{"rendered":"Par Louise Boutard Publi\u00e9 le 3 juin 2025 \u00e0 11h41 Apr\u00e8s plusieurs \u00e9pisodes judiciaires, la cour d\u2019appel de&hellip;\n","protected":false},"author":2,"featured_media":150400,"comment_status":"","ping_status":"","sticky":false,"template":"","format":"standard","meta":{"footnotes":""},"categories":[9587],"tags":[1111,11,1777,674,1011,27,303,12,5161,25,9590,104,13682],"class_list":{"0":"post-150399","1":"post","2":"type-post","3":"status-publish","4":"format-standard","5":"has-post-thumbnail","7":"category-rouen","8":"tag-actu","9":"tag-actualites","10":"tag-eu","11":"tag-europe","12":"tag-fr","13":"tag-france","14":"tag-justice","15":"tag-news","16":"tag-normandie","17":"tag-republique-francaise","18":"tag-rouen","19":"tag-societe","20":"tag-tribunal-de-rouen"},"share_on_mastodon":{"url":"https:\/\/pubeurope.com\/@fr\/114622786642777943","error":""},"_links":{"self":[{"href":"https:\/\/www.europesays.com\/fr\/wp-json\/wp\/v2\/posts\/150399","targetHints":{"allow":["GET"]}}],"collection":[{"href":"https:\/\/www.europesays.com\/fr\/wp-json\/wp\/v2\/posts"}],"about":[{"href":"https:\/\/www.europesays.com\/fr\/wp-json\/wp\/v2\/types\/post"}],"author":[{"embeddable":true,"href":"https:\/\/www.europesays.com\/fr\/wp-json\/wp\/v2\/users\/2"}],"replies":[{"embeddable":true,"href":"https:\/\/www.europesays.com\/fr\/wp-json\/wp\/v2\/comments?post=150399"}],"version-history":[{"count":0,"href":"https:\/\/www.europesays.com\/fr\/wp-json\/wp\/v2\/posts\/150399\/revisions"}],"wp:featuredmedia":[{"embeddable":true,"href":"https:\/\/www.europesays.com\/fr\/wp-json\/wp\/v2\/media\/150400"}],"wp:attachment":[{"href":"https:\/\/www.europesays.com\/fr\/wp-json\/wp\/v2\/media?parent=150399"}],"wp:term":[{"taxonomy":"category","embeddable":true,"href":"https:\/\/www.europesays.com\/fr\/wp-json\/wp\/v2\/categories?post=150399"},{"taxonomy":"post_tag","embeddable":true,"href":"https:\/\/www.europesays.com\/fr\/wp-json\/wp\/v2\/tags?post=150399"}],"curies":[{"name":"wp","href":"https:\/\/api.w.org\/{rel}","templated":true}]}}