{"id":150408,"date":"2025-06-04T02:48:12","date_gmt":"2025-06-04T02:48:12","guid":{"rendered":"https:\/\/www.europesays.com\/fr\/150408\/"},"modified":"2025-06-04T02:48:12","modified_gmt":"2025-06-04T02:48:12","slug":"quelles-sont-les-petites-villes-les-plus-touchees-par-linsecurite-autour-de-nice-et-dans-les-alpes-maritimes-voici-les-derniers-chiffres-publies-par-la-police-et-la-gendarmerie","status":"publish","type":"post","link":"https:\/\/www.europesays.com\/fr\/150408\/","title":{"rendered":"quelles sont les petites villes les plus touch\u00e9es par l&rsquo;ins\u00e9curit\u00e9 autour de Nice et dans les Alpes-Maritimes? Voici les derniers chiffres publi\u00e9s par la police et la gendarmerie"},"content":{"rendered":"<p><strong>Les faits de violence ne sont pas l\u2019apanage des grandes villes. Certes moins pr\u00e9gnants dans les villages, ces actes touchent parfois des petites localit\u00e9s que l\u2019on pensait pr\u00e9serv\u00e9es. <\/strong><\/p>\n<p>Elle peut s\u2019abattre dans <a href=\"https:\/\/nicepresse.com\/hausse-des-violences-signalees-dans-les-etablissements-scolaires-avec-une-majorite-datteintes-verbales-et-physiques-entre-eleves\/\" target=\"_blank\" rel=\"noopener\">les \u00e9coles<\/a>, sur <a href=\"https:\/\/nicepresse.com\/violences-routieres-comment-les-rodeos-en-moto-quad-ou-voiture-sont-devenus-le-cauchemar-quotidien-des-maires-en-ville-comme-a-la-campagne\/\" target=\"_blank\" rel=\"noopener\">la route<\/a>, dans les art\u00e8res des villes et des campagnes. Sans dire que la violence est ultra-pr\u00e9sente dans notre r\u00e9gion, elle touche aujourd\u2019hui un nombre plus large de municipalit\u00e9s. N\u00e9anmoins, cela reste assez disparate. Cela d\u00e9pend, de la r\u00e9gion, du d\u00e9partement, voire de votre commune, car chaque territoire est diff\u00e9remment impact\u00e9 par les d\u00e9linquants.<\/p>\n<p>Afin de mieux cerner les caract\u00e9ristiques de votre localit\u00e9, il est utile de faire un tour sur le site du <a href=\"https:\/\/ssmsi.shinyapps.io\/donneesterritoriales\/\" target=\"_blank\" rel=\"noopener\">SSMIS<\/a>, le service des statistiques du minist\u00e8re de l\u2019Int\u00e9rieur. Il regroupe quinze indicateurs, des faits remont\u00e9s par les policiers et gendarmes de toute la France. Courant de 2016 \u00e0 2024, ces donn\u00e9es nous en disent long sur l\u2019ins\u00e9curit\u00e9 du quotidien.<\/p>\n<p>Drap et Saint-Paul-de-Vence, les mauvaises \u00e9l\u00e8ves ?<\/p>\n<p>Prenons les coups et blessures volontaires dans les plus petites cit\u00e9s <a href=\"https:\/\/nicepresse.com\/delinquance-ce-qui-est-inquietant-plutot-rassurant-face-a-linsecurite-du-quotidien-comment-sen-tirent-vraiment-nice-et-son-departement\/\" target=\"_blank\" rel=\"noopener\">des Alpes-Maritimes<\/a>. Avec 5,3 victimes pour 1.000 habitants l\u2019an pass\u00e9, Saint-Paul-de-Vence est le bourg de moins de 5.000 \u00e2mes le plus impact\u00e9. \u00c0 titre de comparaison, la moyenne fran\u00e7aise est de 4,84 \u2030. Il devance La Turbie (4,6 \u2030), Beaulieu-sur-Mer (3,9 \u2030), Auribeau-sur-Siagne (3,8 \u2030) et Bar-sur-Loup (3 \u2030).<\/p>\n<p>Dans la cat\u00e9gorie des aires urbaines comptant entre 5000 et 20.000 r\u00e9sidents, c\u2019est Drap qui fait office de mauvaise \u00e9l\u00e8ve (6,4 \u2030), suivie de Villeneuve-Loubet (6,3 \u2030), La Trinit\u00e9 (6,2 \u2030), Contes (5,8 \u2030) et Valbonne (4,7 \u2030). Avec un \u00e9cart non n\u00e9gligeable derri\u00e8re le trio de t\u00eate.<\/p>\n<p>Coups et blessures dans l\u2019espace public, m\u00e9fiance \u00e0 Contes et Beaulieu-sur-Mer<\/p>\n<p>Pour les agressions, il existe un sous-indicateur, celui des attaques hors du cercle familial. Ces derniers ne sont pas inventori\u00e9s partout, car il faut en d\u00e9plorer plusieurs durant trois ann\u00e9es successives pour y figurer. C\u2019est donc mauvais signe pour Beaulieu-sur-Mer (2,08 victimes pour 1.000 Berlugans) et Cap-d\u2019Ail (1,3 \u2030), les deux seuls villages \u00e0 y figurer.<\/p>\n<p>Pour les villes un peu plus peupl\u00e9es, nous avons toujours Contes (3,1 \u2030, premi\u00e8re), Drap (2,6 \u2030, deuxi\u00e8me) et Valbonne (2,1 \u2030, cinqui\u00e8me). Roquebrune-Cap-Martin (2,2 \u2030, troisi\u00e8me) et Beausoleil (2,5 \u2030, quatri\u00e8me) font leur apparition. En France m\u00e9tropolitaine, nous \u00e9tions \u00e0 2 \u2030 en 2024. <\/p>\n<p>Plus de violences sexuelles \u00e0 Carros qu\u2019ailleurs dans les Alpes-Maritimes<\/p>\n<p>La lib\u00e9ration de la parole peut expliquer la hausse de ces agressions. En 2024, les violences sexuelles ont impact\u00e9 directement 1,42 personne pour 1000 Maralpins. C\u2019est un peu moins qu\u2019\u00e0 Beaulieu-sur-Mer (1,5 \u2030), qui se trouve \u00eatre la seule cit\u00e9 de moins de 5.000 \u00e2mes r\u00e9pertori\u00e9e.<\/p>\n<p>Au sein des plus grandes aires urbaines, nous avons Carros (2,03 \u2030), Valbonne (2,01 \u2030), Villeneuve-Loubet (1,7 \u2030), Vence (1,46 \u2030) puis La Trinit\u00e9 (1,43 \u2030). <\/p>\n<p><a href=\"https:\/\/anneedelamer.nice.fr\/\" target=\"_blank\" rel=\"noopener\"><img loading=\"lazy\" decoding=\"async\" width=\"300\" height=\"300\" src=\"data:image\/svg+xml,%3Csvg%20xmlns=\" http:=\"\" alt=\"\" class=\"wp-image-239573\" data-lazy-src=\"https:\/\/www.europesays.com\/fr\/wp-content\/uploads\/2025\/05\/drone-nice-presse-300x300-1.jpg\"\/><\/a><\/p>\n<p>Les vols violents restent peu fr\u00e9quents<\/p>\n<p>Quid des vols, parfois particuli\u00e8rement brutaux ? M\u00eame sans la pr\u00e9sence d\u2019une arme, les larcins peuvent s\u2019av\u00e9rer tr\u00e8s violents. Ils restent toutefois tr\u00e8s rares dans les plus petites localit\u00e9s, puisque dans les deux cat\u00e9gories de municipalit\u00e9s \u00e9voqu\u00e9es ici (moins de 5.000 et entre 5.000 et 20.000 habitants), seules deux communes ont relev\u00e9 plusieurs cas.<\/p>\n<p>Roquebrune-Cap-Martin (0,72 infraction pour 1.000 villageois) et Villeneuve-Loubet (0,65 \u2030) affichent cependant des taux moins \u00e9lev\u00e9s qu\u2019ailleurs dans le d\u00e9partement (0,94 \u2030). <\/p>\n","protected":false},"excerpt":{"rendered":"Les faits de violence ne sont pas l\u2019apanage des grandes villes. Certes moins pr\u00e9gnants dans les villages, ces&hellip;\n","protected":false},"author":2,"featured_media":150409,"comment_status":"","ping_status":"","sticky":false,"template":"","format":"standard","meta":{"footnotes":""},"categories":[2819],"tags":[1111,11,1777,674,1011,27,12,2401,882,25],"class_list":{"0":"post-150408","1":"post","2":"type-post","3":"status-publish","4":"format-standard","5":"has-post-thumbnail","7":"category-nice","8":"tag-actu","9":"tag-actualites","10":"tag-eu","11":"tag-europe","12":"tag-fr","13":"tag-france","14":"tag-news","15":"tag-nice","16":"tag-provence-alpes-cote-dazur","17":"tag-republique-francaise"},"share_on_mastodon":{"url":"https:\/\/pubeurope.com\/@fr\/114622818153269457","error":""},"_links":{"self":[{"href":"https:\/\/www.europesays.com\/fr\/wp-json\/wp\/v2\/posts\/150408","targetHints":{"allow":["GET"]}}],"collection":[{"href":"https:\/\/www.europesays.com\/fr\/wp-json\/wp\/v2\/posts"}],"about":[{"href":"https:\/\/www.europesays.com\/fr\/wp-json\/wp\/v2\/types\/post"}],"author":[{"embeddable":true,"href":"https:\/\/www.europesays.com\/fr\/wp-json\/wp\/v2\/users\/2"}],"replies":[{"embeddable":true,"href":"https:\/\/www.europesays.com\/fr\/wp-json\/wp\/v2\/comments?post=150408"}],"version-history":[{"count":0,"href":"https:\/\/www.europesays.com\/fr\/wp-json\/wp\/v2\/posts\/150408\/revisions"}],"wp:featuredmedia":[{"embeddable":true,"href":"https:\/\/www.europesays.com\/fr\/wp-json\/wp\/v2\/media\/150409"}],"wp:attachment":[{"href":"https:\/\/www.europesays.com\/fr\/wp-json\/wp\/v2\/media?parent=150408"}],"wp:term":[{"taxonomy":"category","embeddable":true,"href":"https:\/\/www.europesays.com\/fr\/wp-json\/wp\/v2\/categories?post=150408"},{"taxonomy":"post_tag","embeddable":true,"href":"https:\/\/www.europesays.com\/fr\/wp-json\/wp\/v2\/tags?post=150408"}],"curies":[{"name":"wp","href":"https:\/\/api.w.org\/{rel}","templated":true}]}}