{"id":150410,"date":"2025-06-04T02:49:13","date_gmt":"2025-06-04T02:49:13","guid":{"rendered":"https:\/\/www.europesays.com\/fr\/150410\/"},"modified":"2025-06-04T02:49:13","modified_gmt":"2025-06-04T02:49:13","slug":"pourquoi-le-navire-de-greenpeace-nest-plus-la-bienvenue-au-sommet-de-lonu-sur-les-oceans-a-nice","status":"publish","type":"post","link":"https:\/\/www.europesays.com\/fr\/150410\/","title":{"rendered":"Pourquoi le navire de Greenpeace n\u2019est plus la bienvenue au sommet de l\u2019ONU sur les oc\u00e9ans \u00e0 Nice"},"content":{"rendered":"<p>        <img decoding=\"async\" loading=\"lazy\" src=\"https:\/\/www.europesays.com\/fr\/wp-content\/uploads\/2025\/06\/56c527f_sirius-fs-upload-1-i5swahraajwi-1748964683582-000-47jh464.jpg\"  width=\"728\" height=\"410\" alt=\"Le navire Arctic Sunrise de Greenpeace, ici photographi\u00e9 le 21\u00a0mai 2025\u00a0au large de la c\u00f4te d\u2019Occitanie, n\u2019aura finalement pas le droit d\u2019entrer dans le port de Nice pour le sommet de l\u2019Onu sur les oc\u00e9ans.\"\/>  <\/p>\n<p>FABIEN NOVIAL \/ AFP<\/p>\n<p>Le navire Arctic Sunrise de Greenpeace, ici photographi\u00e9 le 21\u00a0mai 2025\u00a0au large de la c\u00f4te d\u2019Occitanie, n\u2019aura finalement pas le droit d\u2019entrer dans le port de Nice pour le sommet de l\u2019Onu sur les oc\u00e9ans.<\/p>\n<p class=\"asset asset-text\">ENVIRONNEMENT &#8211; Entre le <a href=\"https:\/\/www.huffingtonpost.fr\/politique\/article\/agnes-pannier-runacher-exprime-sa-honte-apres-la-suppression-des-zfe_250769.html\" target=\"_blank\" rel=\"noopener\">gouvernement <\/a>et Greenpeace, le torchon br\u00fble. Le bateau de\u00a0<a href=\"https:\/\/www.huffingtonpost.fr\/environnement\/video\/pourquoi-greenpeace-doit-plus-d-un-demi-milliard-de-dollars-a-cette-societe-petroliere-americaine_247725.html\" target=\"_blank\" rel=\"noopener\">l\u2019ONG environnementale<\/a>, qui devait rejoindre la trentaine de navires scientifiques invit\u00e9s \u00e0 Nice en marge du sommet de l\u2019ONU sur les oc\u00e9ans, n\u2019aura finalement pas le droit d\u2019entrer dans le port, a appris l\u2019AFP aupr\u00e8s de l\u2019organisation et de la mairie ce mardi 3\u00a0juin.<\/p>\n<p class=\"asset asset-text\">L\u2019Arctic Sunrise, un navire de la flotte internationale de\u00a0Greenpeace, devait rester amarr\u00e9 trois jours \u00e0 Nice \u00e0 partir de mercredi. Il devait se relayer dans le port avec plusieurs autres navires, comme le Thalassa ou le Tethys II de l\u2019Ifremer, le navire allemand Meteor, l\u2019Espagnol Odon de Buen, l\u2019Italien Gaia Blu, l\u2019Ocean Explorer de Ray Dalio, la go\u00e9lette Tara, le Pers\u00e9verance de Jean-Louis \u00c9tienne ou encore le Blue Panda du WWF.<\/p>\n<p class=\"asset asset-text\">Et ce, afin d\u2019accueillir dans un premier temps le grand public jusqu\u2019\u00e0 jeudi, puis les d\u00e9l\u00e9gations de la 3e conf\u00e9rence de l\u2019ONU sur l\u2019Oc\u00e9an (Unoc\u00a03), qui s\u2019ouvre \u00e0 Nice ce dimanche 9\u00a0mai.<\/p>\n<p class=\"asset asset-text\">Selon la mairie, l\u2019arr\u00eat\u00e9 fait suite \u00e0 une demande de la ministre de la Transition \u00e9cologique, Agn\u00e8s Pannier-Runacher, exprim\u00e9e lors d\u2019un comit\u00e9 de pilotage organis\u00e9 le 22 mai \u00e0 Nice. Le cabinet de la ministre a d\u00e9menti, assurant qu\u2019elle ne s\u2019occupait pas des sujets d\u2019ordre public. \u00ab\u00a0Une d\u00e9cision politique [\u2026] absolument inacceptable\u00a0\u00bb, a d\u00e9nonc\u00e9 le patron de\u00a0Greenpeace, Mads Christensen.<\/p>\n<p>                     D\u00e9j\u00e0 banni d\u2019une parade pour la Journ\u00e9e mondiale de l\u2019oc\u00e9an    <\/p>\n<p class=\"asset asset-text\">Agn\u00e8s Pannier-Runacher reproche \u00e0\u00a0Greenpeace\u00a0le largage en mer le 21\u00a0mai, depuis l\u2019Arctic Sunrise, d\u2019une quinzaine de rochers dans une aire prot\u00e9g\u00e9e de la M\u00e9diterran\u00e9e pour emp\u00eacher le chalutage de fond. \u00ab\u00a0Plus de dix tonnes de gravats dans une aire marine prot\u00e9g\u00e9e, sous pr\u00e9texte de faire une campagne contre le chalutage de fond, \u00e0 un endroit o\u00f9 les chaluts ne p\u00e9n\u00e8trent pas, c\u2019est profond\u00e9ment choquant\u00a0\u00bb, avait-elle d\u00e9clar\u00e9. L\u2019ONG avait r\u00e9pliqu\u00e9 qu\u2019il s\u2019agissait justement d\u2019emp\u00eacher une activit\u00e9 qui perdurait.<\/p>\n<p> La lecture de ce contenu est susceptible d\u2019entra\u00eener un d\u00e9p\u00f4t de cookies de la part de l\u2019op\u00e9rateur tiers qui l\u2019h\u00e9berge. Compte-tenu des choix que vous avez exprim\u00e9s en mati\u00e8re de d\u00e9p\u00f4t de cookies, nous avons bloqu\u00e9 l\u2019affichage de ce contenu. Si vous souhaitez y acc\u00e9der, vous devez accepter la cat\u00e9gorie de cookies \u201cContenus tiers\u201d en cliquant sur le bouton ci-dessous. <\/p>\n<p> Lire la Vid\u00e9o        <\/p>\n<p class=\"asset asset-text\">L\u2019Arctic Sunrise, l\u2019un des navires de la flotte internationale de\u00a0Greenpeace, avait d\u00e9j\u00e0 \u00e9t\u00e9 banni de la parade de dizaines de navires pr\u00e9vue ce samedi 7\u00a0juin \u00e0 l\u2019occasion de la Journ\u00e9e mondiale de l\u2019oc\u00e9an, \u00e0 la veille de l\u2019ouverture de la conf\u00e9rence onusienne.<\/p>\n<p class=\"asset asset-text\">L\u2019organisateur de la parade, Yvan Griboval, a expliqu\u00e9 \u00e0 l\u2019ONG qu\u2019il ne voulait pas prendre le risque d\u2019une action de revendication pendant la parade. Il a assur\u00e9 aupr\u00e8s de l\u2019AFP qu\u2019il s\u2019agissait d\u2019une d\u00e9cision personnelle, sans \u00ab\u00a0aucune connotation politique\u00a0\u00bb.<\/p>\n<p class=\"asset asset-text\">Ce lundi 2\u00a0juin, Greenpeace s\u2019\u00e9tait d\u00e9j\u00e0 distingu\u00e9 pour un autre geste totalement diff\u00e9rent\u00a0: le vol de statue en cire d\u2019Emmanuel Macron au mus\u00e9e Gr\u00e9vin par certains de ses militants, qui l\u2019ont ensuite d\u00e9pos\u00e9e devant l\u2019ambassade de Russie en signe de protestation contre les liens \u00e9conomiques de la France avec la Russie.<\/p>\n","protected":false},"excerpt":{"rendered":"FABIEN NOVIAL \/ AFP Le navire Arctic Sunrise de Greenpeace, ici photographi\u00e9 le 21\u00a0mai 2025\u00a0au large de la&hellip;\n","protected":false},"author":2,"featured_media":150411,"comment_status":"","ping_status":"","sticky":false,"template":"","format":"standard","meta":{"footnotes":""},"categories":[2819],"tags":[1111,11,436,1777,674,1011,27,8458,22050,12,2401,12517,316,882,25],"class_list":{"0":"post-150410","1":"post","2":"type-post","3":"status-publish","4":"format-standard","5":"has-post-thumbnail","7":"category-nice","8":"tag-actu","9":"tag-actualites","10":"tag-environnement","11":"tag-eu","12":"tag-europe","13":"tag-fr","14":"tag-france","15":"tag-gouvernement-bayrou","16":"tag-greenpeace","17":"tag-news","18":"tag-nice","19":"tag-ocean","20":"tag-politique","21":"tag-provence-alpes-cote-dazur","22":"tag-republique-francaise"},"share_on_mastodon":{"url":"https:\/\/pubeurope.com\/@fr\/114622822002874454","error":""},"_links":{"self":[{"href":"https:\/\/www.europesays.com\/fr\/wp-json\/wp\/v2\/posts\/150410","targetHints":{"allow":["GET"]}}],"collection":[{"href":"https:\/\/www.europesays.com\/fr\/wp-json\/wp\/v2\/posts"}],"about":[{"href":"https:\/\/www.europesays.com\/fr\/wp-json\/wp\/v2\/types\/post"}],"author":[{"embeddable":true,"href":"https:\/\/www.europesays.com\/fr\/wp-json\/wp\/v2\/users\/2"}],"replies":[{"embeddable":true,"href":"https:\/\/www.europesays.com\/fr\/wp-json\/wp\/v2\/comments?post=150410"}],"version-history":[{"count":0,"href":"https:\/\/www.europesays.com\/fr\/wp-json\/wp\/v2\/posts\/150410\/revisions"}],"wp:featuredmedia":[{"embeddable":true,"href":"https:\/\/www.europesays.com\/fr\/wp-json\/wp\/v2\/media\/150411"}],"wp:attachment":[{"href":"https:\/\/www.europesays.com\/fr\/wp-json\/wp\/v2\/media?parent=150410"}],"wp:term":[{"taxonomy":"category","embeddable":true,"href":"https:\/\/www.europesays.com\/fr\/wp-json\/wp\/v2\/categories?post=150410"},{"taxonomy":"post_tag","embeddable":true,"href":"https:\/\/www.europesays.com\/fr\/wp-json\/wp\/v2\/tags?post=150410"}],"curies":[{"name":"wp","href":"https:\/\/api.w.org\/{rel}","templated":true}]}}