{"id":150424,"date":"2025-06-04T02:58:13","date_gmt":"2025-06-04T02:58:13","guid":{"rendered":"https:\/\/www.europesays.com\/fr\/150424\/"},"modified":"2025-06-04T02:58:13","modified_gmt":"2025-06-04T02:58:13","slug":"marseille-le-tournoi-de-danse-vire-au-drame-un-participant-victime-dun-malaise-mortel","status":"publish","type":"post","link":"https:\/\/www.europesays.com\/fr\/150424\/","title":{"rendered":"Marseille. Le tournoi de danse vire au drame, un participant victime d&rsquo;un malaise mortel"},"content":{"rendered":"<p>            Par<br \/>\n        <strong><br \/>\n            <a href=\"https:\/\/actu.fr\/auteur\/fabien-binacchi\" title=\"Consulter tous les articles de Fabien Binacchi\" target=\"_blank\" rel=\"noopener\">Fabien Binacchi<\/a><br \/>\n        <\/strong><\/p>\n<p>        Publi\u00e9 le<\/p>\n<p>            3 juin 2025 \u00e0 16h48        <\/p>\n<p>L\u2019\u00e9v\u00e9nement devait \u00eatre festif, jusqu\u2019au bout. Il a finalement vir\u00e9 au drame. Ce samedi 31\u00a0mai 2025, un participant \u00e0 La Marseillaise Breaking cup, organis\u00e9e \u00e0 l\u2019h\u00f4tel de r\u00e9gion de <a href=\"https:\/\/actu.fr\/marseille\/\" target=\"_blank\" rel=\"noopener\">Marseille<\/a>, a \u00e9t\u00e9 <strong>victime d\u2019un malaise qui s\u2019est r\u00e9v\u00e9l\u00e9 fatal,<\/strong> a r\u00e9v\u00e9l\u00e9 <a href=\"https:\/\/www.lamarseillaise.fr\/sports\/maj-la-marseillaise-breaking-cup-endeuillee-DP18244777\" target=\"_blank\" rel=\"noopener\">le m\u00e9dia.<\/a><\/p>\n<p class=\" wall-content\">Voici ce qu\u2019il s\u2019est pass\u00e9.<\/p>\n<p>Une \u00ab\u2009rupture d\u2019an\u00e9vrisme\u2009\u00bb<\/p>\n<p class=\" wall-content\"><strong>Gr\u00e9gory Nsuku, alias Junior Green,<\/strong> faisait partie des finalistes de la quatri\u00e8me \u00e9dition de La Marseillaise Breaking cup, une comp\u00e9tition de breakdance. Le jeune homme, qui avait f\u00eat\u00e9 ses 34\u00a0ans la veille, \u00ab\u2009a \u00e9t\u00e9 victime d\u2019un malaise juste avant la remise des prix\u2009\u00bb, \u00ab\u2009au pied de la sc\u00e8ne\u2009\u00bb. \u00ab\u2009Il est d\u00e9c\u00e9d\u00e9 dans les heures qui ont suivi \u00e0 l\u2019h\u00f4pital de la Timone\u2009\u00bb, a fait savoir le journal, partenaire de cette manifestation organis\u00e9 \u00e0 l\u2019h\u00f4tel de r\u00e9gion.<\/p>\n<p class=\" wall-content\">Le directeur artistique du concours a r\u00e9v\u00e9l\u00e9 ce mardi 3\u00a0juin les causes de la mort de celui <strong>qui avait disput\u00e9 trois battles, avant de s\u2019effondrer<\/strong>\u2009: une \u00ab\u2009rupture d\u2019an\u00e9vrisme\u2009\u00bb.<\/p>\n<p class=\" wall-content\">\n<p>\u00ab\u2009Un prof g\u00e9nial\u2009\u00bb<\/p>\n<p class=\" wall-content\">Cette disparation aussi soudaine que tragique a suscit\u00e9 <strong>une vague d\u2019hommages.<\/strong> Y compris de <a href=\"https:\/\/x.com\/MartineVassal\/status\/1929626666365583569\">Martine Vassal,<\/a> la pr\u00e9sidente de la m\u00e9tropole Aix-Marseille Provence et du d\u00e9partement des Bouches-du-Rh\u00f4ne, qui avait \u00ab\u2009eu la chance de voir danser\u2009\u00bb\u2009:<\/p>\n<p>Vid\u00e9os : en ce moment sur Actu<\/p>\n<blockquote class=\"ac-article-quote wall-content\">\n<p>De tout c\u0153ur avec la communaut\u00e9 du Hip-Hop endeuill\u00e9e apr\u00e8s la disparition tragique de Gr\u00e9gory Nsuku, alias Junior Green. Un danseur de breakdance de grand talent.<\/p>\n<p>    <strong>Martine Vassal<\/strong>\n            <\/p><\/blockquote>\n<p class=\" wall-content\">Sur <a href=\"https:\/\/www.leetchi.com\/fr\/c\/obseque-de-junior-green-1460635?utm_source=copylink&amp;utm_medium=social_sharing\" target=\"_blank\" rel=\"noopener\">une cagnotte lanc\u00e9e pour aider ses proches<\/a> \u00e0 organiser ses obs\u00e8ques, des donateurs ont t\u00e9moign\u00e9 du \u00ab\u2009rayon de soleil\u2009\u00bb, de l\u2019\u00ab\u2009\u00e2me g\u00e9n\u00e9reuse\u2009\u00bb, de <strong>l\u2019\u00ab\u2009artiste exceptionnel\u2009\u00bb<\/strong> mais aussi de l\u2019\u00ab\u2009esprit libre\u2009\u00bb qu\u2019il \u00e9tait. Une de ses \u00e9l\u00e8ves a \u00e9galement salu\u00e9 \u00ab\u2009un prof g\u00e9nial\u2009\u00bb.<\/p>\n<p class=\" wall-content\">Suivez toute l\u2019actualit\u00e9 de vos villes et m\u00e9dias favoris en vous inscrivant \u00e0 <a href=\"https:\/\/moncompte.actu.fr\" title=\"D\u00e9couvez Mon Actu\" rel=\"nofollow noopener\" data-trk=\"{&quot;cta&quot;:{&quot;action&quot;:&quot;https:\\\/\\\/moncompte.actu.fr&quot;,&quot;category&quot;:&quot;mon compte&quot;,&quot;from&quot;:&quot;article footer&quot;,&quot;name&quot;:&quot;Mon actu&quot;,&quot;type&quot;:&quot;cta&quot;}}\" target=\"_blank\">Mon Actu<\/a>.<\/p>\n","protected":false},"excerpt":{"rendered":"Par Fabien Binacchi Publi\u00e9 le 3 juin 2025 \u00e0 16h48 L\u2019\u00e9v\u00e9nement devait \u00eatre festif, jusqu\u2019au bout. Il a&hellip;\n","protected":false},"author":2,"featured_media":150425,"comment_status":"","ping_status":"","sticky":false,"template":"","format":"standard","meta":{"footnotes":""},"categories":[2814],"tags":[1111,11,5972,1777,674,118,1011,27,884,12,882,25],"class_list":{"0":"post-150424","1":"post","2":"type-post","3":"status-publish","4":"format-standard","5":"has-post-thumbnail","7":"category-marseille","8":"tag-actu","9":"tag-actualites","10":"tag-danse","11":"tag-eu","12":"tag-europe","13":"tag-faits-divers","14":"tag-fr","15":"tag-france","16":"tag-marseille","17":"tag-news","18":"tag-provence-alpes-cote-dazur","19":"tag-republique-francaise"},"share_on_mastodon":{"url":"https:\/\/pubeurope.com\/@fr\/114622857923509514","error":""},"_links":{"self":[{"href":"https:\/\/www.europesays.com\/fr\/wp-json\/wp\/v2\/posts\/150424","targetHints":{"allow":["GET"]}}],"collection":[{"href":"https:\/\/www.europesays.com\/fr\/wp-json\/wp\/v2\/posts"}],"about":[{"href":"https:\/\/www.europesays.com\/fr\/wp-json\/wp\/v2\/types\/post"}],"author":[{"embeddable":true,"href":"https:\/\/www.europesays.com\/fr\/wp-json\/wp\/v2\/users\/2"}],"replies":[{"embeddable":true,"href":"https:\/\/www.europesays.com\/fr\/wp-json\/wp\/v2\/comments?post=150424"}],"version-history":[{"count":0,"href":"https:\/\/www.europesays.com\/fr\/wp-json\/wp\/v2\/posts\/150424\/revisions"}],"wp:featuredmedia":[{"embeddable":true,"href":"https:\/\/www.europesays.com\/fr\/wp-json\/wp\/v2\/media\/150425"}],"wp:attachment":[{"href":"https:\/\/www.europesays.com\/fr\/wp-json\/wp\/v2\/media?parent=150424"}],"wp:term":[{"taxonomy":"category","embeddable":true,"href":"https:\/\/www.europesays.com\/fr\/wp-json\/wp\/v2\/categories?post=150424"},{"taxonomy":"post_tag","embeddable":true,"href":"https:\/\/www.europesays.com\/fr\/wp-json\/wp\/v2\/tags?post=150424"}],"curies":[{"name":"wp","href":"https:\/\/api.w.org\/{rel}","templated":true}]}}