{"id":150434,"date":"2025-06-04T03:04:10","date_gmt":"2025-06-04T03:04:10","guid":{"rendered":"https:\/\/www.europesays.com\/fr\/150434\/"},"modified":"2025-06-04T03:04:10","modified_gmt":"2025-06-04T03:04:10","slug":"cet-hotel-de-paris-rejoint-la-liste-des-plus-beaux-hotels-du-monde-et-ce-nest-pas-un-palace","status":"publish","type":"post","link":"https:\/\/www.europesays.com\/fr\/150434\/","title":{"rendered":"Cet h\u00f4tel de Paris rejoint la liste des plus beaux h\u00f4tels du monde, et ce n&rsquo;est pas un palace\u00a0!"},"content":{"rendered":"<p>            Par<br \/>\n        <strong><br \/>\n            <a href=\"https:\/\/actu.fr\/auteur\/dorinegoth\" title=\"Consulter tous les articles de Dorine Goth\" rel=\"nofollow noopener\" target=\"_blank\">Dorine Goth<\/a><br \/>\n        <\/strong><\/p>\n<p>        Publi\u00e9 le<\/p>\n<p>            3 juin 2025 \u00e0 18h04        <\/p>\n<p>Il sacre, chaque ann\u00e9e, les joyaux architecturaux. Lundi 2\u00a0juin 2025, le<strong> Prix Versailles<\/strong> a d\u00e9voil\u00e9 la liste des <strong>seize <a href=\"https:\/\/actu.fr\/ile-de-france\/paris_75056\/ce-nouvel-hotel-de-luxe-a-ouvert-ses-portes-a-paris-entre-la-place-vendome-et-le-jardin-des-tuileries_62121099.html\" rel=\"nofollow noopener\" target=\"_blank\">h\u00f4tels<\/a><\/strong> laur\u00e9ats de l\u2019ann\u00e9e 2025. \u00ab\u2009Nouvellement ouverts ou r\u00e9ouverts, les \u00e9tablissements laur\u00e9ats se situent en des endroits tr\u00e8s divers du globe et se d\u00e9marquent chacun par un alliage des plus r\u00e9ussis entre patrimoine et innovation\u2009\u00bb, pr\u00e9sente le Prix dans un communiqu\u00e9. Parmi eux, <strong>l\u2019h\u00f4tel Hana<\/strong>, dans le 2e arrondissement de <strong>Paris.<\/strong><\/p>\n<p>Entre le Japon et la Belle \u00c9poque<\/p>\n<p class=\" wall-content\">Ouvert au d\u00e9but de l\u2019ann\u00e9e 2024, l\u2019h\u00f4tel qui affiche <strong>cinq \u00e9toiles<\/strong> est un des derniers n\u00e9s des <strong>boutiques h\u00f4tels<\/strong> de la capitale tenues par le <a href=\"https:\/\/actu.fr\/ile-de-france\/paris_75056\/paris-transforme-en-hotel-et-restaurant-le-nouveau-bus-palladium-ne-rouvrira-pas-avant-2025_60733584.html\" rel=\"nofollow noopener\" target=\"_blank\">groupe Adresses H\u00f4tels<\/a>. D\u00e9crit comme \u00ab\u2009feutr\u00e9 et intimiste\u2009\u00bb, son int\u00e9rieur jongle entre les<strong> inspirations nippones,<\/strong> en hommage \u00e0 la rue du Quatre-Septembre et le style<strong> Belle \u00c9poque<\/strong>. \u00ab\u2009Une esth\u00e9tique sur-mesure, inspir\u00e9e du wabi-sabi et port\u00e9e par un artisanat d\u2019art fran\u00e7ais passionn\u00e9\u2009: tapis de Marguerite Lemaire, moquettes dessin\u00e9es par Laura et reproduites par Pierre Frey, peinture textur\u00e9e sign\u00e9e Signature Murale\u2009\u00bb, d\u00e9taille le communiqu\u00e9 de presse.<\/p>\n<p class=\" wall-content\">Derri\u00e8re, on retrouve la patte de Laura Gonzalez, architecte d\u2019int\u00e9rieur et Olivier Leone, directeur artistique issu de la mode. Pour y s\u00e9journer, il faudra tout de m\u00eame d\u00e9bourser au minimum 390\u00a0euros pour une nuit.\u00a0Une autre s\u00e9lection, concernant les mus\u00e9es, a sacr\u00e9 le <strong><a href=\"https:\/\/actu.fr\/ile-de-france\/paris_75056\/culture-fermeture-de-pompidou-reouverture-du-grand-palais-ce-qui-vous-attend-a-paris-en-2025_62090778.html\" rel=\"nofollow noopener\" target=\"_blank\">Grand Palais<\/a><\/strong>, r\u00e9cemment r\u00e9nov\u00e9, parmi les plus beaux mus\u00e9es du monde.<\/p>\n<p><strong>Infos pratiques<\/strong><br \/>H\u00f4tel Hana, 17 rue du Quatre-Septembre<\/p>\n<p class=\" wall-content\">Suivez toute l\u2019actualit\u00e9 de vos villes et m\u00e9dias favoris en vous inscrivant \u00e0 <a href=\"https:\/\/moncompte.actu.fr\" title=\"D\u00e9couvez Mon Actu\" rel=\"nofollow noopener\" data-trk=\"{&quot;cta&quot;:{&quot;action&quot;:&quot;https:\\\/\\\/moncompte.actu.fr&quot;,&quot;category&quot;:&quot;mon compte&quot;,&quot;from&quot;:&quot;article footer&quot;,&quot;name&quot;:&quot;Mon actu&quot;,&quot;type&quot;:&quot;cta&quot;}}\" target=\"_blank\">Mon Actu<\/a>.<\/p>\n","protected":false},"excerpt":{"rendered":"Par Dorine Goth Publi\u00e9 le 3 juin 2025 \u00e0 18h04 Il sacre, chaque ann\u00e9e, les joyaux architecturaux. Lundi&hellip;\n","protected":false},"author":2,"featured_media":150435,"comment_status":"","ping_status":"","sticky":false,"template":"","format":"standard","meta":{"footnotes":""},"categories":[1888],"tags":[1111,1928,11,1927,1777,674,1011,27,1305,12,1926,626,1925,25,602],"class_list":{"0":"post-150434","1":"post","2":"type-post","3":"status-publish","4":"format-standard","5":"has-post-thumbnail","7":"category-paris","8":"tag-actu","9":"tag-actu-paris","10":"tag-actualites","11":"tag-actualites-paris","12":"tag-eu","13":"tag-europe","14":"tag-fr","15":"tag-france","16":"tag-lifestyle","17":"tag-news","18":"tag-news-paris","19":"tag-paris","20":"tag-paris-news","21":"tag-republique-francaise","22":"tag-tourisme"},"share_on_mastodon":{"url":"https:\/\/pubeurope.com\/@fr\/114622881441257817","error":""},"_links":{"self":[{"href":"https:\/\/www.europesays.com\/fr\/wp-json\/wp\/v2\/posts\/150434","targetHints":{"allow":["GET"]}}],"collection":[{"href":"https:\/\/www.europesays.com\/fr\/wp-json\/wp\/v2\/posts"}],"about":[{"href":"https:\/\/www.europesays.com\/fr\/wp-json\/wp\/v2\/types\/post"}],"author":[{"embeddable":true,"href":"https:\/\/www.europesays.com\/fr\/wp-json\/wp\/v2\/users\/2"}],"replies":[{"embeddable":true,"href":"https:\/\/www.europesays.com\/fr\/wp-json\/wp\/v2\/comments?post=150434"}],"version-history":[{"count":0,"href":"https:\/\/www.europesays.com\/fr\/wp-json\/wp\/v2\/posts\/150434\/revisions"}],"wp:featuredmedia":[{"embeddable":true,"href":"https:\/\/www.europesays.com\/fr\/wp-json\/wp\/v2\/media\/150435"}],"wp:attachment":[{"href":"https:\/\/www.europesays.com\/fr\/wp-json\/wp\/v2\/media?parent=150434"}],"wp:term":[{"taxonomy":"category","embeddable":true,"href":"https:\/\/www.europesays.com\/fr\/wp-json\/wp\/v2\/categories?post=150434"},{"taxonomy":"post_tag","embeddable":true,"href":"https:\/\/www.europesays.com\/fr\/wp-json\/wp\/v2\/tags?post=150434"}],"curies":[{"name":"wp","href":"https:\/\/api.w.org\/{rel}","templated":true}]}}