{"id":150436,"date":"2025-06-04T03:05:10","date_gmt":"2025-06-04T03:05:10","guid":{"rendered":"https:\/\/www.europesays.com\/fr\/150436\/"},"modified":"2025-06-04T03:05:10","modified_gmt":"2025-06-04T03:05:10","slug":"the-streets-revient-en-concert-a-paris-avec-radio-nova","status":"publish","type":"post","link":"https:\/\/www.europesays.com\/fr\/150436\/","title":{"rendered":"The Streets revient en concert \u00e0 Paris avec Radio Nova"},"content":{"rendered":"<p>Pr\u00e8s de six ans apr\u00e8s son dernier concert \u00e0 Paris, les anglais de The Streets reviennent dans la capitale fran\u00e7aise pour un concert au Bataclan, le 13 juin prochain. Gagnez vos places en fin d\u2019article.<\/p>\n<p>Six ans, une mixtape, un film et un album, voil\u00e0 ce qu\u2019il aura fallu attendre pour enfin voir The Streets revenir \u00e0 Paris. Le 13 juin prochain, Mike Skinner d\u00e9barque dans la capitale fran\u00e7aise pour un concert au Bataclan, dans le cadre de sa tourn\u00e9e europ\u00e9enne 2025. Devenue une figure de la classe ouvri\u00e8re britannique, le rappeur anglais jongle entre le rap, la grime, le garage, la drum &amp; bass ou encore la house, pour raconter avec finesse le quotidien et les \u00e9preuves d\u2019un \u00ab\u00a0monsieur tout le monde\u00a0\u00bb. <\/p>\n<p>En 2023, le rappeur de 46 ans enfile le costume de cin\u00e9aste et d\u00e9voile son long m\u00e9trage <strong>The Darker The Shadow The Brighter The Light<\/strong> (et un album du m\u00eame nom). Un terrain inconnu mais surtout un travail colossal pour Mike Skinner, qui r\u00e9alise, produit, \u00e9crit, monte, et joue dans ce long m\u00e9trage.<\/p>\n<\/p>\n<p>En juin, c\u2019est en tant que rappeur que Mike Skinner et sa bande se pr\u00e9senteront sur la sc\u00e8ne du Bataclan, et les places risquent de partir tr\u00e8s vite. Alors foncez sur <a href=\"https:\/\/billetterie.seetickets.fr\/the-streets-concert-le-bataclan-paris-13-juin-2025-css5-alias-pg101-ri10982553.html\" target=\"_blank\" rel=\"noopener\">le site de la billetterie<\/a>, qui ouvre \u00e0 10 h ce vendredi. <\/p>\n","protected":false},"excerpt":{"rendered":"Pr\u00e8s de six ans apr\u00e8s son dernier concert \u00e0 Paris, les anglais de The Streets reviennent dans la&hellip;\n","protected":false},"author":2,"featured_media":150437,"comment_status":"","ping_status":"","sticky":false,"template":"","format":"standard","meta":{"footnotes":""},"categories":[1888],"tags":[1111,1928,11,1927,18543,1777,674,1011,27,27974,12,1926,27975,626,1925,25,27976],"class_list":{"0":"post-150436","1":"post","2":"type-post","3":"status-publish","4":"format-standard","5":"has-post-thumbnail","7":"category-paris","8":"tag-actu","9":"tag-actu-paris","10":"tag-actualites","11":"tag-actualites-paris","12":"tag-bataclan","13":"tag-eu","14":"tag-europe","15":"tag-fr","16":"tag-france","17":"tag-mike-skinner","18":"tag-news","19":"tag-news-paris","20":"tag-nova-aime","21":"tag-paris","22":"tag-paris-news","23":"tag-republique-francaise","24":"tag-the-streets"},"share_on_mastodon":{"url":"https:\/\/pubeurope.com\/@fr\/114622884968949630","error":""},"_links":{"self":[{"href":"https:\/\/www.europesays.com\/fr\/wp-json\/wp\/v2\/posts\/150436","targetHints":{"allow":["GET"]}}],"collection":[{"href":"https:\/\/www.europesays.com\/fr\/wp-json\/wp\/v2\/posts"}],"about":[{"href":"https:\/\/www.europesays.com\/fr\/wp-json\/wp\/v2\/types\/post"}],"author":[{"embeddable":true,"href":"https:\/\/www.europesays.com\/fr\/wp-json\/wp\/v2\/users\/2"}],"replies":[{"embeddable":true,"href":"https:\/\/www.europesays.com\/fr\/wp-json\/wp\/v2\/comments?post=150436"}],"version-history":[{"count":0,"href":"https:\/\/www.europesays.com\/fr\/wp-json\/wp\/v2\/posts\/150436\/revisions"}],"wp:featuredmedia":[{"embeddable":true,"href":"https:\/\/www.europesays.com\/fr\/wp-json\/wp\/v2\/media\/150437"}],"wp:attachment":[{"href":"https:\/\/www.europesays.com\/fr\/wp-json\/wp\/v2\/media?parent=150436"}],"wp:term":[{"taxonomy":"category","embeddable":true,"href":"https:\/\/www.europesays.com\/fr\/wp-json\/wp\/v2\/categories?post=150436"},{"taxonomy":"post_tag","embeddable":true,"href":"https:\/\/www.europesays.com\/fr\/wp-json\/wp\/v2\/tags?post=150436"}],"curies":[{"name":"wp","href":"https:\/\/api.w.org\/{rel}","templated":true}]}}