{"id":150440,"date":"2025-06-04T03:07:11","date_gmt":"2025-06-04T03:07:11","guid":{"rendered":"https:\/\/www.europesays.com\/fr\/150440\/"},"modified":"2025-06-04T03:07:11","modified_gmt":"2025-06-04T03:07:11","slug":"emmanuel-macron-cache-dans-un-coffre-en-plein-paris-scene-surrealiste-ou-presque","status":"publish","type":"post","link":"https:\/\/www.europesays.com\/fr\/150440\/","title":{"rendered":"Emmanuel Macron cach\u00e9 dans un coffre en plein Paris : sc\u00e8ne surr\u00e9aliste (ou presque)"},"content":{"rendered":"<p data-start=\"398\" data-end=\"739\">10h30, en plein c\u0153ur de Paris.<br \/>\n<strong>Trois activistes d\u00e9guis\u00e9s<\/strong> en touristes se<br \/>\nfaufilent discr\u00e8tement dans le mus\u00e9e Gr\u00e9vin. Jusque-l\u00e0, tout semble<br \/>\nnormal. Mais en quelques minutes, la sc\u00e8ne bascule. Une banderole<br \/>\n\u00ab\u00a0Business is business\u00a0\u00bb s\u2019affiche, une photo de <a href=\"https:\/\/www.closermag.fr\/politique\/vladimir-poutine-pique-par-emmanuel-macron-le-president-en-est-sur-et-balaye-donald-trump-au-passage-3525852\" rel=\"nofollow noopener\" target=\"_blank\"><br \/>\nMacron et Poutine<\/a> tr\u00f4ne sur le bureau factice\u2026 et la statue du<br \/>\npr\u00e9sident dispara\u00eet.<\/p>\n<p data-start=\"741\" data-end=\"1093\">Pas de trace de for\u00e7age :<br \/>\n<strong>le mannequin de cire, estim\u00e9 \u00e0 40 000 euros<\/strong>,<br \/>\nn\u2019\u00e9tait ni scell\u00e9 ni prot\u00e9g\u00e9. L\u2019\u00e9quipe de Greenpeace l\u2019a simplement<br \/>\nrecouvert d\u2019une couverture et l\u2019a exfiltr\u00e9 par une sortie de<br \/>\nsecours. \u00ab\u00a0Le temps que la<br \/>\ns\u00e9curit\u00e9 s\u2019en rende compte, <strong>les activistes \u00e9taient d\u00e9j\u00e0<br \/>\nloin\u00a0\u00bb<\/strong>, s\u2019amuse Mary Chevallier, porte-parole de<br \/>\nGreenpeace France, interrog\u00e9e par Vert.<\/p>\n<p>Emmanuel Macron : de Gr\u00e9vin<br \/>\n\u00e0&#8230; l\u2019ambassade russe<\/p>\n<p data-start=\"1131\" data-end=\"1518\">La statue n\u2019est pas rest\u00e9e<br \/>\ncach\u00e9e bien longtemps. En d\u00e9but d\u2019apr\u00e8s-midi, les militant\u00b7es se<br \/>\nsont rendus devant l\u2019ambassade de Russie \u00e0 Paris, le pr\u00e9sident dans<br \/>\nleur coffre. L\u00e0, <a href=\"https:\/\/www.closermag.fr\/politique\/emmanuel-macron-un-peu-depasse-par-la-technologie-et-cest-sa-fan-numero-1-qui-le-dit-3551192\" rel=\"nofollow noopener\" target=\"_blank\"><br \/>\nEmmanuel Macron<\/a> en cire a \u00e9t\u00e9 mis en sc\u00e8ne derri\u00e8re trois<br \/>\npanneaux affichant \u00ab\u00a0Uranium\u00a0\u00bb, \u00ab\u00a0Gaz\u00a0\u00bb et \u00ab\u00a0Engrais<br \/>\nchimique\u00a0\u00bb. Un tableau pour d\u00e9noncer, selon Greenpeace,<br \/>\n<strong>\u00ab\u00a0les profits tir\u00e9s<br \/>\ndes \u00e9changes avec la Russie malgr\u00e9 la guerre en<br \/>\nUkraine\u00a0\u00bb.<\/strong><\/p>\n<p data-start=\"1520\" data-end=\"1822\">\u201cEmmanuel Macron tient un double discours\u201d,<br \/>\naccuse Mary Chevallier. \u201cIl<br \/>\nse pr\u00e9sente <strong>comme le soutien de l\u2019Ukraine<\/strong>, mais<br \/>\ncontinue \u00e0 commercer avec la <a href=\"https:\/\/www.closermag.fr\/politique\/emmanuel-macron-gifle-par-brigitte-lombre-de-vladimir-poutine-plane-la-main-du-kremlin-3548948\" rel=\"nofollow noopener\" target=\"_blank\"><br \/>\nRussie<\/a>. Il alimente un feu qu\u2019il veut lui-m\u00eame \u00e9teindre.\u201d<br \/>\nCe coup d\u2019\u00e9clat visait \u00e0 exiger un vrai tournant dans la politique<br \/>\n\u00e9nerg\u00e9tique fran\u00e7aise.<\/p>\n<blockquote class=\"twitter-tweet\"><p><a class=\"twitter-link\" rel=\"noindex, nofollow noopener\" href=\"https:\/\/twitter.com\/Le_Figaro\/status\/1929540426249244702\" target=\"_blank\"><\/p><\/blockquote>\n<p>\u00ab\u00a0Ce<br \/>\nn\u2019est pas un vol, juste un emprunt\u00a0\u00bb<\/p>\n<p data-start=\"1870\" data-end=\"2100\">Depuis, Greenpeace a confirm\u00e9<br \/>\nqu\u2019elle avait toujours la statue en sa possession. Mais pas de<br \/>\npanique : \u201c<strong>Ce n\u2019est<br \/>\nqu\u2019un emprunt, pas un vol.<\/strong> Elle est tr\u00e8s bien prot\u00e9g\u00e9e et<br \/>\nsera bient\u00f4t rendue au mus\u00e9e\u201d, rassure Mary Chevallier.<\/p>\n<p data-start=\"2102\" data-end=\"2529\" data-is-last-node=\"\" data-is-only-node=\"\">Derri\u00e8re l\u2019action spectaculaire, un message<br \/>\nclair : faire pression sur le chef de l\u2019\u00c9tat pour qu\u2019il pousse la<br \/>\nFrance et l\u2019Europe \u00e0 couper les ponts \u00e9conomiques avec Moscou.<br \/>\n\u201cTant qu\u2019il n\u2019aura pas<br \/>\n<strong>rompu les contrats fran\u00e7ais avec la Russie,<\/strong> nous<br \/>\nestimons qu\u2019il ne m\u00e9rite pas d\u2019\u00eatre expos\u00e9\u201d, conclut<br \/>\nGreenpeace dans son communiqu\u00e9. Un coup de pub ? Un vrai geste<br \/>\nmilitant ? En tout cas, le faux Macron n\u2019est pas pass\u00e9 inaper\u00e7u<br \/>\n!<\/p>\n<p><script async src=\"https:\/\/platform.twitter.com\/widgets.js\" charset=\"utf-8\"><\/script><\/p>\n","protected":false},"excerpt":{"rendered":"10h30, en plein c\u0153ur de Paris. Trois activistes d\u00e9guis\u00e9s en touristes se faufilent discr\u00e8tement dans le mus\u00e9e Gr\u00e9vin.&hellip;\n","protected":false},"author":2,"featured_media":150441,"comment_status":"","ping_status":"","sticky":false,"template":"","format":"standard","meta":{"footnotes":""},"categories":[1888],"tags":[11,548,1073,1777,674,1011,27,26049,12,626,25],"class_list":{"0":"post-150440","1":"post","2":"type-post","3":"status-publish","4":"format-standard","5":"has-post-thumbnail","7":"category-paris","8":"tag-actualites","9":"tag-article-simple","10":"tag-emmanuel-macron","11":"tag-eu","12":"tag-europe","13":"tag-fr","14":"tag-france","15":"tag-musee-grevin","16":"tag-news","17":"tag-paris","18":"tag-republique-francaise"},"share_on_mastodon":{"url":"https:\/\/pubeurope.com\/@fr\/114622894143867756","error":""},"_links":{"self":[{"href":"https:\/\/www.europesays.com\/fr\/wp-json\/wp\/v2\/posts\/150440","targetHints":{"allow":["GET"]}}],"collection":[{"href":"https:\/\/www.europesays.com\/fr\/wp-json\/wp\/v2\/posts"}],"about":[{"href":"https:\/\/www.europesays.com\/fr\/wp-json\/wp\/v2\/types\/post"}],"author":[{"embeddable":true,"href":"https:\/\/www.europesays.com\/fr\/wp-json\/wp\/v2\/users\/2"}],"replies":[{"embeddable":true,"href":"https:\/\/www.europesays.com\/fr\/wp-json\/wp\/v2\/comments?post=150440"}],"version-history":[{"count":0,"href":"https:\/\/www.europesays.com\/fr\/wp-json\/wp\/v2\/posts\/150440\/revisions"}],"wp:featuredmedia":[{"embeddable":true,"href":"https:\/\/www.europesays.com\/fr\/wp-json\/wp\/v2\/media\/150441"}],"wp:attachment":[{"href":"https:\/\/www.europesays.com\/fr\/wp-json\/wp\/v2\/media?parent=150440"}],"wp:term":[{"taxonomy":"category","embeddable":true,"href":"https:\/\/www.europesays.com\/fr\/wp-json\/wp\/v2\/categories?post=150440"},{"taxonomy":"post_tag","embeddable":true,"href":"https:\/\/www.europesays.com\/fr\/wp-json\/wp\/v2\/tags?post=150440"}],"curies":[{"name":"wp","href":"https:\/\/api.w.org\/{rel}","templated":true}]}}