{"id":150468,"date":"2025-06-04T03:25:12","date_gmt":"2025-06-04T03:25:12","guid":{"rendered":"https:\/\/www.europesays.com\/fr\/150468\/"},"modified":"2025-06-04T03:25:12","modified_gmt":"2025-06-04T03:25:12","slug":"giro-tour-ditalie-tom-pidcock-vu-ma-preparation-je-ne-pouvais-pas-esperer-mieux","status":"publish","type":"post","link":"https:\/\/www.europesays.com\/fr\/150468\/","title":{"rendered":"Giro. Tour d&rsquo;Italie &#8211; Tom Pidcock : \u00abVu ma pr\u00e9paration, je ne pouvais pas esp\u00e9rer mieux\u00bb"},"content":{"rendered":"<p>Le <strong>Tour d&rsquo;Italie<\/strong> s&rsquo;est achev\u00e9 dimanche dernier, et si certains se sont r\u00e9v\u00e9l\u00e9s au cours de ces trois semaines, d&rsquo;autres ont globalement d\u00e9\u00e7u et voudront rapidement passer \u00e0 autre chose. C&rsquo;est notamment le cas du Britannique <strong><a href=\"https:\/\/www.cyclismactu.net\/..\/news-tour-d-italie-route-tom-pidcock-j-ai-ete-distance-n-etais-pas-top-87985.html\" rel=\"nofollow noopener\" target=\"_blank\">Tom Pidcock<\/a><\/strong> (Q36.5 Pro Cycling Team), qui participait \u00e0 son premier Grand Tour avec sa nouvelle formation, et nourrissait de grandes ambitions avant le d\u00e9part. Au final, il n&rsquo;aura que tr\u00e8s peu pes\u00e9 sur les trois semaines en Italie, bien qu&rsquo;il ait montr\u00e9 de belles promesses sur certaines journ\u00e9es, notamment lors de la 9e \u00e9tape des chemins blancs o\u00f9 il aurait pu s&rsquo;imposer sans une chute. Sa 16e place finale au classement g\u00e9n\u00e9ral, \u00e0 plus de 40 minutes du vainqueur <strong>Simon Yates<\/strong> (Team Visma | Lease a Bike), ne sera s\u00fbrement pas un lot de consolation pour le Britannique.<\/p>\n<p>Vid\u00e9o &#8211; Tom Pidcock a r\u00e9alis\u00e9 un Giro 2025 d\u00e9cevant Lire la suite de l&rsquo;article&#13;<\/p>\n<p>\u00a0<\/p>\n<p>&#13;<br \/>\n\u00ab\u00a0Tous les coureurs devant moi avaient une meilleure pr\u00e9paration\u00a0\u00bb&#13;<\/p>\n<p>Il s&rsquo;est confi\u00e9 apr\u00e8s la 21e \u00e9tape \u00e0 Rome aupr\u00e8s de In de Leiderstrui\u00a0: \u00ab\u00a0J\u2019aurais bien s\u00fbr aim\u00e9 rentrer chez moi avec davantage, mais dans un Grand Tour, il est incroyablement difficile de tout r\u00e9ussir, que l\u2019on vise une victoire d\u2019\u00e9tape ou le g\u00e9n\u00e9ral. Mais je pense que c\u2019est le meilleur Grand Tour que j\u2019aie couru jusqu\u2019ici. Pour \u00eatre honn\u00eate, j\u2019\u00e9tais plus ambitieux pour ce Giro que ce que j\u2019ai finalement montr\u00e9.\u00a0Apr\u00e8s la 19e \u00e9tape, o\u00f9 je me suis compl\u00e8tement grill\u00e9 avec la chaleur, j\u2019ai perdu ma chance de viser le top 10. Mais vu la pr\u00e9paration que j\u2019ai eue, sans r\u00e9el stage en altitude apr\u00e8s les classiques ardennaises, je ne pouvais peut-\u00eatre pas esp\u00e9rer mieux. Tous les coureurs devant moi avaient eu une meilleure pr\u00e9paration, avec moins de jours de course\u00a0\u00bb, conclut-il.<\/p>\n","protected":false},"excerpt":{"rendered":"Le Tour d&rsquo;Italie s&rsquo;est achev\u00e9 dimanche dernier, et si certains se sont r\u00e9v\u00e9l\u00e9s au cours de ces trois&hellip;\n","protected":false},"author":2,"featured_media":150469,"comment_status":"","ping_status":"","sticky":false,"template":"","format":"standard","meta":{"footnotes":""},"categories":[1411],"tags":[1154,207,1011,27,209,60,3318,208],"class_list":{"0":"post-150468","1":"post","2":"type-post","3":"status-publish","4":"format-standard","5":"has-post-thumbnail","7":"category-cyclisme","8":"tag-cycling","9":"tag-cyclisme","10":"tag-fr","11":"tag-france","12":"tag-route","13":"tag-sports","14":"tag-tour-d","15":"tag-velo"},"share_on_mastodon":{"url":"https:\/\/pubeurope.com\/@fr\/114622963611081024","error":""},"_links":{"self":[{"href":"https:\/\/www.europesays.com\/fr\/wp-json\/wp\/v2\/posts\/150468","targetHints":{"allow":["GET"]}}],"collection":[{"href":"https:\/\/www.europesays.com\/fr\/wp-json\/wp\/v2\/posts"}],"about":[{"href":"https:\/\/www.europesays.com\/fr\/wp-json\/wp\/v2\/types\/post"}],"author":[{"embeddable":true,"href":"https:\/\/www.europesays.com\/fr\/wp-json\/wp\/v2\/users\/2"}],"replies":[{"embeddable":true,"href":"https:\/\/www.europesays.com\/fr\/wp-json\/wp\/v2\/comments?post=150468"}],"version-history":[{"count":0,"href":"https:\/\/www.europesays.com\/fr\/wp-json\/wp\/v2\/posts\/150468\/revisions"}],"wp:featuredmedia":[{"embeddable":true,"href":"https:\/\/www.europesays.com\/fr\/wp-json\/wp\/v2\/media\/150469"}],"wp:attachment":[{"href":"https:\/\/www.europesays.com\/fr\/wp-json\/wp\/v2\/media?parent=150468"}],"wp:term":[{"taxonomy":"category","embeddable":true,"href":"https:\/\/www.europesays.com\/fr\/wp-json\/wp\/v2\/categories?post=150468"},{"taxonomy":"post_tag","embeddable":true,"href":"https:\/\/www.europesays.com\/fr\/wp-json\/wp\/v2\/tags?post=150468"}],"curies":[{"name":"wp","href":"https:\/\/api.w.org\/{rel}","templated":true}]}}