{"id":15049,"date":"2025-04-10T13:22:11","date_gmt":"2025-04-10T13:22:11","guid":{"rendered":"https:\/\/www.europesays.com\/fr\/15049\/"},"modified":"2025-04-10T13:22:11","modified_gmt":"2025-04-10T13:22:11","slug":"le-vietnam-partenaire-fiable-de-lallemagne","status":"publish","type":"post","link":"https:\/\/www.europesays.com\/fr\/15049\/","title":{"rendered":"Le Vietnam, partenaire fiable de l&rsquo;Allemagne"},"content":{"rendered":"<p>&#13;<br \/>\n                        Le Vietnam, partenaire fiable de l&rsquo;Allemagne&#13;\n                    <\/p>\n<p style=\"text-align:\">Dans un contexte politique et \u00e9conomique mondial complexe, les entreprises allemandes soulignent la fiabilit\u00e9 du Vietnam comme partenaire de premier plan.<\/p>\n<p><a href=\"https:\/\/lecourrier.vn\/cooperation-vietnam-bce-un-pas-vers-des-centres-financiers-modernes-et-competitifs\/1279893.html\" title=\"Coop\u00e9ration Vietnam - BCE : un pas vers des centres financiers modernes et comp\u00e9titifs\" rel=\"nofollow noopener\" target=\"_blank\">&gt;&gt; Coop\u00e9ration Vietnam &#8211; BCE : un pas vers des centres financiers modernes et comp\u00e9titifs<\/a><\/p>\n<p><a href=\"https:\/\/lecourrier.vn\/allemagne-le-moral-des-entrepreneurs-rebondit-apres-le-vote-du-plan-dinvestissement-geant\/1279906.html\" title=\"Allemagne : le moral des entrepreneurs rebondit apr\u00e8s le vote du plan d&#039;investissement g\u00e9ant\" rel=\"nofollow noopener\" target=\"_blank\">&gt;&gt; Allemagne : le moral des entrepreneurs rebondit apr\u00e8s le vote du plan d&rsquo;investissement g\u00e9ant<\/a><\/p>\n<p><a href=\"https:\/\/lecourrier.vn\/le-developpement-des-centres-financiers-sert-une-finance-solide-au-vietnam\/1280097.html\" title=\"Le d\u00e9veloppement des centres financiers sert une finance solide au Vietnam\" rel=\"nofollow noopener\" target=\"_blank\">&gt;&gt; Le d\u00e9veloppement des centres financiers sert une finance solide au Vietnam<\/a><\/p>\n<tr>\n<td class=\"pic\"><img decoding=\"async\" class=\"lazyload\" src=\"https:\/\/www.europesays.com\/fr\/wp-content\/uploads\/2025\/04\/142259-cao-tuong-huy.jpg\" alt=\"\"\/><\/td>\n<\/tr>\n<tr>\n<td class=\"caption\">L&rsquo;ambassadeur du Vietnam en Allemagne Vu Quang Minh (3e\u00a0\u00e0 gauche) et des repr\u00e9sentants d&rsquo;entreprises vietnamiennes participant \u00e0 l&rsquo;\u00e9v\u00e9nement.<\/td>\n<\/tr>\n<tr align=\"right\">\n<td class=\"author\">\u00a0Photo : VNA\/CVN<\/td>\n<\/tr>\n<p style=\"text-align:left\">Cette affirmation a \u00e9t\u00e9 faite lors de l&rsquo;\u00e9v\u00e9nement \u00ab\u00a0Journ\u00e9e de l&rsquo;avenir des petites et moyennes entreprises 2025\u00a0\u00bb, organis\u00e9 r\u00e9cemment \u00e0 Berlin par l&rsquo;Association f\u00e9d\u00e9rale des petites et moyennes entreprises (BVMW). L&rsquo;\u00e9v\u00e9nement a rassembl\u00e9 pr\u00e8s de 8.000 entreprises et entrepreneurs allemands.<\/p>\n<p style=\"text-align:left\">Plac\u00e9 sous le th\u00e8me \u00ab\u00a0Cr\u00e9er des bases solides pour la prosp\u00e9rit\u00e9 sociale\u00a0\u00bb, ce forum a non seulement favoris\u00e9 les \u00e9changes entre entreprises et d\u00e9cideurs politiques, mais a \u00e9galement permis \u00e0 des experts de renom de partager des perspectives novatrices sur l&rsquo;avenir de ce secteur, consid\u00e9r\u00e9 comme l&rsquo;\u00e9pine dorsale de l&rsquo;\u00e9conomie allemande.<\/p>\n<p style=\"text-align:left\">L&rsquo;ambassade du Vietnam \u00e0 Berlin a tenu un stand lors de cet \u00e9v\u00e9nement, dans le cadre de la c\u00e9l\u00e9bration du 50e anniversaire de l&rsquo;\u00e9tablissement des relations diplomatiques entre le Vietnam et l&rsquo;Allemagne.<\/p>\n<tr>\n<td class=\"pic\"><img decoding=\"async\" class=\"lazyload\" src=\"https:\/\/www.europesays.com\/fr\/wp-content\/uploads\/2025\/04\/142632-vna_potal_hoi_nghi_lan_thu_11_ban_chap_hanh_trung_uong_dang_khoa_xiii_7963624.jpg\" alt=\"\"\/><\/td>\n<\/tr>\n<tr>\n<td class=\"caption\">BMW AG f\u00e9licite l&rsquo;Association f\u00e9d\u00e9rale des petites et moyennes entreprises \u00e0 l&rsquo;occasion de son 50e anniversaire.\u00a0<\/td>\n<\/tr>\n<tr align=\"right\">\n<td class=\"author\">Photo : VNA\/CVN<\/td>\n<\/tr>\n<p style=\"text-align:left\">Selon Nguy\u00ean Thi Thu H\u00e0, conseill\u00e8re en charge de l&rsquo;investissement du Vietnam, les services \u00e9conomiques, d&rsquo;investissement et commerciaux de l&rsquo;ambassade du Vietnam entretiennent une collaboration \u00e9troite avec le BVMW depuis plusieurs ann\u00e9es, comme en t\u00e9moignent de nombreuses initiatives bilat\u00e9rales de promotion des investissements. Un \u00e9v\u00e9nement de promotion des investissements s&rsquo;est notamment d\u00e9roul\u00e9 \u00e0 Rostock en f\u00e9vrier dernier, et d&rsquo;autres activit\u00e9s sont pr\u00e9vues \u00e0 Dortmund en mai prochain.<\/p>\n<p style=\"text-align:left\">Le BVMW pr\u00e9voit \u00e9galement d&rsquo;organiser deux d\u00e9l\u00e9gations d&rsquo;entreprises allemandes au Vietnam en septembre et octobre 2025 afin d&rsquo;explorer les opportunit\u00e9s de coop\u00e9ration, a-t-elle pr\u00e9cis\u00e9.<\/p>\n<p style=\"text-align:left\">Le BVMW compte actuellement environ 900.000 entreprises membres, dispose de 300 bureaux de repr\u00e9sentation \u00e0 travers le pays et de repr\u00e9sentants dans 75 pays. L&rsquo;association organise pr\u00e8s de 2.000 \u00e9v\u00e9nements de r\u00e9seautage d&rsquo;affaires chaque ann\u00e9e.<\/p>\n<p style=\"text-align:right\"><b>VNA\/CVN<\/b><\/p>\n","protected":false},"excerpt":{"rendered":"&#13; Le Vietnam, partenaire fiable de l&rsquo;Allemagne&#13; Dans un contexte politique et \u00e9conomique mondial complexe, les entreprises allemandes&hellip;\n","protected":false},"author":2,"featured_media":15050,"comment_status":"","ping_status":"","sticky":false,"template":"","format":"standard","meta":{"footnotes":""},"categories":[1587],"tags":[11,672,1804,6363,1805,1803,1777,674,1801,12,6362,1802,951],"class_list":{"0":"post-15049","1":"post","2":"type-post","3":"status-publish","4":"format-standard","5":"has-post-thumbnail","7":"category-allemagne","8":"tag-actualites","9":"tag-allemagne","10":"tag-bundesrepublik-deutschland","11":"tag-contexte-politico-economique-mondial-complexe","12":"tag-de","13":"tag-deutschland","14":"tag-eu","15":"tag-europe","16":"tag-germany","17":"tag-news","18":"tag-partenaire-fiable","19":"tag-republique-federale-dallemagne","20":"tag-vietnam"},"share_on_mastodon":{"url":"https:\/\/pubeurope.com\/@fr\/114313884085210608","error":""},"_links":{"self":[{"href":"https:\/\/www.europesays.com\/fr\/wp-json\/wp\/v2\/posts\/15049","targetHints":{"allow":["GET"]}}],"collection":[{"href":"https:\/\/www.europesays.com\/fr\/wp-json\/wp\/v2\/posts"}],"about":[{"href":"https:\/\/www.europesays.com\/fr\/wp-json\/wp\/v2\/types\/post"}],"author":[{"embeddable":true,"href":"https:\/\/www.europesays.com\/fr\/wp-json\/wp\/v2\/users\/2"}],"replies":[{"embeddable":true,"href":"https:\/\/www.europesays.com\/fr\/wp-json\/wp\/v2\/comments?post=15049"}],"version-history":[{"count":0,"href":"https:\/\/www.europesays.com\/fr\/wp-json\/wp\/v2\/posts\/15049\/revisions"}],"wp:featuredmedia":[{"embeddable":true,"href":"https:\/\/www.europesays.com\/fr\/wp-json\/wp\/v2\/media\/15050"}],"wp:attachment":[{"href":"https:\/\/www.europesays.com\/fr\/wp-json\/wp\/v2\/media?parent=15049"}],"wp:term":[{"taxonomy":"category","embeddable":true,"href":"https:\/\/www.europesays.com\/fr\/wp-json\/wp\/v2\/categories?post=15049"},{"taxonomy":"post_tag","embeddable":true,"href":"https:\/\/www.europesays.com\/fr\/wp-json\/wp\/v2\/tags?post=15049"}],"curies":[{"name":"wp","href":"https:\/\/api.w.org\/{rel}","templated":true}]}}