{"id":150492,"date":"2025-06-04T03:38:11","date_gmt":"2025-06-04T03:38:11","guid":{"rendered":"https:\/\/www.europesays.com\/fr\/150492\/"},"modified":"2025-06-04T03:38:11","modified_gmt":"2025-06-04T03:38:11","slug":"cest-donc-possible-lespagne-annule-un-contrat-darmement-de-290-millions-deuros-avec-une-entreprise-israelienne","status":"publish","type":"post","link":"https:\/\/www.europesays.com\/fr\/150492\/","title":{"rendered":"C&rsquo;est donc possible : l&rsquo;Espagne annule un contrat d&rsquo;armement de 290 millions d&rsquo;euros avec une entreprise isra\u00e9lienne"},"content":{"rendered":"<p>Le minist\u00e8re de la D\u00e9fense espagnol a d\u00e9cid\u00e9 d\u2019annuler l\u2019achat de 1 680 missiles antichars Spike LR2, mettant fin \u00e0 un contrat de 287,4 millions d\u2019euros conclu le 23 novembre 2023, c\u2019est-\u00e0-dire deux semaines apr\u00e8s le d\u00e9but du massacre initi\u00e9 par Isra\u00ebl en r\u00e9ponse \u00e0 l\u2019attaque du Hamas du 7 octobre. L\u2019information a \u00e9t\u00e9 r\u00e9v\u00e9l\u00e9e ce mardi 3 juin par <a href=\"https:\/\/cadenaser.com\/nacional\/2025\/06\/03\/defensa-ordena-revocar-la-licencia-de-los-misiles-israelies-spike-lr2-que-iban-a-equipar-al-ejercito-de-tierra-cadena-ser\/\" target=\"_blank\" rel=\"noreferrer noopener\">le m\u00e9dia public espagnol Cadena SER<\/a>, qui a pr\u00e9cis\u00e9 que l\u2019armement en question devait \u00eatre fabriqu\u00e9 dans le pays ib\u00e9rique sous licence de l\u2019entreprise isra\u00e9lienne Rafael.\u00a0<\/p>\n<p>Des sources au sein du gouvernement espagnol auraient pr\u00e9cis\u00e9 qu\u2019un programme de fabrication de lance-roquettes allait se poursuivre mais sans incorporer de technologie provenant de l\u2019entreprise isra\u00e9lienne Elbit, comme pr\u00e9vu initialement.\u00a0<\/p>\n<p>Ces deux d\u00e9cisions font suite au projet de \u00ab d\u00e9connexion technologique \u00bb annonc\u00e9 vendredi 31 mai par la secr\u00e9taire d\u2019\u00c9tat \u00e0 la D\u00e9fense, Amparo Valcarce. Ce plan doit contribuer \u00ab au d\u00e9sengagement des d\u00e9pendances\u00a0d\u2019autres pays (en mati\u00e8re militaire) et en particulier de l\u2019\u00c9tat d\u2019Isra\u00ebl \u00bb.\u00a0<\/p>\n<p>L\u2019Espagne : toujours plus de mesures contre le gouvernement Netanyahou<\/p>\n<p><a href=\"https:\/\/www.humanite.fr\/monde\/espagne\/reconnaissance-de-la-palestine-lexemple-espagnol-pour-leurope\" target=\"_blank\" rel=\"noreferrer noopener\">Fer de lance des pays europ\u00e9ens promouvant la fin du bain de sang perp\u00e9tr\u00e9 par Isra\u00ebl<\/a> depuis maintenant vingt mois, le gouvernement dirig\u00e9 par le socialiste Pedro Sanchez est pouss\u00e9 \u00e0 prendre toujours <a href=\"https:\/\/www.humanite.fr\/monde\/espagne\/un-jour-historique-et-important-lespagne-lirlande-et-la-norvege-reconnaissent-letat-palestinien\" target=\"_blank\" rel=\"noreferrer noopener\">plus de mesures contre le gouvernement<\/a> de l\u2019ultra-droitier Benyamin Netanyahou, press\u00e9 par une opinion publique solidaires de la cause palestinienne ainsi que par <a href=\"https:\/\/www.humanite.fr\/monde\/espagne\/pour-lambassadeur-de-la-palestine-en-espagne-leurope-pourrait-jouer-un-role-decisif-en-faveur-de-la-paix\" target=\"_blank\" rel=\"noreferrer noopener\">l\u2019aile gauche de la coalition au pouvoir<\/a>. \u00a0<\/p>\n<p>Ainsi, la mise en \u0153uvre du plan lanc\u00e9 par le minist\u00e8re de la D\u00e9fense pr\u00e9pare l\u2019entr\u00e9e en vigueur de la proposition de loi \u2013 actuellement au Congr\u00e8s \u00e0 l\u2019initiative de la coaliton progressiste Sumar \u2013 sur l\u2019embargo sur le commerce d\u2019armes avec des pays inculp\u00e9s par les tribunaux internationaux pour crimes contre l\u2019humanit\u00e9 (comme Isra\u00ebl).\u00a0<\/p>\n<p>En avril dernier, le gouvernement espagnol a fait face \u00e0 un toll\u00e9 provoqu\u00e9 par la r\u00e9v\u00e9lation d\u2019un contrat de 6,8 millions d\u2019euros pour l\u2019achat de munitions en provenance d\u2019Isra\u00ebl destin\u00e9es \u00e0 la Garde civile. L\u2019aile gauche du gouvernement <a href=\"https:\/\/www.humanite.fr\/monde\/armement\/espagne-un-contrat-darmement-avec-une-firme-israelienne-attise-les-divisions-au-sein-du-gouvernement-de-gauche\" target=\"_blank\" rel=\"noreferrer noopener\">avait finalement fait plier le chef du gouvernement<\/a>, d\u00e9j\u00e0 tr\u00e8s critiqu\u00e9 apr\u00e8s l\u2019annonce d\u2019une augmentation des d\u00e9penses militaires de 10,4\u00a0milliards d\u2019euros afin d\u2019atteindre les 2\u00a0% du PIB demand\u00e9s par l\u2019Otan.\u00a0<\/p>\n<p>Vers un embargo international sur la fourniture d\u2019armements \u00e0 Isra\u00ebl ?<\/p>\n<p>Pedro S\u00e1nchez, qui a utilis\u00e9 pour la premi\u00e8re fois, le mois dernier, publiquement le terme de \u00ab g\u00e9nocide \u00bb pour qualifier la situation \u00e0 Gaza, a d\u00e9fendu un embargo international sur la fourniture d\u2019armements \u00e0 Isra\u00ebl, et a inclus un veto sur l\u2019utilisation de la technologie isra\u00e9lienne dans les syst\u00e8mes d\u2019armes fabriqu\u00e9s en Espagne.\u00a0<\/p>\n<p>En revanche, le quotidien <a href=\"https:\/\/elpais.com\/espana\/2025-06-03\/defensa-cancela-la-compra-de-1680-misiles-contracarro-bajo-licencia-israeli.html\" target=\"_blank\" rel=\"noopener\">El Pa\u00eds<\/a> assure, citant des sources gouvernementales, qu\u2019\u00ab un troisi\u00e8me grand contrat conclu entre le minist\u00e8re de la D\u00e9fense et l\u2019industrie militaire isra\u00e9lienne \u00bb se poursuit. Il s\u2019agit de l\u2019acquisition de technologie laser destin\u00e9e \u00e0 \u00e9quiper les avions de combat Eurofighter ; un achat men\u00e9 par le consortium g\u00e9rant ce programme international.\u00a0<\/p>\n<p><a href=\"https:\/\/www.humanite.fr\/politique\/bande-de-gaza\/la-gauche-mobilisee-pour-dire-stop-au-genocide-a-gaza\" target=\"_blank\" rel=\"noreferrer noopener\">En France<\/a>, plusieurs associations ont <a href=\"https:\/\/www.humanite.fr\/en-debat\/armement\/eurosatory-israel-prive-de-salon-de-larmement\" target=\"_blank\" rel=\"noreferrer noopener\">une nouvelle fois assign\u00e9 en justice le Salon a\u00e9rospatial du Bourget<\/a> (Seine-Saint-Denis) qui doit se tenir du 16 au 22 juin,\u00a0reprochant \u00e0 ses organisateurs de promouvoir des entreprises du secteur de la d\u00e9fense, notamment plusieurs isra\u00e9liennes. \u00a0<\/p>\n<p>En France \u201caucune mesure forte et concr\u00e8te pour mettre un terme \u00e0 l\u2019armement du g\u00e9nocide\u201d<\/p>\n<p>Ce 4 juin, le Salon devra r\u00e9pondre devant la justice \u00ab de l\u2019accueil d\u2019entreprises qui participeraient aux crimes internationaux isra\u00e9liens \u00bb, ont d\u00e9nonc\u00e9 les promoteurs de l\u2019action en justice, les associations Al-Haq, Union juive fran\u00e7aise pour la paix, Attac-France, Stop Fuelling War et Survie, avec la coordination de Droit &amp; Mouvements Sociaux.\u00a0<\/p>\n<p>\u00ab Alors que l\u2019Espagne commence \u00e0 prendre de r\u00e9elles mesures contre le commerce des armes avec Isra\u00ebl en limitant non seulement les ventes d\u2019armes mais aussi les achats et autres partenariats, la France n\u2019a \u00e0 ce jour pris aucune mesure forte et concr\u00e8te pour <a href=\"https:\/\/www.humanite.fr\/monde\/armee-israelienne\/a-gaza-un-crime-de-genocide-qui-ne-dit-pas-son-nom\" target=\"_blank\" rel=\"noopener\">mettre un terme \u00e0 l\u2019armement du g\u00e9nocide<\/a> \u00bb estime pour sa part Laura Z., membre de <a href=\"https:\/\/www.humanite.fr\/monde\/armement\/eurosatory-la-justice-confirme-linterdiction-pour-les-entreprises-darmement-israeliennes-celles-ci-contestent\" target=\"_blank\" rel=\"noreferrer noopener\">Stop Arming Israel France<\/a>. <\/p>\n<p>En pointant du doigt un double discours de la part des autorit\u00e9s de l\u2019Hexagone \u2013 qui appellerait \u00e0 la paix tout en continuant d\u2019autoriser et de favoriser le commerce des armes avec le gouvernement de Benyamin Netanyahou \u2013 l\u2019activiste souligne que le fait d\u2019interdire la participation d\u2019Isra\u00ebl au <a href=\"https:\/\/www.humanite.fr\/en-debat\/ventes-darmes\/salon-mondial-des-ventes-darmements-deurosatory-non-a-leconomie-de-guerre-754171\" target=\"_blank\" rel=\"noopener\">Salon du Bourget<\/a> serait un premier pas dans la bonne direction. \u00ab En continuant d\u2019autoriser la participation d\u2019Isra\u00ebl \u00e0 un des principaux salons d\u2019armement au monde, la France lui permet non seulement d\u2019acheter des armes qui serviront \u00e0 <a href=\"https:\/\/www.humanite.fr\/monde\/armee-israelienne\/crime-contre-lhumanite-crime-de-guerre-et-nettoyage-ethnique-un-rapport-de-human-rights-watch-accablant-pour-i\" target=\"_blank\" rel=\"noopener\">commettre des crimes de guerre<\/a>, mais aussi de vendre ses propres produits \u201ctest\u00e9s au combat\u201d, c\u2019est \u00e0 dire sur les civils palestiniens \u00bb, regrette-t-elle. Mais pour Laura Z. quelles que soient les d\u00e9cisions prises par le gouvernement ou la justice fran\u00e7aise, \u00ab la mobilisation populaire \u00bb\u00a0continuera jusqu\u2019\u00e0 l\u2019arr\u00eat total du <a href=\"https:\/\/www.humanite.fr\/monde\/bande-de-gaza\/crime-de-guerre-crime-contre-lhumanite-destruction-gratuite-du-systeme-de-sante-le-rapport-accablant-de-l\" target=\"_blank\" rel=\"noopener\">commerce d\u2019armement avec Isra\u00ebl<\/a>.\u00a0<\/p>\n<p>Le journal des intelligences libres<\/p>\n<p>\u00ab C\u2019est par des informations \u00e9tendues et exactes que nous voudrions donner \u00e0 toutes les intelligences libres <strong>le moyen de comprendre et de juger elles-m\u00eames les \u00e9v\u00e9nements du monde<\/strong>. \u00bb<br \/>Tel \u00e9tait <strong>\u00ab\u00a0Notre but\u00a0\u00bb<\/strong>, comme l\u2019\u00e9crivait Jean Jaur\u00e8s dans le premier \u00e9ditorial de l\u2019Humanit\u00e9.<br \/><strong>120 ans plus tard, il n\u2019a pas chang\u00e9. <br \/>Gr\u00e2ce \u00e0 vous. <\/strong><br \/>Soutenez-nous\u00a0! Votre don sera d\u00e9fiscalis\u00e9\u00a0: donner 5\u20ac vous reviendra \u00e0 1.65\u20ac. Le prix d\u2019un caf\u00e9.<br \/><a href=\"https:\/\/www.humanite.fr\/lhumanite-cest-vous\" target=\"_blank\" rel=\"noopener\">Je veux en savoir plus\u00a0!<\/a><\/p>\n","protected":false},"excerpt":{"rendered":"Le minist\u00e8re de la D\u00e9fense espagnol a d\u00e9cid\u00e9 d\u2019annuler l\u2019achat de 1 680 missiles antichars Spike LR2, mettant&hellip;\n","protected":false},"author":2,"featured_media":150493,"comment_status":"","ping_status":"","sticky":false,"template":"","format":"standard","meta":{"footnotes":""},"categories":[5],"tags":[11,1924,7976,1081,123,1011,27,665,14,16785,12,3518,28],"class_list":{"0":"post-150492","1":"post","2":"type-post","3":"status-publish","4":"format-standard","5":"has-post-thumbnail","7":"category-international","8":"tag-actualites","9":"tag-armement","10":"tag-boycott","11":"tag-crimes-de-guerre","12":"tag-espagne","13":"tag-fr","14":"tag-france","15":"tag-gaza","16":"tag-international","17":"tag-israu00ebl","18":"tag-news","19":"tag-palestine","20":"tag-world"},"share_on_mastodon":{"url":"https:\/\/pubeurope.com\/@fr\/114623014697683342","error":""},"_links":{"self":[{"href":"https:\/\/www.europesays.com\/fr\/wp-json\/wp\/v2\/posts\/150492","targetHints":{"allow":["GET"]}}],"collection":[{"href":"https:\/\/www.europesays.com\/fr\/wp-json\/wp\/v2\/posts"}],"about":[{"href":"https:\/\/www.europesays.com\/fr\/wp-json\/wp\/v2\/types\/post"}],"author":[{"embeddable":true,"href":"https:\/\/www.europesays.com\/fr\/wp-json\/wp\/v2\/users\/2"}],"replies":[{"embeddable":true,"href":"https:\/\/www.europesays.com\/fr\/wp-json\/wp\/v2\/comments?post=150492"}],"version-history":[{"count":0,"href":"https:\/\/www.europesays.com\/fr\/wp-json\/wp\/v2\/posts\/150492\/revisions"}],"wp:featuredmedia":[{"embeddable":true,"href":"https:\/\/www.europesays.com\/fr\/wp-json\/wp\/v2\/media\/150493"}],"wp:attachment":[{"href":"https:\/\/www.europesays.com\/fr\/wp-json\/wp\/v2\/media?parent=150492"}],"wp:term":[{"taxonomy":"category","embeddable":true,"href":"https:\/\/www.europesays.com\/fr\/wp-json\/wp\/v2\/categories?post=150492"},{"taxonomy":"post_tag","embeddable":true,"href":"https:\/\/www.europesays.com\/fr\/wp-json\/wp\/v2\/tags?post=150492"}],"curies":[{"name":"wp","href":"https:\/\/api.w.org\/{rel}","templated":true}]}}