{"id":150498,"date":"2025-06-04T03:41:12","date_gmt":"2025-06-04T03:41:12","guid":{"rendered":"https:\/\/www.europesays.com\/fr\/150498\/"},"modified":"2025-06-04T03:41:12","modified_gmt":"2025-06-04T03:41:12","slug":"jason-chicandier-organise-le-premier-duel-culinaire-barbecue-contre-brasero","status":"publish","type":"post","link":"https:\/\/www.europesays.com\/fr\/150498\/","title":{"rendered":"JASON CHICANDIER ORGANISE LE PREMIER DUEL CULINAIRE BARBECUE CONTRE BRASERO"},"content":{"rendered":"<p>                <a href=\"https:\/\/42info.fr\/gagnez-vos-airpods-pro\/\" target=\"_blank\" aria-label=\"Gagnez Airpod\" rel=\"noopener\"><img loading=\"lazy\" decoding=\"async\" src=\"https:\/\/www.europesays.com\/fr\/wp-content\/uploads\/2025\/05\/Gagnez-Airpod-scaled.jpg\" alt=\"\"   width=\"2560\" height=\"960\"\/><\/a><\/p>\n<p>Apr\u00e8s son record mondial de raclette, il lance un d\u00e9fi in\u00e9dit : d\u00e9partager barbecue et brasero lors d\u2019un concours gastronomique le 14 juin prochain \u00e0 Bellegarde-en-Forez.<\/p>\n<p>Une inspiration n\u00e9e d\u2019une passion parisienne<\/p>\n<p>L\u2019id\u00e9e germe lors d\u2019une visite au salon sp\u00e9cialis\u00e9 de la r\u00e9gion parisienne, o\u00f9 Jason Chicandier d\u00e9couvre l\u2019univers passionnant des amateurs de cuisson en plein air. Cette immersion r\u00e9v\u00e8le l\u2019existence de deux communaut\u00e9s distinctes, chacune revendiquant la sup\u00e9riorit\u00e9 de sa m\u00e9thode culinaire.<\/p>\n<p>Cette observation donne naissance \u00e0 un concept original : organiser la premi\u00e8re confrontation officielle entre ces deux \u00e9coles de la cuisine d\u2019ext\u00e9rieur. L\u2019\u00e9v\u00e9nement promet de r\u00e9v\u00e9ler enfin quelle technique l\u2019emporte entre tradition et modernit\u00e9 culinaire.<\/p>\n<p>Bellegarde-en-Forez, cadre id\u00e9al pour l\u2019\u00e9v\u00e9nement<\/p>\n<p>Le choix du lieu ne doit rien au hasard. Le stade de Bellegarde-en-Forez offre l\u2019espace n\u00e9cessaire pour accueillir cette manifestation d\u2019envergure tout en b\u00e9n\u00e9ficiant d\u2019un cadre exceptionnel avec vue sur le ch\u00e2teau local.<\/p>\n<p>Cette collaboration avec Bellegarde Sports, Bellegarde en F\u00eate et l\u2019Agence Co\u00efncidence t\u00e9moigne de la dynamique partenariale qui anime ce projet. L\u2019infrastructure sportive se pr\u00eate parfaitement \u00e0 l\u2019organisation d\u2019un tel rassemblement convivial.<\/p>\n<p>Un jury pour trancher le d\u00e9bat s\u00e9culaire<\/p>\n<p>Plus de 700 participants sont attendus pour cette journ\u00e9e plac\u00e9e sous le signe de la gastronomie et de la convivialit\u00e9. Amateurs \u00e9clair\u00e9s, professionnels de la restauration et simples curieux se c\u00f4toieront pour assister \u00e0 cette premi\u00e8re historique.<\/p>\n<p>Un jury sp\u00e9cialis\u00e9 aura la lourde responsabilit\u00e9 de d\u00e9partager les deux camps en \u00e9valuant les cr\u00e9ations culinaires selon des crit\u00e8res stricts. Cette expertise permettra enfin de r\u00e9pondre scientifiquement \u00e0 la question qui divise les passionn\u00e9s de cuisine d\u2019ext\u00e9rieur.<\/p>\n<p>Une formule accessible et g\u00e9n\u00e9reuse<\/p>\n<p>L\u2019acc\u00e8s \u00e0 cette journ\u00e9e exceptionnelle est fix\u00e9 \u00e0 39 euros, incluant le repas et l\u2019ensemble des animations pr\u00e9vues. Cette tarification d\u00e9mocratique vise \u00e0 rendre l\u2019\u00e9v\u00e9nement accessible au plus grand nombre tout en maintenant une qualit\u00e9 d\u2019accueil optimale.<\/p>\n<p>Cette approche inclusive s\u2019inscrit dans la philosophie de Jason Chicandier, qui privil\u00e9gie toujours le partage et la convivialit\u00e9 dans ses initiatives. L\u2019objectif reste de cr\u00e9er un moment collectif m\u00e9morable pour tous les participants.<\/p>\n<p>Une dimension solidaire assum\u00e9e<\/p>\n<p>Au-del\u00e0 de l\u2019aspect festif, cet \u00e9v\u00e9nement porte une dimension caritative forte. L\u2019int\u00e9gralit\u00e9 des b\u00e9n\u00e9fices sera redistribu\u00e9e \u00e0 plusieurs associations locales, notamment Le R\u00eave de Camille et DNA (Dr\u00f4le de Nom pour une Association).<\/p>\n<p>Cette g\u00e9n\u00e9rosit\u00e9 se prolonge par la donation des surplus alimentaires aux Restos du C\u0153ur, \u00e9vitant tout gaspillage et contribuant \u00e0 l\u2019aide aux plus d\u00e9munis. Cette d\u00e9marche responsable t\u00e9moigne de l\u2019engagement social de l\u2019organisateur.<\/p>\n<p>Un concept novateur dans le paysage \u00e9v\u00e9nementiel<\/p>\n<p>Cette initiative s\u2019inscrit dans la continuit\u00e9 des projets originaux port\u00e9s par l\u2019humoriste st\u00e9phanois. Apr\u00e8s le succ\u00e8s retentissant de sa raclette g\u00e9ante, ce nouveau d\u00e9fi confirme sa capacit\u00e9 \u00e0 innover dans l\u2019\u00e9v\u00e9nementiel gastronomique.<\/p>\n<p>L\u2019originalit\u00e9 du concept r\u00e9side dans la mise en sc\u00e8ne d\u2019une rivalit\u00e9 bon enfant entre deux traditions culinaires. Cette approche ludique transforme un simple rassemblement en v\u00e9ritable spectacle participatif.<\/p>\n<p>L\u2019art de f\u00e9d\u00e9rer autour de la table<\/p>\n<p>Jason Chicandier excelle dans l\u2019art de rassembler les foules autour de projets f\u00e9d\u00e9rateurs. Sa recette du succ\u00e8s m\u00e9lange habilement divertissement, gastronomie et engagement solidaire pour cr\u00e9er des \u00e9v\u00e9nements marquants.<\/p>\n<p>Cette nouvelle aventure culinaire promet de confirmer son statut d\u2019organisateur inventif, capable de transformer n\u2019importe quel pr\u00e9texte en moment de partage collectif. Le rendez-vous est pris pour d\u00e9couvrir qui du barbecue ou du brasero remportera cette premi\u00e8re bataille culinaire.<\/p>\n<p>Un pari sur l\u2019authenticit\u00e9 et la convivialit\u00e9<\/p>\n<p>Dans un monde o\u00f9 les \u00e9v\u00e9nements virtuels se multiplient, cette initiative mise r\u00e9solument sur les rencontres authentiques et les plaisirs simples. Elle rappelle que rien ne remplace le plaisir de se retrouver autour d\u2019un bon repas.<\/p>\n<p>Le succ\u00e8s annonc\u00e9 de cette manifestation confirme l\u2019app\u00e9tit du public pour des \u00e9v\u00e9nements originaux alliant d\u00e9couverte, partage et g\u00e9n\u00e9rosit\u00e9. Une recette gagnante que Jason Chicandier ma\u00eetrise d\u00e9sormais \u00e0 la perfection.<\/p>\n","protected":false},"excerpt":{"rendered":"Apr\u00e8s son record mondial de raclette, il lance un d\u00e9fi in\u00e9dit : d\u00e9partager barbecue et brasero lors d\u2019un&hellip;\n","protected":false},"author":2,"featured_media":150499,"comment_status":"","ping_status":"","sticky":false,"template":"","format":"standard","meta":{"footnotes":""},"categories":[9653],"tags":[1111,11,2430,27588,27591,1777,674,1011,27,27979,3367,12,25,4001],"class_list":{"0":"post-150498","1":"post","2":"type-post","3":"status-publish","4":"format-standard","5":"has-post-thumbnail","7":"category-saint-etienne","8":"tag-actu","9":"tag-actualites","10":"tag-auvergne-rhone-alpes","11":"tag-barbecue","12":"tag-bellegarde-en-forez","13":"tag-eu","14":"tag-europe","15":"tag-fr","16":"tag-france","17":"tag-jason-chicandier","18":"tag-loire","19":"tag-news","20":"tag-republique-francaise","21":"tag-saint-etienne"},"share_on_mastodon":{"url":"https:\/\/pubeurope.com\/@fr\/114623026539009178","error":""},"_links":{"self":[{"href":"https:\/\/www.europesays.com\/fr\/wp-json\/wp\/v2\/posts\/150498","targetHints":{"allow":["GET"]}}],"collection":[{"href":"https:\/\/www.europesays.com\/fr\/wp-json\/wp\/v2\/posts"}],"about":[{"href":"https:\/\/www.europesays.com\/fr\/wp-json\/wp\/v2\/types\/post"}],"author":[{"embeddable":true,"href":"https:\/\/www.europesays.com\/fr\/wp-json\/wp\/v2\/users\/2"}],"replies":[{"embeddable":true,"href":"https:\/\/www.europesays.com\/fr\/wp-json\/wp\/v2\/comments?post=150498"}],"version-history":[{"count":0,"href":"https:\/\/www.europesays.com\/fr\/wp-json\/wp\/v2\/posts\/150498\/revisions"}],"wp:featuredmedia":[{"embeddable":true,"href":"https:\/\/www.europesays.com\/fr\/wp-json\/wp\/v2\/media\/150499"}],"wp:attachment":[{"href":"https:\/\/www.europesays.com\/fr\/wp-json\/wp\/v2\/media?parent=150498"}],"wp:term":[{"taxonomy":"category","embeddable":true,"href":"https:\/\/www.europesays.com\/fr\/wp-json\/wp\/v2\/categories?post=150498"},{"taxonomy":"post_tag","embeddable":true,"href":"https:\/\/www.europesays.com\/fr\/wp-json\/wp\/v2\/tags?post=150498"}],"curies":[{"name":"wp","href":"https:\/\/api.w.org\/{rel}","templated":true}]}}