{"id":150500,"date":"2025-06-04T03:42:13","date_gmt":"2025-06-04T03:42:13","guid":{"rendered":"https:\/\/www.europesays.com\/fr\/150500\/"},"modified":"2025-06-04T03:42:13","modified_gmt":"2025-06-04T03:42:13","slug":"saint-etienne-tempete-politique-autour-du-financement-des-ecoles-privees","status":"publish","type":"post","link":"https:\/\/www.europesays.com\/fr\/150500\/","title":{"rendered":"SAINT-\u00c9TIENNE : TEMP\u00caTE POLITIQUE AUTOUR DU FINANCEMENT DES \u00c9COLES PRIV\u00c9ES"},"content":{"rendered":"<p>                <a href=\"https:\/\/42info.fr\/gagnez-vos-airpods-pro\/\" target=\"_blank\" aria-label=\"Gagnez Airpod\" rel=\"nofollow noopener\"><img loading=\"lazy\" decoding=\"async\" src=\"https:\/\/www.europesays.com\/fr\/wp-content\/uploads\/2025\/05\/Gagnez-Airpod-scaled.jpg\" alt=\"\"   width=\"2560\" height=\"960\"\/><\/a><\/p>\n<p>Face aux r\u00e9v\u00e9lations d\u2019un collectif, la municipalit\u00e9 contre-attaque en d\u00e9non\u00e7ant des \u00ab\u00a0man\u0153uvres politiques\u00a0\u00bb \u00e0 moins d\u2019un an des municipales.<\/p>\n<p>Une erreur budg\u00e9taire qui fait scandale<\/p>\n<p>La controverse \u00e9clate autour d\u2019un suppos\u00e9 surplus de financement accord\u00e9 aux \u00e9coles priv\u00e9es sur la base de d\u00e9clarations d\u2019effectifs erron\u00e9es. Selon les accusations port\u00e9es par un collectif, ces \u00e9tablissements auraient b\u00e9n\u00e9fici\u00e9 de 270 000 euros ind\u00fbment vers\u00e9s sur six ann\u00e9es cons\u00e9cutives.<\/p>\n<p>Dominique Manin, adjointe municipale en charge de l\u2019\u00e9ducation, reconna\u00eet une erreur involontaire mais en minimise la port\u00e9e. Elle \u00e9voque une confusion administrative concernant une classe passerelle de petite maternelle, sans remettre en cause l\u2019int\u00e9grit\u00e9 du processus global de financement.<\/p>\n<p>Une enqu\u00eate aux conclusions limit\u00e9es<\/p>\n<p>L\u2019investigation men\u00e9e par la municipalit\u00e9, en collaboration avec l\u2019inspection d\u2019acad\u00e9mie et la direction dioc\u00e9saine, bute sur l\u2019impossibilit\u00e9 de v\u00e9rifier r\u00e9troactivement les donn\u00e9es sur plusieurs ann\u00e9es. Cette limitation technique complique l\u2019\u00e9tablissement de la v\u00e9rit\u00e9 sur l\u2019ampleur r\u00e9elle des dysfonctionnements.<\/p>\n<p>En r\u00e9ponse imm\u00e9diate, la ville s\u2019engage \u00e0 rediriger 34 000 euros initialement destin\u00e9s au priv\u00e9 vers les \u00e9coles publiques pour l\u2019ann\u00e9e en cours. Cette mesure corrective vise \u00e0 apaiser les tensions tout en affirmant la bonne foi municipale.<\/p>\n<p>Le maire pointe du doigt l\u2019opposition<\/p>\n<p>Ga\u00ebl Perdriau adopte une strat\u00e9gie offensive en s\u2019attaquant directement aux motivations de ses d\u00e9tracteurs. Il conteste formellement l\u2019existence de malversations et d\u00e9nonce une instrumentalisation politique de cette affaire \u00e0 des fins \u00e9lectoralistes.<\/p>\n<p>Le premier magistrat remet en question la l\u00e9gitimit\u00e9 du pr\u00e9tendu \u00ab\u00a0lanceur d\u2019alerte\u00a0\u00bb, s\u2019interrogeant sur les raisons d\u2019une r\u00e9v\u00e9lation si tardive. Il soup\u00e7onne une orchestration d\u00e9lib\u00e9r\u00e9e visant \u00e0 nuire \u00e0 son image en p\u00e9riode pr\u00e9-\u00e9lectorale.<\/p>\n<p>Des accusations nominatives explosives<\/p>\n<p>Dans une escalade rh\u00e9torique remarquable, le maire d\u00e9signe explicitement C\u00e9cile Juanico, \u00e9pouse du candidat socialiste R\u00e9gis Juanico, comme source potentielle des fuites. Cette accusation directe, bas\u00e9e sur ses anciennes fonctions \u00e0 l\u2019inspection d\u2019acad\u00e9mie, transforme l\u2019affaire en r\u00e8glement de comptes personnel.<\/p>\n<p>Cette mise en cause nominative \u00e9l\u00e8ve consid\u00e9rablement le niveau de tension politique locale. Elle t\u00e9moigne de la d\u00e9t\u00e9rioration des relations entre camps politiques \u00e0 l\u2019approche des \u00e9ch\u00e9ances \u00e9lectorales de 2026.<\/p>\n<p>L\u2019arsenal judiciaire mobilis\u00e9<\/p>\n<p>Pour appuyer sa contre-offensive, Ga\u00ebl Perdriau annonce le d\u00e9p\u00f4t de deux plaintes p\u00e9nales : une pour divulgation d\u2019informations confidentielles et une autre pour recel de ces m\u00eames informations. Cette judiciarisation marque un durcissement notable du conflit politique.<\/p>\n<p>Ces proc\u00e9dures visent manifestement \u00e0 dissuader d\u2019\u00e9ventuelles nouvelles r\u00e9v\u00e9lations tout en retournant l\u2019accusation contre les d\u00e9tracteurs du maire. Elles illustrent la strat\u00e9gie de d\u00e9fense agressive adopt\u00e9e par l\u2019\u00e9quipe municipale.<\/p>\n<p>Une union d\u2019opposition qui inqui\u00e8te<\/p>\n<p>Au-del\u00e0 de cette affaire sp\u00e9cifique, le maire r\u00e9agit \u00e9galement \u00e0 la constitution d\u2019une coalition de droite et du centre contre sa r\u00e9\u00e9lection. Il qualifie cette alliance de \u00ab\u00a0contre-nature\u00a0\u00bb et pr\u00e9dit son \u00e9clatement prochain.<\/p>\n<p>Cette analyse r\u00e9v\u00e8le les pr\u00e9occupations r\u00e9elles de l\u2019\u00e9dile face \u00e0 un front uni de l\u2019opposition. Sa rh\u00e9torique combative trahit une certaine nervosit\u00e9 face \u00e0 ce regroupement in\u00e9dit de ses adversaires politiques.<\/p>\n<p>Entre d\u00e9ni et anticipation \u00e9lectorale<\/p>\n<p>Tout en affirmant que \u00ab\u00a0l\u2019heure de la campagne\u00a0\u00bb n\u2019a pas encore sonn\u00e9, Ga\u00ebl Perdriau multiplie les d\u00e9clarations \u00e0 tonalit\u00e9 ouvertement \u00e9lectorale. Cette contradiction apparente t\u00e9moigne de l\u2019impossibilit\u00e9 de s\u00e9parer gestion municipale et enjeux politiques futurs.<\/p>\n<p>Le maire adopte une posture de victime tout en se montrant combatif, cherchant \u00e0 transformer cette pol\u00e9mique en d\u00e9monstration de force face \u00e0 ses opposants. Cette strat\u00e9gie de communication r\u00e9v\u00e8le sa volont\u00e9 de contr\u00f4ler le narratif m\u00e9diatique.<\/p>\n<p>Des questions sans r\u00e9ponses<\/p>\n<p>L\u2019absence de r\u00e9action de l\u2019Acad\u00e9mie et de R\u00e9gis Juanico aux sollicitations journalistiques laisse planer des zones d\u2019ombre sur cette affaire. Ce silence peut \u00eatre interpr\u00e9t\u00e9 comme une prudence juridique ou une strat\u00e9gie d\u2019\u00e9vitement du pi\u00e8ge tendu par le maire.<\/p>\n<p>La v\u00e9rit\u00e9 sur cette controverse n\u00e9cessitera probablement l\u2019intervention de la justice pour d\u00e9partager les versions contradictoires. En attendant, cette pol\u00e9mique empoisonne durablement le climat politique st\u00e9phanois \u00e0 l\u2019approche des municipales.<\/p>\n","protected":false},"excerpt":{"rendered":"Face aux r\u00e9v\u00e9lations d\u2019un collectif, la municipalit\u00e9 contre-attaque en d\u00e9non\u00e7ant des \u00ab\u00a0man\u0153uvres politiques\u00a0\u00bb \u00e0 moins d\u2019un an des&hellip;\n","protected":false},"author":2,"featured_media":150501,"comment_status":"","ping_status":"","sticky":false,"template":"","format":"standard","meta":{"footnotes":""},"categories":[9653],"tags":[1111,11,2430,1777,674,1011,27,12242,3367,12,316,25,4001],"class_list":{"0":"post-150500","1":"post","2":"type-post","3":"status-publish","4":"format-standard","5":"has-post-thumbnail","7":"category-saint-etienne","8":"tag-actu","9":"tag-actualites","10":"tag-auvergne-rhone-alpes","11":"tag-eu","12":"tag-europe","13":"tag-fr","14":"tag-france","15":"tag-gael-perdriau","16":"tag-loire","17":"tag-news","18":"tag-politique","19":"tag-republique-francaise","20":"tag-saint-etienne"},"share_on_mastodon":{"url":"https:\/\/pubeurope.com\/@fr\/114623030440642447","error":""},"_links":{"self":[{"href":"https:\/\/www.europesays.com\/fr\/wp-json\/wp\/v2\/posts\/150500","targetHints":{"allow":["GET"]}}],"collection":[{"href":"https:\/\/www.europesays.com\/fr\/wp-json\/wp\/v2\/posts"}],"about":[{"href":"https:\/\/www.europesays.com\/fr\/wp-json\/wp\/v2\/types\/post"}],"author":[{"embeddable":true,"href":"https:\/\/www.europesays.com\/fr\/wp-json\/wp\/v2\/users\/2"}],"replies":[{"embeddable":true,"href":"https:\/\/www.europesays.com\/fr\/wp-json\/wp\/v2\/comments?post=150500"}],"version-history":[{"count":0,"href":"https:\/\/www.europesays.com\/fr\/wp-json\/wp\/v2\/posts\/150500\/revisions"}],"wp:featuredmedia":[{"embeddable":true,"href":"https:\/\/www.europesays.com\/fr\/wp-json\/wp\/v2\/media\/150501"}],"wp:attachment":[{"href":"https:\/\/www.europesays.com\/fr\/wp-json\/wp\/v2\/media?parent=150500"}],"wp:term":[{"taxonomy":"category","embeddable":true,"href":"https:\/\/www.europesays.com\/fr\/wp-json\/wp\/v2\/categories?post=150500"},{"taxonomy":"post_tag","embeddable":true,"href":"https:\/\/www.europesays.com\/fr\/wp-json\/wp\/v2\/tags?post=150500"}],"curies":[{"name":"wp","href":"https:\/\/api.w.org\/{rel}","templated":true}]}}