{"id":150506,"date":"2025-06-04T03:48:24","date_gmt":"2025-06-04T03:48:24","guid":{"rendered":"https:\/\/www.europesays.com\/fr\/150506\/"},"modified":"2025-06-04T03:48:24","modified_gmt":"2025-06-04T03:48:24","slug":"tinquiete-je-vais-te-retrouver-et-te-tuer-21-jours-ditt-pour-un-controle-de-sac-qui-tourne-mal-dans-un-supermarche","status":"publish","type":"post","link":"https:\/\/www.europesays.com\/fr\/150506\/","title":{"rendered":"\u00ab\u00a0T\u2019inqui\u00e8te je vais te retrouver et te tuer\u00a0\u00bb\u00a0: 21 jours d\u2019ITT pour un contr\u00f4le de sac qui tourne mal dans un supermarch\u00e9"},"content":{"rendered":"<p>\n                                                                Les faits remontent \u00e0 pr\u00e8s de trois ans au sein du magasin Aldi de Saint-Jean-de-V\u00e9das, pr\u00e8s de Montpellier. Pr\u00e9sent\u00e9es derni\u00e8rement devant la justice, les deux pr\u00e9venues, m\u00e8re et fille, ont \u00e9t\u00e9 reconnues coupables et condamn\u00e9es \u00e0 huit mois de prison assortis d\u2019un sursis probatoire durant deux ans.\n                            <\/p>\n<p>C\u2019est l\u2019histoire d\u2019un contr\u00f4le de sac qui tourne mal. Les faits remontent au 11\u00a0ao\u00fbt 2022, en milieu d\u2019apr\u00e8s-midi, au supermarch\u00e9 Aldi de Saint-Jean-de-V\u00e9das. La responsable adjointe de la structure aper\u00e7oit deux clientes, semble-t-il connues pour des petits larcins et des ch\u00e8ques sans provision, placer un paquet de chewing-gum dans leur sac \u00e0 main. Elle les laisse finir leurs courses et, juste apr\u00e8s avoir pay\u00e9, demande \u00e0 une caissi\u00e8re de les contr\u00f4ler.<\/p>\n<p>C\u2019est \u00e0 ce moment-l\u00e0 que la situation a d\u00e9g\u00e9n\u00e9r\u00e9. Selon sa d\u00e9position, cette m\u00e8re et sa fille, \u00e2g\u00e9es respectivement de 21 et 39 ans \u00e0 l\u2019\u00e9poque, l\u2019ont violemment agress\u00e9e en l\u2019attrapant d\u2019abord par les cheveux. Puis en lui jetant un pot de fleurs dessus. Avant de la frapper au sol \u00e0 coups de pied.<br \/>\u00ab\u00a0T\u2019inqui\u00e8te, je vais te retrouver. Je sais que tu es de La Paillade. Je vais te tuer\u00a0\u00bb, l\u2019aurait menac\u00e9e la plus jeune des deux. Des menaces de mort qu\u2019elle a r\u00e9fut\u00e9es avec aplomb \u00e0 l\u2019audience du tribunal judiciaire. Comme elle avait d\u2019ailleurs certifi\u00e9 en garde \u00e0 vue qu\u2019elle ne connaissait pas la victime et qu\u2019elle ne se rendait jamais \u00e0 ce supermarch\u00e9 Aldi.<\/p>\n<p>La carte bancaire a parl\u00e9<\/p>\n<p>Sauf que les investigations ont \u00e9tabli que la carte bancaire utilisait ce jour-l\u00e0 \u00e9tait celle de son p\u00e8re. Alors, \u00e0 la barre du tribunal, elle a \u00e9t\u00e9 contrainte de revenir sur sa version. \u00ab\u00a0C\u2019est elle qui nous a agress\u00e9es en nous disant qu\u2019on faisait des ch\u00e8ques en bois. Elle a frapp\u00e9 ma m\u00e8re avec une barre en fer alors qu\u2019elle \u00e9tait enceinte. Je me suis interpos\u00e9e. Elle m\u2019a tir\u00e9 les cheveux alors je me suis d\u00e9fendue. Moi, je suis gitane, si je prends des coups, je les rends. Je ne vais pas pleurer \u00e0 la police.\u00a0\u00bb<\/p>\n<blockquote>\n<p>Elle a, depuis, une phobie sociale et a peur des repr\u00e9sailles<\/p>\n<\/blockquote>\n<p>Pass\u00e9e \u00e0 tabac, la victime s\u2019en sort avec vingt et un jours d\u2019ITT dus \u00e0 des entorses cervicales, des douleurs thoraciques, des c\u00f4tes cass\u00e9es et un important traumatisme psychologique. \u00ab\u00a0C\u2019est bien simple, ma cliente a, depuis, une phobie sociale. Et craint des repr\u00e9sailles, \u00e0 l\u2019instar des deux autres caissi\u00e8res qui l\u2019assistaient ce jour-l\u00e0 et qui ont eu peur de d\u00e9poser plainte. Peu de temps apr\u00e8s cette agression, elle a m\u00eame \u00e9t\u00e9 licenci\u00e9e pour inaptitude\u00a0\u00bb, a expliqu\u00e9 \u00e0 l\u2019audience son avocate.<\/p>\n<p>Et Ma\u00eetre Bachir Belkaid, pour la d\u00e9fense, de parler quant \u00e0 lui de \u00ab\u00a0dossier malaisant. Car vous n\u2019\u00eates pas sans savoir que gitans et minorit\u00e9s visibles font l\u2019objet de contr\u00f4les incessants sans raison. \u00c7a ne justifie pas des violences, certes, mais \u00e7a peut expliquer un certain agacement. \u00c7a, c\u2019est une certitude.\u00a0\u00bb<\/p>\n<p>    Une \u00e9p\u00e9e de Damocl\u00e8s au-dessus de la t\u00eate<\/p>\n<p>Primo-d\u00e9linquantes, avec respectivement z\u00e9ro et une mention au casier judiciaire datant de 2002 (vol avec violences), fille et m\u00e8re ont \u00e9t\u00e9 reconnues coupables. En r\u00e9pression, elles ont \u00e9t\u00e9 condamn\u00e9es \u00e0 huit mois de prison int\u00e9gralement assortis d\u2019un sursis avec mise \u00e0 l\u2019\u00e9preuve durant deux ans soumis \u00e0 obligations de soins et d\u2019indemnisation.<\/p>\n<p>Elles ont aussi interdiction d\u2019entrer en contact avec la victime et de para\u00eetre \u00e0 son domicile ainsi qu\u2019au Aldi de Saint-Jean-de-V\u00e9das. Le tribunal a \u00e9galement prononc\u00e9 \u00e0 leur encontre la privation du droit d\u2019\u00e9ligibilit\u00e9 et le fait de pouvoir d\u00e9tenir une arme durant trois ans. Avant de renvoyer sur int\u00e9r\u00eat civil.<\/p>\n","protected":false},"excerpt":{"rendered":"Les faits remontent \u00e0 pr\u00e8s de trois ans au sein du magasin Aldi de Saint-Jean-de-V\u00e9das, pr\u00e8s de Montpellier.&hellip;\n","protected":false},"author":2,"featured_media":150507,"comment_status":"","ping_status":"","sticky":false,"template":"","format":"standard","meta":{"footnotes":""},"categories":[9599],"tags":[1111,11,1777,674,1011,27,2208,12,2680,25],"class_list":{"0":"post-150506","1":"post","2":"type-post","3":"status-publish","4":"format-standard","5":"has-post-thumbnail","7":"category-montpellier","8":"tag-actu","9":"tag-actualites","10":"tag-eu","11":"tag-europe","12":"tag-fr","13":"tag-france","14":"tag-montpellier","15":"tag-news","16":"tag-occitanie","17":"tag-republique-francaise"},"share_on_mastodon":{"url":"https:\/\/pubeurope.com\/@fr\/114623054047990123","error":""},"_links":{"self":[{"href":"https:\/\/www.europesays.com\/fr\/wp-json\/wp\/v2\/posts\/150506","targetHints":{"allow":["GET"]}}],"collection":[{"href":"https:\/\/www.europesays.com\/fr\/wp-json\/wp\/v2\/posts"}],"about":[{"href":"https:\/\/www.europesays.com\/fr\/wp-json\/wp\/v2\/types\/post"}],"author":[{"embeddable":true,"href":"https:\/\/www.europesays.com\/fr\/wp-json\/wp\/v2\/users\/2"}],"replies":[{"embeddable":true,"href":"https:\/\/www.europesays.com\/fr\/wp-json\/wp\/v2\/comments?post=150506"}],"version-history":[{"count":0,"href":"https:\/\/www.europesays.com\/fr\/wp-json\/wp\/v2\/posts\/150506\/revisions"}],"wp:featuredmedia":[{"embeddable":true,"href":"https:\/\/www.europesays.com\/fr\/wp-json\/wp\/v2\/media\/150507"}],"wp:attachment":[{"href":"https:\/\/www.europesays.com\/fr\/wp-json\/wp\/v2\/media?parent=150506"}],"wp:term":[{"taxonomy":"category","embeddable":true,"href":"https:\/\/www.europesays.com\/fr\/wp-json\/wp\/v2\/categories?post=150506"},{"taxonomy":"post_tag","embeddable":true,"href":"https:\/\/www.europesays.com\/fr\/wp-json\/wp\/v2\/tags?post=150506"}],"curies":[{"name":"wp","href":"https:\/\/api.w.org\/{rel}","templated":true}]}}