{"id":150517,"date":"2025-06-04T03:59:09","date_gmt":"2025-06-04T03:59:09","guid":{"rendered":"https:\/\/www.europesays.com\/fr\/150517\/"},"modified":"2025-06-04T03:59:09","modified_gmt":"2025-06-04T03:59:09","slug":"une-meteo-chaotique-annoncee-par-meteo-france","status":"publish","type":"post","link":"https:\/\/www.europesays.com\/fr\/150517\/","title":{"rendered":"une m\u00e9t\u00e9o chaotique annonc\u00e9e par M\u00e9t\u00e9o France"},"content":{"rendered":"<p>            Par<br \/>\n        <strong><br \/>\n            <a href=\"https:\/\/actu.fr\/auteur\/ugo-maillard\" title=\"Consulter tous les articles de Ugo Maillard\" target=\"_blank\" rel=\"noopener\">Ugo Maillard<\/a><br \/>\n        <\/strong><\/p>\n<p>        Publi\u00e9 le<\/p>\n<p>            3 juin 2025 \u00e0 16h17        <\/p>\n<p>Une journ\u00e9e dantesque avant le retour du soleil. Depuis la fin du mois de mai\u00a02025, les belles journ\u00e9es s\u2019encha\u00eenent sur <a href=\"https:\/\/actu.fr\/nice\/\" target=\"_blank\" rel=\"noopener\">Nice<\/a> et la C\u00f4te d\u2019Azur.<\/p>\n<p class=\" wall-content\">Un calme qui va \u00eatre balay\u00e9 par des conditions climatiques chaotiques durant la journ\u00e9e du mercredi 4\u00a0juin 2025. M\u00e9t\u00e9o France a plac\u00e9 le d\u00e9partement des <a href=\"https:\/\/actu.fr\/provence-alpes-cote-d-azur\/alpes-maritimes_06\" target=\"_blank\" rel=\"noopener\">Alpes-Maritimes<\/a> en <strong>vigilance jaune aux orages<\/strong>.<\/p>\n<p class=\" wall-content\">Voici les pr\u00e9visions pour les prochaines heures.<\/p>\n<p>Des orages de gr\u00eale<\/p>\n<p class=\" wall-content\">Selon les donn\u00e9es m\u00e9t\u00e9orologiques, les premiers orages sont attendus d\u00e8s la matin\u00e9e du mercredi 4\u00a0juin. La <strong>foudre est annonc\u00e9e \u00e0 Nice<\/strong>, Menton ou encore Saint-Martin-du-Var.<\/p>\n<p class=\" wall-content\">Dans le nord des Alpes-Maritimes, les <strong>orages devraient \u00eatre accompagn\u00e9s de gr\u00eale<\/strong>, ce qui pourrait \u00eatre \u00e0 l\u2019origine de d\u00e9g\u00e2ts, comme cela a \u00e9t\u00e9 <a href=\"https:\/\/actu.fr\/auvergne-rhone-alpes\/roche_42188\/un-orage-de-grele-et-une-tornade-ravagent-cette-commune-de-la-loire-ce-qu-il-s-est-passe_62720109.html\" target=\"_blank\" rel=\"noopener\">le cas en Auvergne-Rh\u00f4ne-Alpes<\/a>, ces derniers jours. Sur l\u2019ensemble du d\u00e9partement, la pluie sera pr\u00e9sente.<\/p>\n<p>Vid\u00e9os : en ce moment sur Actu<\/p>\n<p class=\" wall-content\">Si les pr\u00e9visions restent \u00e0 \u00eatre affin\u00e9es, la gr\u00eale pourrait frapper le nord du d\u00e9partement tout au long de la journ\u00e9e.\u00a0Une accalmie est attendue en d\u00e9but de soir\u00e9e.<\/p>\n<p class=\" wall-content\">C\u00f4t\u00e9 temp\u00e9rature, la maximale du jour dans le d\u00e9partement sera de<strong> 23\u00b0C<\/strong>.<\/p>\n<p>Le retour du soleil et des fortes temp\u00e9ratures<\/p>\n<p class=\" wall-content\">Apr\u00e8s cette journ\u00e9e tr\u00e8s mouvement\u00e9e dans le ciel de la C\u00f4te d\u2019Azur, le soleil ainsi que les fortes temp\u00e9ratures feront leur retour jeudi. Un temps agr\u00e9able qui devrait perdurer jusqu\u2019\u00e0 la fin du week-end.<\/p>\n<p class=\" wall-content\">Suivez toute l\u2019actualit\u00e9 de vos villes et m\u00e9dias favoris en vous inscrivant \u00e0 <a href=\"https:\/\/moncompte.actu.fr\" title=\"D\u00e9couvez Mon Actu\" rel=\"nofollow noopener\" data-trk=\"{&quot;cta&quot;:{&quot;action&quot;:&quot;https:\\\/\\\/moncompte.actu.fr&quot;,&quot;category&quot;:&quot;mon compte&quot;,&quot;from&quot;:&quot;article footer&quot;,&quot;name&quot;:&quot;Mon actu&quot;,&quot;type&quot;:&quot;cta&quot;}}\" target=\"_blank\">Mon Actu<\/a>.<\/p>\n","protected":false},"excerpt":{"rendered":"Par Ugo Maillard Publi\u00e9 le 3 juin 2025 \u00e0 16h17 Une journ\u00e9e dantesque avant le retour du soleil.&hellip;\n","protected":false},"author":2,"featured_media":150518,"comment_status":"","ping_status":"","sticky":false,"template":"","format":"standard","meta":{"footnotes":""},"categories":[2819],"tags":[1111,11,1777,674,1011,27,2487,2357,12,2401,4594,882,25],"class_list":{"0":"post-150517","1":"post","2":"type-post","3":"status-publish","4":"format-standard","5":"has-post-thumbnail","7":"category-nice","8":"tag-actu","9":"tag-actualites","10":"tag-eu","11":"tag-europe","12":"tag-fr","13":"tag-france","14":"tag-meteo","15":"tag-meteo-france","16":"tag-news","17":"tag-nice","18":"tag-orages","19":"tag-provence-alpes-cote-dazur","20":"tag-republique-francaise"},"share_on_mastodon":{"url":"https:\/\/pubeurope.com\/@fr\/114623097479655536","error":""},"_links":{"self":[{"href":"https:\/\/www.europesays.com\/fr\/wp-json\/wp\/v2\/posts\/150517","targetHints":{"allow":["GET"]}}],"collection":[{"href":"https:\/\/www.europesays.com\/fr\/wp-json\/wp\/v2\/posts"}],"about":[{"href":"https:\/\/www.europesays.com\/fr\/wp-json\/wp\/v2\/types\/post"}],"author":[{"embeddable":true,"href":"https:\/\/www.europesays.com\/fr\/wp-json\/wp\/v2\/users\/2"}],"replies":[{"embeddable":true,"href":"https:\/\/www.europesays.com\/fr\/wp-json\/wp\/v2\/comments?post=150517"}],"version-history":[{"count":0,"href":"https:\/\/www.europesays.com\/fr\/wp-json\/wp\/v2\/posts\/150517\/revisions"}],"wp:featuredmedia":[{"embeddable":true,"href":"https:\/\/www.europesays.com\/fr\/wp-json\/wp\/v2\/media\/150518"}],"wp:attachment":[{"href":"https:\/\/www.europesays.com\/fr\/wp-json\/wp\/v2\/media?parent=150517"}],"wp:term":[{"taxonomy":"category","embeddable":true,"href":"https:\/\/www.europesays.com\/fr\/wp-json\/wp\/v2\/categories?post=150517"},{"taxonomy":"post_tag","embeddable":true,"href":"https:\/\/www.europesays.com\/fr\/wp-json\/wp\/v2\/tags?post=150517"}],"curies":[{"name":"wp","href":"https:\/\/api.w.org\/{rel}","templated":true}]}}