{"id":150525,"date":"2025-06-04T04:05:13","date_gmt":"2025-06-04T04:05:13","guid":{"rendered":"https:\/\/www.europesays.com\/fr\/150525\/"},"modified":"2025-06-04T04:05:13","modified_gmt":"2025-06-04T04:05:13","slug":"une-creatrice-bordelaise-se-fait-voler-dans-le-train-sa-collection-de-corsets-estimee-a-40-000-euros","status":"publish","type":"post","link":"https:\/\/www.europesays.com\/fr\/150525\/","title":{"rendered":"une cr\u00e9atrice Bordelaise se fait voler dans le train sa collection de corsets estim\u00e9e \u00e0 40.000 euros"},"content":{"rendered":"<p>Vanessa Lauriola, 38 ans, une styliste de mode qui fabrique des corsets \u00e0 la main s\u2019est fait voler le bagage qui contenait certaines des plus belles pi\u00e8ces, dans un train entre Bordeaux et Paris, jeudi.<\/p>\n<p class=\"fig-paragraph\">Elle avait quitt\u00e9 la Gironde,\u00a0<a href=\"http:\/\/www.lefigaro.fr\/culture\/misha-aznavour-dans-aznavour-celebration-on-reentendra-la-voix-de-mon-pere-pour-la-premiere-fois-20241108\" data-fig-type=\"Article\" data-gtm-custom-categorie=\"navigation\" data-gtm-custom-action=\"crossclick\" data-gtm-custom-label=\"Contextuel\" data-gtm-event=\"customEventSPE\" data-fig-domain=\"LEFIGARO\" target=\"_blank\" rel=\"noopener\">bien d\u00e9cid\u00e9e \u00e0 conqu\u00e9rir Paris<\/a>. Mais son r\u00eave pour sa marque\u00a0<a href=\"http:\/\/www.lefigaro.fr\/culture\/encheres\/la-copie-du-collier-de-marie-antoinette-en-vente-un-vieux-reve-qui-vaut-de-l-or-20250514\" data-fig-type=\"Article\" data-gtm-custom-categorie=\"navigation\" data-gtm-custom-action=\"crossclick\" data-gtm-custom-label=\"Contextuel\" data-gtm-event=\"customEventSPE\" data-fig-domain=\"LEFIGARO\" target=\"_blank\" rel=\"noopener\">Mary Antoinette<\/a>\u00a0Corset s\u2019est bris\u00e9 dans un train de la SNCF, entre Bordeaux et la capitale, bien avant d\u2019atteindre la station Bastille. Vanessa Lauriol, 38 ans, qui cr\u00e9\u00e9e des corsets \u00e0 La Sauve dans l\u2019Entre-Deux-Mers<a href=\"http:\/\/www.lefigaro.fr\/voyages\/conseils\/contre-les-vols-de-bagages-dans-les-trains-cette-astuce-validee-par-la-sncf-rencontre-un-succes-chez-les-voyageurs-20240806\" data-fig-type=\"Article\" data-gtm-custom-categorie=\"navigation\" data-gtm-custom-action=\"crossclick\" data-gtm-custom-label=\"Contextuel\" data-gtm-event=\"customEventSPE\" data-fig-domain=\"LEFIGARO\" target=\"_blank\" rel=\"noopener\">\u00a0s\u2019est fait voler sa valise<\/a>\u00a0contenant certaines de ses plus belles pi\u00e8ces, ce jeudi, alors qu\u2019elle s\u2019appr\u00eatait \u00e0 les exposer au Cabariel, un cabaret parisien.\u00a0\u00abJ\u2019avais une trentaine de corsets et d\u2019accessoires, dont ceux de ma premi\u00e8re collection r\u00e9alis\u00e9e en 2007. Ce sont les fruits de pr\u00e8s de 18 ans de travail qui ont disparu\u00bb, confie-t-elle au Figaro. Un malheur pour lequel elle a port\u00e9 plainte, d\u2019autant plus que la facture s\u2019av\u00e8re sal\u00e9e. \u00abCe sont des pi\u00e8ces ouvrag\u00e9es, extr\u00eamement pr\u00e9cises o\u00f9 tout est fait main avec des techniques de haute couture. Je les ai estim\u00e9es entre 30.000 et 40.000 euros pour la gendarmerie, mais en r\u00e9alit\u00e9 elles sont inestimables\u00bb, d\u00e9plore la cr\u00e9atrice.<\/p>\n<p class=\"fig-paragraph\">Le m\u00e9fait a probablement \u00e9t\u00e9 accompli \u00e0 Angoul\u00eame ou Poitiers, o\u00f9 son train a fait deux arr\u00eats durant le trajet qui la menait vers la capitale. \u00abQuand je suis arriv\u00e9e \u00e0 Paris, je n\u2019avais plus rien. Les conditions de s\u00e9curit\u00e9 de la SNCF sont d\u00e9plorables\u00bb, d\u00e9nonce Vanessa Lauriola. Et pour cause\u00a0: la cr\u00e9atrice n\u2019avait fait que respecter les consignes en d\u00e9posant son bagage dans les espaces r\u00e9serv\u00e9s aux valises, \u00e0 l\u2019entr\u00e9e de son wagon. \u00abJ\u2019\u00e9tais oblig\u00e9 de le laisser l\u00e0, car il \u00e9tait trop gros pour passer sous mon si\u00e8ge. Qu\u2019aurais-je d\u00fb faire\u00a0? Passer tout le trajet, debout, \u00e0 c\u00f4t\u00e9\u00a0? Le vrai probl\u00e8me, c\u2019est que c\u2019est open bar \u00e0 la sortie des wagons\u00bb, s\u2019agace-t-elle.<\/p>\n<p>Des corsets sur les marches de Cannes<\/p>\n<p class=\"fig-paragraph\">Avec un prix d\u2019entr\u00e9e de gamme \u00e0 490 euros pour son corset \u00abworking girl\u00bb, Vanessa Lauriola vend des pi\u00e8ces, le plus souvent cr\u00e9\u00e9es sur mesure, dont la facture affiche rapidement quatre chiffres. Typiquement, l\u2019un des corsets vol\u00e9s est brod\u00e9 de diamants Swarovski. Il est estim\u00e9 \u00e0 6000 euros. Un autre, inspir\u00e9 du personnage de\u00a0<a href=\"http:\/\/www.lefigaro.fr\/cinema\/the-batman-la-catwoman-de-zoe-kravitz-sort-ses-griffes-dans-une-nouvelle-bande-annonce-20211228\" data-fig-type=\"Article\" data-gtm-custom-categorie=\"navigation\" data-gtm-custom-action=\"crossclick\" data-gtm-custom-label=\"Contextuel\" data-gtm-event=\"customEventSPE\" data-fig-domain=\"LEFIGARO\" target=\"_blank\" rel=\"noopener\">Catwoman,<\/a>\u00a0avait n\u00e9cessit\u00e9 \u00abun temps fabuleux pour veillir les coutures avec du th\u00e9\u00bb ; tandis qu\u2019un troisi\u00e8me d\u2019inspiration\u00a0<a href=\"http:\/\/www.lefigaro.fr\/style\/jean-paul-gaultier-nomme-son-successeur-duran-lantink-20250415\" data-fig-type=\"Article\" data-gtm-custom-categorie=\"navigation\" data-gtm-custom-action=\"crossclick\" data-gtm-custom-label=\"Contextuel\" data-gtm-event=\"customEventSPE\" data-fig-domain=\"LEFIGARO\" target=\"_blank\" rel=\"noopener\">Jean Paul Gaultier<\/a>\u00a0ne pourra pas \u00eatre reproduit. \u00abIl y avait aussi des corsets historiques, r\u00e9alis\u00e9s sur la base de patrons antiques avec des dentelles d\u2019\u00e9poque ou de la pure soie du XVIIe si\u00e8cle&#8230; Je ne pourrais jamais les recr\u00e9er\u00bb, explique Vanessa Lauriola.<\/p>\n<p class=\"fig-body-link\">\n            \u00c0 lire aussi<br \/>\n        <a class=\"fig-body-link__link\" href=\"http:\/\/www.lefigaro.fr\/bordeaux\/en-gironde-ce-cabaret-transformiste-fait-recette-au-milieu-des-chasseurs-et-des-mecs-de-la-vigne-20240323\" data-fig-type=\"NewsFlash\" data-gtm-custom-categorie=\"navigation\" data-gtm-custom-action=\"crossclick\" data-gtm-custom-label=\"Contextuel\" data-gtm-event=\"customEventSPE\" data-fig-domain=\"LEFIGARO\" target=\"_blank\" rel=\"noopener\">En Gironde, ce cabaret transformiste fait recette \u00abau milieu des chasseurs et des mecs de la vigne\u00bb<br \/>\n    <\/a>\n<\/p>\n<p class=\"fig-paragraph\">Seule consolation dans son malheur, la cr\u00e9atrice a r\u00e9cup\u00e9r\u00e9 \u00e0 Paris une autre valise contenant des corsets de mode qu\u2019elle a pu exposer au Cabariel. Elle les avait pr\u00eat\u00e9s \u00e0 des personnalit\u00e9s grimpant les marches du festival de Cannes la semaine derni\u00e8re. L\u2019une de ses tenues a ainsi \u00e9t\u00e9 rev\u00eatue par\u00a0<a href=\"http:\/\/www.lefigaro.fr\/bordeaux\/qui-est-lyana-8-ans-jeune-danseuse-bordelaise-qui-enflamme-la-toile-20230614\" data-fig-type=\"NewsFlash\" data-gtm-custom-categorie=\"navigation\" data-gtm-custom-action=\"crossclick\" data-gtm-custom-label=\"Contextuel\" data-gtm-event=\"customEventSPE\" data-fig-domain=\"LEFIGARO\" target=\"_blank\" rel=\"noopener\">Vanessa Feuillate<\/a>, la Premi\u00e8re danseuse de l\u2019Op\u00e9ra national de Bordeaux. \u00abJe suis tr\u00e8s triste pour Vanessa Lauriola, mais elle va aller de l\u2019avant car elle est tr\u00e8s courageuse. Je suis tomb\u00e9e amoureuse de son style tr\u00e8s rock et de la fa\u00e7on dont elle s\u2019adapte au caract\u00e8re des femmes qu\u2019elle habille\u00bb, nous confie l\u2019athl\u00e8te.<\/p>\n<p class=\"fig-paragraph\">\u00abJ\u2019ai pass\u00e9 des appels sur les r\u00e9seaux sociaux en esp\u00e9rant retrouver mes pi\u00e8ces et j\u2019esp\u00e8re beaucoup de la gendarmerie. Mais j\u2019essaye aussi d\u2019aller de l\u2019avant, d\u00e8s \u00e0 pr\u00e9sent. Un jour, j\u2019aimerais bien r\u00e9aliser des corsets habiller des acteurs dans des films. J\u2019en ai les comp\u00e9tences, mais je n\u2019en ai pas encore eu l\u2019occasion car je n\u2019ai pas le bon carnet d\u2019adresses\u00bb, conclut ainsi la cr\u00e9atrice.<\/p>\n","protected":false},"excerpt":{"rendered":"Vanessa Lauriola, 38 ans, une styliste de mode qui fabrique des corsets \u00e0 la main s\u2019est fait voler&hellip;\n","protected":false},"author":2,"featured_media":150526,"comment_status":"","ping_status":"","sticky":false,"template":"","format":"standard","meta":{"footnotes":""},"categories":[2817],"tags":[1111,11,1997,2916,2911,2910,2915,2909,2904,2913,2912,2914,27985,2906,2907,16694,1777,674,1011,27,2905,2908,985,12,2219,25],"class_list":{"0":"post-150525","1":"post","2":"type-post","3":"status-publish","4":"format-standard","5":"has-post-thumbnail","7":"category-bordeaux","8":"tag-actu","9":"tag-actualites","10":"tag-bordeaux","11":"tag-bordeaux-cauderan","12":"tag-bordeaux-centre-ville","13":"tag-bordeaux-chartrons-grand-parc-jardin-public","14":"tag-bordeaux-la-bastide","15":"tag-bordeaux-maritime","16":"tag-bordeaux-metropole","17":"tag-bordeaux-nansouty-st-genes","18":"tag-bordeaux-st-augustin-tauzin-alphonse-dupeux","19":"tag-bordeaux-sud","20":"tag-cabaret","21":"tag-capitale-de-gaule","22":"tag-cathedrale-gothique-de-saint-andre","23":"tag-defile","24":"tag-eu","25":"tag-europe","26":"tag-fr","27":"tag-france","28":"tag-gironde","29":"tag-girondins-de-bordeaux","30":"tag-mode","31":"tag-news","32":"tag-nouvelle-aquitaine","33":"tag-republique-francaise"},"share_on_mastodon":{"url":"","error":"Validation failed: Text character limit of 500 exceeded"},"_links":{"self":[{"href":"https:\/\/www.europesays.com\/fr\/wp-json\/wp\/v2\/posts\/150525","targetHints":{"allow":["GET"]}}],"collection":[{"href":"https:\/\/www.europesays.com\/fr\/wp-json\/wp\/v2\/posts"}],"about":[{"href":"https:\/\/www.europesays.com\/fr\/wp-json\/wp\/v2\/types\/post"}],"author":[{"embeddable":true,"href":"https:\/\/www.europesays.com\/fr\/wp-json\/wp\/v2\/users\/2"}],"replies":[{"embeddable":true,"href":"https:\/\/www.europesays.com\/fr\/wp-json\/wp\/v2\/comments?post=150525"}],"version-history":[{"count":0,"href":"https:\/\/www.europesays.com\/fr\/wp-json\/wp\/v2\/posts\/150525\/revisions"}],"wp:featuredmedia":[{"embeddable":true,"href":"https:\/\/www.europesays.com\/fr\/wp-json\/wp\/v2\/media\/150526"}],"wp:attachment":[{"href":"https:\/\/www.europesays.com\/fr\/wp-json\/wp\/v2\/media?parent=150525"}],"wp:term":[{"taxonomy":"category","embeddable":true,"href":"https:\/\/www.europesays.com\/fr\/wp-json\/wp\/v2\/categories?post=150525"},{"taxonomy":"post_tag","embeddable":true,"href":"https:\/\/www.europesays.com\/fr\/wp-json\/wp\/v2\/tags?post=150525"}],"curies":[{"name":"wp","href":"https:\/\/api.w.org\/{rel}","templated":true}]}}