{"id":150529,"date":"2025-06-04T04:07:14","date_gmt":"2025-06-04T04:07:14","guid":{"rendered":"https:\/\/www.europesays.com\/fr\/150529\/"},"modified":"2025-06-04T04:07:14","modified_gmt":"2025-06-04T04:07:14","slug":"voici-les-previsions-de-mercredi","status":"publish","type":"post","link":"https:\/\/www.europesays.com\/fr\/150529\/","title":{"rendered":"voici les pr\u00e9visions de mercredi"},"content":{"rendered":"<p>            Par<br \/>\n        <strong><br \/>\n            <a href=\"https:\/\/actu.fr\/auteur\/mareva-laville-actu-fr\" title=\"Consulter tous les articles de Mar\u00e9va Laville\" target=\"_blank\" rel=\"noopener\">Mar\u00e9va Laville<\/a><br \/>\n        <\/strong><\/p>\n<p>        Publi\u00e9 le<\/p>\n<p>            4 juin 2025 \u00e0 5h04        <\/p>\n<p>Il faut s\u2019attendre \u00e0 <a href=\"https:\/\/actu.fr\/occitanie\/toulouse_31555\/orages-et-fortes-pluies-la-haute-garonne-placee-en-vigilance-orange-par-meteo-france_62721469.html\" target=\"_blank\" rel=\"noopener\">quelques restes du temps orageux<\/a> de la veille, ce mercredi 4\u00a0juin 2025 matin \u00e0 <a href=\"http:\/\/www.actu.fr\/toulouse\" target=\"_blank\" rel=\"noopener\"><strong>Toulouse<\/strong><\/a>. Au menu\u2009? Des <strong>averses faibles<\/strong> sous <strong>17\u00b0C,<\/strong> d\u2019apr\u00e8s les pr\u00e9visions de <a href=\"https:\/\/actu.fr\/tag\/meteo-france\" target=\"_blank\" rel=\"noopener\">M\u00e9t\u00e9o France.<\/a><\/p>\n<p class=\" wall-content\">Ce n\u2019est qu\u2019\u00e0 la mi-journ\u00e9e que le soleil pourrait s\u2019entrevoir \u00e0 travers un ciel encore bien laiteux. Comptez <strong>21\u00b0C pour la maximale<\/strong>, accompagn\u00e9s d\u2019une l\u00e9g\u00e8re brise soufflant \u00e0 15\u00a0km\/h. Les nuages resteront bien pr\u00e9sents dans la soir\u00e9e, aux temp\u00e9ratures douces\u2009: <strong>18\u00b0C jusqu\u2019\u00e0 la tomb\u00e9e de la nuit.<\/strong><\/p>\n<p>    <img   decoding=\"async\" loading=\"lazy\" src=\"https:\/\/www.europesays.com\/fr\/wp-content\/uploads\/2025\/06\/mercredi03-toulouse-960x640.png\" alt=\"Voici les pr\u00e9visions m\u00e9t\u00e9o \u00e0 Toulouse ce mercredi 4 juin 2025.\" width=\"960\" height=\"640\"\/><br \/>\n    Voici les pr\u00e9visions m\u00e9t\u00e9o \u00e0 Toulouse ce mercredi 4\u00a0juin 2025. (\u00a9Capture d\u2019\u00e9cran \/ M\u00e9t\u00e9o France)Et en Occitanie\u2009?<\/p>\n<p class=\" wall-content\">La <strong>pluie<\/strong> pourrait encore tomber dans une bonne partie de la r\u00e9gion ce mercredi matin. Et plus fortement, dans<strong> le Gard, en Loz\u00e8re et dans le nord de l\u2019Aveyron<\/strong>, o\u00f9 la <strong>gr\u00eale<\/strong> et les <strong>orages<\/strong> se joindront aux hostilit\u00e9s. Seul le sud de l\u2019Occitanie b\u00e9n\u00e9ficiera d\u2019une m\u00e9t\u00e9o plus cl\u00e9mente, avec des<strong> \u00e9claircies dans les Pyr\u00e9n\u00e9es-Orientales<\/strong> ainsi qu\u2019\u00e0 B\u00e9ziers dans l\u2019H\u00e9rault, et un<strong> ciel nuageux en Ari\u00e8ge, dans les Hautes-Pyr\u00e9n\u00e9es, le sud de la Haute-Garonne et le Gers.<\/strong><\/p>\n<p class=\" wall-content\">Mais l\u2019affaire risque de ne pas durer, notamment \u00e0 Saint-Gaudens et \u00e0 Font-Romeu, o\u00f9 des averses sont attendues dans l\u2019apr\u00e8s-midi. Idem pour Castres, Cahors et Rodez. Le reste de l\u2019Occitanie demeurera sous les nuages avec des<strong> temp\u00e9ratures allant de 19 \u00e0 21\u00b0C<\/strong>. B\u00e9ziers et Montpellier seront heureux avec des \u00e9claircies sous 25\u00b0C. Un m\u00eame chiffre affich\u00e9 \u00e0 N\u00eemes, mais bien moins agr\u00e9ables. L\u2019apr\u00e8s-midi encore,<strong> les orages et la gr\u00eale se d\u00e9verseront dans le Gard, la Loz\u00e8re et le nord de l\u2019Aveyron.<\/strong><\/p>\n<p>    <img   decoding=\"async\" loading=\"lazy\" src=\"https:\/\/www.europesays.com\/fr\/wp-content\/uploads\/2025\/06\/mercredi04-occi-960x640.png\" alt=\"Voici les pr\u00e9visions m\u00e9t\u00e9o en Occitanie ce mercredi 4 juin 2025.\" width=\"960\" height=\"640\"\/><br \/>\n    Voici les pr\u00e9visions m\u00e9t\u00e9o en Occitanie ce mercredi 4\u00a0juin 2025. (\u00a9Capture d\u2019\u00e9cran \/ M\u00e9t\u00e9o France)Vid\u00e9os : en ce moment sur Actu<\/p>\n<p class=\" wall-content\">Suivez toute l\u2019actualit\u00e9 de vos villes et m\u00e9dias favoris en vous inscrivant \u00e0 <a href=\"https:\/\/moncompte.actu.fr\" title=\"D\u00e9couvez Mon Actu\" rel=\"nofollow noopener\" data-trk=\"{&quot;cta&quot;:{&quot;action&quot;:&quot;https:\\\/\\\/moncompte.actu.fr&quot;,&quot;category&quot;:&quot;mon compte&quot;,&quot;from&quot;:&quot;article footer&quot;,&quot;name&quot;:&quot;Mon actu&quot;,&quot;type&quot;:&quot;cta&quot;}}\" target=\"_blank\">Mon Actu<\/a>.<\/p>\n","protected":false},"excerpt":{"rendered":"Par Mar\u00e9va Laville Publi\u00e9 le 4 juin 2025 \u00e0 5h04 Il faut s\u2019attendre \u00e0 quelques restes du temps&hellip;\n","protected":false},"author":2,"featured_media":150530,"comment_status":"","ping_status":"","sticky":false,"template":"","format":"standard","meta":{"footnotes":""},"categories":[2816],"tags":[1111,11,1777,674,1011,27,2487,2357,12,2680,4594,25,2312],"class_list":{"0":"post-150529","1":"post","2":"type-post","3":"status-publish","4":"format-standard","5":"has-post-thumbnail","7":"category-toulouse","8":"tag-actu","9":"tag-actualites","10":"tag-eu","11":"tag-europe","12":"tag-fr","13":"tag-france","14":"tag-meteo","15":"tag-meteo-france","16":"tag-news","17":"tag-occitanie","18":"tag-orages","19":"tag-republique-francaise","20":"tag-toulouse"},"share_on_mastodon":{"url":"https:\/\/pubeurope.com\/@fr\/114623128788927721","error":""},"_links":{"self":[{"href":"https:\/\/www.europesays.com\/fr\/wp-json\/wp\/v2\/posts\/150529","targetHints":{"allow":["GET"]}}],"collection":[{"href":"https:\/\/www.europesays.com\/fr\/wp-json\/wp\/v2\/posts"}],"about":[{"href":"https:\/\/www.europesays.com\/fr\/wp-json\/wp\/v2\/types\/post"}],"author":[{"embeddable":true,"href":"https:\/\/www.europesays.com\/fr\/wp-json\/wp\/v2\/users\/2"}],"replies":[{"embeddable":true,"href":"https:\/\/www.europesays.com\/fr\/wp-json\/wp\/v2\/comments?post=150529"}],"version-history":[{"count":0,"href":"https:\/\/www.europesays.com\/fr\/wp-json\/wp\/v2\/posts\/150529\/revisions"}],"wp:featuredmedia":[{"embeddable":true,"href":"https:\/\/www.europesays.com\/fr\/wp-json\/wp\/v2\/media\/150530"}],"wp:attachment":[{"href":"https:\/\/www.europesays.com\/fr\/wp-json\/wp\/v2\/media?parent=150529"}],"wp:term":[{"taxonomy":"category","embeddable":true,"href":"https:\/\/www.europesays.com\/fr\/wp-json\/wp\/v2\/categories?post=150529"},{"taxonomy":"post_tag","embeddable":true,"href":"https:\/\/www.europesays.com\/fr\/wp-json\/wp\/v2\/tags?post=150529"}],"curies":[{"name":"wp","href":"https:\/\/api.w.org\/{rel}","templated":true}]}}