{"id":150531,"date":"2025-06-04T04:09:50","date_gmt":"2025-06-04T04:09:50","guid":{"rendered":"https:\/\/www.europesays.com\/fr\/150531\/"},"modified":"2025-06-04T04:09:50","modified_gmt":"2025-06-04T04:09:50","slug":"une-femme-meurt-dune-piqure-de-guepe-chez-elle-dans-les-hauts-de-france","status":"publish","type":"post","link":"https:\/\/www.europesays.com\/fr\/150531\/","title":{"rendered":"Une femme meurt d\u2019une piq\u00fbre de gu\u00eape chez elle, dans les Hauts-de-France"},"content":{"rendered":"<p>            Par<br \/>\n        <strong><br \/>\n            <a href=\"https:\/\/actu.fr\/auteur\/raphael-mahlmann\" title=\"Consulter tous les articles de Rapha\u00ebl Mahlmann\" rel=\"nofollow noopener\" target=\"_blank\">Rapha\u00ebl Mahlmann<\/a><br \/>\n        <\/strong><\/p>\n<p>        Publi\u00e9 le<\/p>\n<p>            2 juin 2025 \u00e0 17h15<br \/>\n        ; mis \u00e0 jour le 2 juin 2025 \u00e0 17h13    <\/p>\n<p>C\u2019est un drame rare qui s\u2019est nou\u00e9 dans une commune des <a href=\"https:\/\/actu.fr\/hauts-de-france\/\" rel=\"nofollow noopener\" target=\"_blank\">Hauts-de-France. <\/a>\u00a0Une femme, \u00e2g\u00e9e de 48 ans, est morte apr\u00e8s avoir re\u00e7u une piq\u00fbre de gu\u00eape, indiquent les <a href=\"https:\/\/actu.fr\/hauts-de-france\/lille_59350\/lille-un-impressionnant-incendie-en-cours-dans-une-tour-deuralille-le-quartier-est-boucle_62639100.html\" rel=\"nofollow noopener\" target=\"_blank\">sapeurs-pompiers <\/a>de l\u2019<a href=\"https:\/\/actu.fr\/hauts-de-france\/franqueville_02331\/refus-dobtemperer-dans-laisne-sous-stups-il-recule-brusquement-et-blesse-deux-gendarmes_62707101.html\" rel=\"nofollow noopener\" target=\"_blank\">Aisne<\/a>, confirmant une information de l\u2019<a href=\"https:\/\/www.aisnenouvelle.fr\/id635246\/article\/2025-06-02\/une-femme-meurt-apres-une-piqure-de-guepe-en-thierache\" rel=\"nofollow noopener\" target=\"_blank\">Aisne Nouvelle<\/a>. Les secours sont intervenus jeudi 29 mai 2025 au domicile de la victime \u00e0 Parfondeval, une commune de l\u2019Aisne, situ\u00e9e \u00e0 la fronti\u00e8re avec les Ardennes.\u00a0<\/p>\n<p>15 morts par an<\/p>\n<p class=\" wall-content\">\u00c0 l\u2019arriv\u00e9e des secours, la femme se trouvait en arr\u00eat cardiorespiratoire. Apr\u00e8s avoir \u00e9t\u00e9 piqu\u00e9e par une gu\u00eape, la femme a d\u00e9clench\u00e9 une r\u00e9action allergique. Malgr\u00e9 la tentative de r\u00e9animation des secours, la femme a \u00e9t\u00e9 d\u00e9clar\u00e9e d\u00e9c\u00e9d\u00e9e sur place par le m\u00e9decin du Smur.<\/p>\n<p class=\" wall-content\">Une quinzaine de personnes meurent chaque ann\u00e9e apr\u00e8s une piq\u00fbre de gu\u00eape, d\u2019abeille ou de frelon en France. Selon les chiffres de l\u2019Inserm, 237 d\u00e9c\u00e8s ont \u00e9t\u00e9 recens\u00e9s entre\u00a02000 et\u00a02015.<\/p>\n<p class=\" wall-content\">En cas de piq\u00fbre, appelez directement le 15 ou le 112 si vous avez re\u00e7u une piq\u00fbre dans la bouche ou la gorge, des multiples piq\u00fbres (plus de 20 chez l\u2019adulte, 5 chez l\u2019enfant) ou si vous \u00eates allergique, rappelle l\u2019Assurance maladie.<\/p>\n<p class=\" wall-content\">Suivez toute l\u2019actualit\u00e9 de vos villes et m\u00e9dias favoris en vous inscrivant \u00e0 <a href=\"https:\/\/moncompte.actu.fr\" title=\"D\u00e9couvez Mon Actu\" rel=\"nofollow noopener\" data-trk=\"{&quot;cta&quot;:{&quot;action&quot;:&quot;https:\\\/\\\/moncompte.actu.fr&quot;,&quot;category&quot;:&quot;mon compte&quot;,&quot;from&quot;:&quot;article footer&quot;,&quot;name&quot;:&quot;Mon actu&quot;,&quot;type&quot;:&quot;cta&quot;}}\" target=\"_blank\">Mon Actu<\/a>.<\/p>\n","protected":false},"excerpt":{"rendered":"Par Rapha\u00ebl Mahlmann Publi\u00e9 le 2 juin 2025 \u00e0 17h15 ; mis \u00e0 jour le 2 juin 2025&hellip;\n","protected":false},"author":2,"featured_media":150532,"comment_status":"","ping_status":"","sticky":false,"template":"","format":"standard","meta":{"footnotes":""},"categories":[2815],"tags":[1111,11,1867,1777,674,118,1011,27,811,1307,12,1311,25],"class_list":{"0":"post-150531","1":"post","2":"type-post","3":"status-publish","4":"format-standard","5":"has-post-thumbnail","7":"category-lille","8":"tag-actu","9":"tag-actualites","10":"tag-animaux","11":"tag-eu","12":"tag-europe","13":"tag-faits-divers","14":"tag-fr","15":"tag-france","16":"tag-hauts-de-france","17":"tag-lille","18":"tag-news","19":"tag-pompiers","20":"tag-republique-francaise"},"share_on_mastodon":{"url":"https:\/\/pubeurope.com\/@fr\/114623140513301141","error":""},"_links":{"self":[{"href":"https:\/\/www.europesays.com\/fr\/wp-json\/wp\/v2\/posts\/150531","targetHints":{"allow":["GET"]}}],"collection":[{"href":"https:\/\/www.europesays.com\/fr\/wp-json\/wp\/v2\/posts"}],"about":[{"href":"https:\/\/www.europesays.com\/fr\/wp-json\/wp\/v2\/types\/post"}],"author":[{"embeddable":true,"href":"https:\/\/www.europesays.com\/fr\/wp-json\/wp\/v2\/users\/2"}],"replies":[{"embeddable":true,"href":"https:\/\/www.europesays.com\/fr\/wp-json\/wp\/v2\/comments?post=150531"}],"version-history":[{"count":0,"href":"https:\/\/www.europesays.com\/fr\/wp-json\/wp\/v2\/posts\/150531\/revisions"}],"wp:featuredmedia":[{"embeddable":true,"href":"https:\/\/www.europesays.com\/fr\/wp-json\/wp\/v2\/media\/150532"}],"wp:attachment":[{"href":"https:\/\/www.europesays.com\/fr\/wp-json\/wp\/v2\/media?parent=150531"}],"wp:term":[{"taxonomy":"category","embeddable":true,"href":"https:\/\/www.europesays.com\/fr\/wp-json\/wp\/v2\/categories?post=150531"},{"taxonomy":"post_tag","embeddable":true,"href":"https:\/\/www.europesays.com\/fr\/wp-json\/wp\/v2\/tags?post=150531"}],"curies":[{"name":"wp","href":"https:\/\/api.w.org\/{rel}","templated":true}]}}