{"id":150533,"date":"2025-06-04T04:10:12","date_gmt":"2025-06-04T04:10:12","guid":{"rendered":"https:\/\/www.europesays.com\/fr\/150533\/"},"modified":"2025-06-04T04:10:12","modified_gmt":"2025-06-04T04:10:12","slug":"les-brancardiers-du-bloc-a-la-timone-debrayent-a-nouveau-pour-leurs-conditions-de-travail","status":"publish","type":"post","link":"https:\/\/www.europesays.com\/fr\/150533\/","title":{"rendered":"les brancardiers du bloc \u00e0 la Timone d\u00e9brayent \u00e0 nouveau pour leurs conditions de travail"},"content":{"rendered":"<p>La col\u00e8re n\u2019est pas retomb\u00e9e depuis leur<a href=\"https:\/\/www.laprovence.com\/article\/region\/5669348310172814\/avec-250-transports-par-jour-les-brancardiers-de-bloc-a-la-timone-demandent-du-renfort\" target=\"_blank\" rel=\"noopener\"> premier jour de gr\u00e8ve, lundi dernier.<\/a> Ce mardi 3\u00a0juin, les deux \u00e9quipes d\u2019une quinzaine de brancardiers affect\u00e9s aux blocs op\u00e9ratoires de la Timone (la moiti\u00e9 d\u2019entre eux ont \u00e9t\u00e9 assign\u00e9s afin d\u2019assurer la continuit\u00e9 du service) se sont une nouvelle fois mobilis\u00e9es pour d\u00e9noncer <a href=\"https:\/\/www.laprovence.com\/article\/region\/5902547078146314\/les-fonctionnaires-n-assisteront-pas-a-la-casse-du-service-public-sans-rien-faire-a-marseille-la-cgt-mobilisee-pour-la-greve-du-5-decembre\" target=\"_blank\" rel=\"noopener\">\u00ab\u00a0la d\u00e9gradation\u00a0\u00bb de leurs conditions de travail<\/a> et demander des renforts de personnels \u00e0 l\u2019Assistance publique &#8211; H\u00f4pitaux de <a href=\"https:\/\/www.laprovence.com\/bouches-du-rhone\/marseille-13055\" target=\"_blank\" rel=\"noopener\">Marseille<\/a> (AP-HM).<\/p>\n<p>Une rencontre avec la direction ce jeudi<\/p>\n<p>Devant l\u2019entr\u00e9e de l\u2019h\u00f4pital du 5e arrondissement, les agents ont men\u00e9 une op\u00e9ration de tractage afin de sensibiliser les patients et t\u00e9moign\u00e9 de leurs \u00ab\u00a0difficult\u00e9s pour assurer leur mission\u00a0\u00bb. D\u00e9crivant \u00ab\u00a0les 250 \u00e0 300 transports de malades par jour, pour 16 brancardiers au planning\u00a0\u00bb mais aussi \u00ab\u00a0les brancards cass\u00e9s\u00a0\u00bb ou \u00ab\u00a0une salle de repos indigne\u00a0\u00bb, les personnels ont une nouvelle fois rappel\u00e9 leurs revendications.<\/p>\n<p>\u00ab\u00a0Nous demandons deux personnels suppl\u00e9mentaires par \u00e9quipe, l\u2019arr\u00eat des prises en charge de plusieurs patients par un seul brancardier et la dotation de 50 brancards neufs, \u00e9num\u00e8re Nathalie Malhole pour<a href=\"https:\/\/www.laprovence.com\/article\/region\/1511947054940615\/devant-la-timone-a-marseille-la-cgt-deplore-la-saignee-a-l-hopital-public\" target=\"_blank\" rel=\"noopener\"> la CGT<\/a>, qui se porte en soutien des brancardiers dans ce mouvement. Les brancardiers ne peuvent plus faire face \u00e0 la d\u00e9gradation sur leurs conditions de travail, qui a des r\u00e9percussions directes sur les patients. Certains doivent attendre plusieurs heures avant de retrouver leur chambre.\u00a0\u00bb<\/p>\n","protected":false},"excerpt":{"rendered":"La col\u00e8re n\u2019est pas retomb\u00e9e depuis leur premier jour de gr\u00e8ve, lundi dernier. Ce mardi 3\u00a0juin, les deux&hellip;\n","protected":false},"author":2,"featured_media":150534,"comment_status":"","ping_status":"","sticky":false,"template":"","format":"standard","meta":{"footnotes":""},"categories":[2814],"tags":[17,1111,11,10652,25493,1777,674,1011,27,6151,151,884,12,4565,882,16,25,12147],"class_list":{"0":"post-150533","1":"post","2":"type-post","3":"status-publish","4":"format-standard","5":"has-post-thumbnail","7":"category-marseille","8":"tag-17","9":"tag-actu","10":"tag-actualites","11":"tag-bloc","12":"tag-brancardiers","13":"tag-eu","14":"tag-europe","15":"tag-fr","16":"tag-france","17":"tag-greve","18":"tag-les","19":"tag-marseille","20":"tag-news","21":"tag-nouveau","22":"tag-provence-alpes-cote-dazur","23":"tag-region","24":"tag-republique-francaise","25":"tag-timone"},"share_on_mastodon":{"url":"https:\/\/pubeurope.com\/@fr\/114623140597331753","error":""},"_links":{"self":[{"href":"https:\/\/www.europesays.com\/fr\/wp-json\/wp\/v2\/posts\/150533","targetHints":{"allow":["GET"]}}],"collection":[{"href":"https:\/\/www.europesays.com\/fr\/wp-json\/wp\/v2\/posts"}],"about":[{"href":"https:\/\/www.europesays.com\/fr\/wp-json\/wp\/v2\/types\/post"}],"author":[{"embeddable":true,"href":"https:\/\/www.europesays.com\/fr\/wp-json\/wp\/v2\/users\/2"}],"replies":[{"embeddable":true,"href":"https:\/\/www.europesays.com\/fr\/wp-json\/wp\/v2\/comments?post=150533"}],"version-history":[{"count":0,"href":"https:\/\/www.europesays.com\/fr\/wp-json\/wp\/v2\/posts\/150533\/revisions"}],"wp:featuredmedia":[{"embeddable":true,"href":"https:\/\/www.europesays.com\/fr\/wp-json\/wp\/v2\/media\/150534"}],"wp:attachment":[{"href":"https:\/\/www.europesays.com\/fr\/wp-json\/wp\/v2\/media?parent=150533"}],"wp:term":[{"taxonomy":"category","embeddable":true,"href":"https:\/\/www.europesays.com\/fr\/wp-json\/wp\/v2\/categories?post=150533"},{"taxonomy":"post_tag","embeddable":true,"href":"https:\/\/www.europesays.com\/fr\/wp-json\/wp\/v2\/tags?post=150533"}],"curies":[{"name":"wp","href":"https:\/\/api.w.org\/{rel}","templated":true}]}}