{"id":150535,"date":"2025-06-04T04:11:09","date_gmt":"2025-06-04T04:11:09","guid":{"rendered":"https:\/\/www.europesays.com\/fr\/150535\/"},"modified":"2025-06-04T04:11:09","modified_gmt":"2025-06-04T04:11:09","slug":"les-intentions-secretes-du-patron-de-sciences-po-paris-a-marseille","status":"publish","type":"post","link":"https:\/\/www.europesays.com\/fr\/150535\/","title":{"rendered":"Les intentions secr\u00e8tes du patron de Sciences Po Paris \u00e0 Marseille"},"content":{"rendered":"<p>Depuis plusieurs mois, Sciences Po Paris, dirig\u00e9 par Luis Vassy, travaille sur la possible cr\u00e9ation d\u2019une antenne \u00e0 Marseille, mais sans avouer clairement ses intentions. \u00c0 Sciences Po Aix, les enseignants craignent la rupture du \u00ab\u00a0pacte de non-agression\u00a0\u00bb qui pr\u00e9valait jusqu\u2019ici.<\/p>\n<p>    \u201cOn n\u2019a que des bruits de couloir. Chacun d\u2019entre nous a un bout d\u2019info\u201d, s\u2019exasp\u00e8re une enseignante de Sciences Po Aix, situ\u00e9 \u00e0 une trentaine de kilom\u00e8tres de Marseille. Depuis plusieurs mois, le prestigieux Institut d\u2019\u00e9tudes politiques (IEP) Sciences Po Paris lorgne sur Marseille, et pourrait y ouvrir une antenne. En f\u00e9vrier, son directeur, Luis Vassy, y a accumul\u00e9 les prises de contact avec l\u2019\u00e9cosyst\u00e8me \u00e9conomique et politique r\u00e9gional, mais sans jamais avouer ses intentions clairement aupr\u00e8s de ses homologues. Pourtant, plusieurs signaux ont alert\u00e9 les \u00e9quipes de l\u2019IEP d\u2019Aix, organisme ind\u00e9pendant de l\u2019\u00e9tablissement parisien. Les enseignants ont m\u00eame sollicit\u00e9 la tenue d\u2019un conseil d\u2019administration extraordinaire jeudi 15 mai, pour convenir &#8230; <\/p>\n<p>Vous voulez lire<br \/>\n\t\t\t                la suite\u00a0?\n\t\t\t            <\/p>\n<p>\n\t\t\t                Abonnez-vous \u00e0 Marsactu\n\t\t\t            <\/p>\n","protected":false},"excerpt":{"rendered":"Depuis plusieurs mois, Sciences Po Paris, dirig\u00e9 par Luis Vassy, travaille sur la possible cr\u00e9ation d\u2019une antenne \u00e0&hellip;\n","protected":false},"author":2,"featured_media":150536,"comment_status":"","ping_status":"","sticky":false,"template":"","format":"standard","meta":{"footnotes":""},"categories":[2814],"tags":[1111,11,27986,1777,674,1011,27,884,12,882,25,27987,4772],"class_list":{"0":"post-150535","1":"post","2":"type-post","3":"status-publish","4":"format-standard","5":"has-post-thumbnail","7":"category-marseille","8":"tag-actu","9":"tag-actualites","10":"tag-casernedumuy","11":"tag-eu","12":"tag-europe","13":"tag-fr","14":"tag-france","15":"tag-marseille","16":"tag-news","17":"tag-provence-alpes-cote-dazur","18":"tag-republique-francaise","19":"tag-sciencespoaix","20":"tag-zalu"},"share_on_mastodon":{"url":"https:\/\/pubeurope.com\/@fr\/114623144500140262","error":""},"_links":{"self":[{"href":"https:\/\/www.europesays.com\/fr\/wp-json\/wp\/v2\/posts\/150535","targetHints":{"allow":["GET"]}}],"collection":[{"href":"https:\/\/www.europesays.com\/fr\/wp-json\/wp\/v2\/posts"}],"about":[{"href":"https:\/\/www.europesays.com\/fr\/wp-json\/wp\/v2\/types\/post"}],"author":[{"embeddable":true,"href":"https:\/\/www.europesays.com\/fr\/wp-json\/wp\/v2\/users\/2"}],"replies":[{"embeddable":true,"href":"https:\/\/www.europesays.com\/fr\/wp-json\/wp\/v2\/comments?post=150535"}],"version-history":[{"count":0,"href":"https:\/\/www.europesays.com\/fr\/wp-json\/wp\/v2\/posts\/150535\/revisions"}],"wp:featuredmedia":[{"embeddable":true,"href":"https:\/\/www.europesays.com\/fr\/wp-json\/wp\/v2\/media\/150536"}],"wp:attachment":[{"href":"https:\/\/www.europesays.com\/fr\/wp-json\/wp\/v2\/media?parent=150535"}],"wp:term":[{"taxonomy":"category","embeddable":true,"href":"https:\/\/www.europesays.com\/fr\/wp-json\/wp\/v2\/categories?post=150535"},{"taxonomy":"post_tag","embeddable":true,"href":"https:\/\/www.europesays.com\/fr\/wp-json\/wp\/v2\/tags?post=150535"}],"curies":[{"name":"wp","href":"https:\/\/api.w.org\/{rel}","templated":true}]}}