{"id":150537,"date":"2025-06-04T04:12:10","date_gmt":"2025-06-04T04:12:10","guid":{"rendered":"https:\/\/www.europesays.com\/fr\/150537\/"},"modified":"2025-06-04T04:12:10","modified_gmt":"2025-06-04T04:12:10","slug":"ce-nest-pas-parce-que-cest-digital-que-ce-nest-plus-de-la-prostitution","status":"publish","type":"post","link":"https:\/\/www.europesays.com\/fr\/150537\/","title":{"rendered":"\u00ab\u00a0Ce n\u2019est pas parce que c\u2019est digital que ce n\u2019est plus de la prostitution\u00a0\u00bb"},"content":{"rendered":"<p>Un \u00e9cran, une cam\u00e9ra, un compte certifi\u00e9. La transaction est fluide, sans contact, et souvent pr\u00e9sent\u00e9e comme \u00ab\u00a0s\u00e9curis\u00e9e\u00a0\u00bb. Pourtant, ce que certaines vendent sur MYM ressemble, de tr\u00e8s pr\u00e8s, \u00e0 ce qu&rsquo;on appelle ailleurs une passe.<\/p>\n<p>\u00ab\u00a0Il faut dire les mots\u00a0: ce sont des actes sexuels tarif\u00e9s. Ce n\u2019est pas du contenu, c\u2019est de la prostitution.\u00a0\u00bb C\u00e9line Piques, porte-parole d\u2019Osez le f\u00e9minisme, ne m\u00e2che pas ses mots. \u00ab Le num\u00e9rique change les formes, mais pas la logique. \u00bb Dans le sillage de l\u2019ub\u00e9risation du sexe, des milliers de jeunes femmes proposent des vid\u00e9os pornographiques ou des prestations personnalis\u00e9es, parfois dans un isolement total, face \u00e0 des abonn\u00e9s qui paient pour un orgasme digitalis\u00e9.<\/p>\n<p>\u00ab\u00a0Je ne me prostitue pas, j\u2019ai juste un&#8230;                <\/p>\n","protected":false},"excerpt":{"rendered":"Un \u00e9cran, une cam\u00e9ra, un compte certifi\u00e9. La transaction est fluide, sans contact, et souvent pr\u00e9sent\u00e9e comme \u00ab\u00a0s\u00e9curis\u00e9e\u00a0\u00bb.&hellip;\n","protected":false},"author":2,"featured_media":150538,"comment_status":"","ping_status":"","sticky":false,"template":"","format":"standard","meta":{"footnotes":""},"categories":[1889],"tags":[1111,11,2430,33,3152,7359,2757,3153,3154,1067,1777,674,274,24711,107,1011,27,5015,310,3367,20881,2428,12,25,2429,4604,273,3151,801,104],"class_list":{"0":"post-150537","1":"post","2":"type-post","3":"status-publish","4":"format-standard","5":"has-post-thumbnail","7":"category-lyon","8":"tag-actu","9":"tag-actualites","10":"tag-auvergne-rhone-alpes","11":"tag-economie","12":"tag-edition-est-lyonnais","13":"tag-edition-loire-centre","14":"tag-edition-lyon-villeurbanne","15":"tag-edition-ouest-lyonnais","16":"tag-edition-sud-lyonnais","17":"tag-enquete","18":"tag-eu","19":"tag-europe","20":"tag-faits-divers-justice","21":"tag-feurs","22":"tag-fil-info","23":"tag-fr","24":"tag-france","25":"tag-innovation-et-start-up","26":"tag-internet","27":"tag-loire","28":"tag-long-format","29":"tag-lyon","30":"tag-news","31":"tag-republique-francaise","32":"tag-rhone","33":"tag-selection-abonne","34":"tag-selection-de-la-redaction","35":"tag-selection-de-la-redaction-69","36":"tag-social","37":"tag-societe"},"share_on_mastodon":{"url":"https:\/\/pubeurope.com\/@fr\/114623148360798797","error":""},"_links":{"self":[{"href":"https:\/\/www.europesays.com\/fr\/wp-json\/wp\/v2\/posts\/150537","targetHints":{"allow":["GET"]}}],"collection":[{"href":"https:\/\/www.europesays.com\/fr\/wp-json\/wp\/v2\/posts"}],"about":[{"href":"https:\/\/www.europesays.com\/fr\/wp-json\/wp\/v2\/types\/post"}],"author":[{"embeddable":true,"href":"https:\/\/www.europesays.com\/fr\/wp-json\/wp\/v2\/users\/2"}],"replies":[{"embeddable":true,"href":"https:\/\/www.europesays.com\/fr\/wp-json\/wp\/v2\/comments?post=150537"}],"version-history":[{"count":0,"href":"https:\/\/www.europesays.com\/fr\/wp-json\/wp\/v2\/posts\/150537\/revisions"}],"wp:featuredmedia":[{"embeddable":true,"href":"https:\/\/www.europesays.com\/fr\/wp-json\/wp\/v2\/media\/150538"}],"wp:attachment":[{"href":"https:\/\/www.europesays.com\/fr\/wp-json\/wp\/v2\/media?parent=150537"}],"wp:term":[{"taxonomy":"category","embeddable":true,"href":"https:\/\/www.europesays.com\/fr\/wp-json\/wp\/v2\/categories?post=150537"},{"taxonomy":"post_tag","embeddable":true,"href":"https:\/\/www.europesays.com\/fr\/wp-json\/wp\/v2\/tags?post=150537"}],"curies":[{"name":"wp","href":"https:\/\/api.w.org\/{rel}","templated":true}]}}