{"id":150576,"date":"2025-06-04T04:36:12","date_gmt":"2025-06-04T04:36:12","guid":{"rendered":"https:\/\/www.europesays.com\/fr\/150576\/"},"modified":"2025-06-04T04:36:12","modified_gmt":"2025-06-04T04:36:12","slug":"sans-juges-de-ligne-les-arbitres-narbitrent-plus-aujourdhui-lache-bruno-rebeuh","status":"publish","type":"post","link":"https:\/\/www.europesays.com\/fr\/150576\/","title":{"rendered":"\u00abSans juges de ligne, les arbitres n\u2019arbitrent plus aujourd\u2019hui\u00bb, l\u00e2che Bruno Rebeuh"},"content":{"rendered":"<p>Consid\u00e9r\u00e9 comme l\u2019un des meilleurs arbitres au tournant des ann\u00e9es 1990, retir\u00e9 des courts depuis un quart de si\u00e8cle, Bruno Rebeuh, 2.500 matchs dirig\u00e9s et dix finales \u00e0 Roland-Garros au palmar\u00e8s, vient de publier un livre de souvenirs, riche en anecdotes et v\u00e9ritable plaidoyer pour l\u2019arbitrage \u00ab\u00e0 l\u2019ancienne\u00bb.<\/p>\n<p>Roland-Garros, terre de r\u00e9sistance \u00e0 l\u2019\u00e8re de l\u2019arbitrage 2.0<\/p>\n<p class=\"fig-paragraph\">\u00abJ\u2019esp\u00e8re que Roland-Garros r\u00e9sistera et gardera ses juges de lignes (NDLR\u00a0: c\u2019est le seul tournoi du Grand Chelem a les conserver). Je me suis retrouv\u00e9 en tant que spectateur sur le central de l\u2019US Open avec ces voix m\u00e9talliques, pas de juges de ligne et \u00e7a m\u2019a rendu triste pour les arbitres qui ne vivront jamais les joies que j\u2019ai connues. Je vois que des joueurs sont contents d\u2019avoir encore les juges de lignes \u00e0 Roland-Garros. Je n\u2019ai pas eu compl\u00e8tement tort et les choses sont en train un petit peu de bouger, m\u00eame si elles ont \u00e9t\u00e9 \u00e0 mon avis trop vite dans l\u2019autre sens. Quand j\u2019arbitrais il y a 30 ans, \u00e0 Roland-Garros, il y avait souvent des probl\u00e8mes et les juges-arbitres tranchaient. Le tennis depuis a fait d\u2019\u00e9normes progr\u00e8s. On ne voit plus de scandale. Mais pour suivre la tendance, on voudrait les remplacer. Les juges de lignes qui montrent la mauvaise trace, cela fait aussi partie du spectacle. Une voix synth\u00e9tique qui remplace l\u2019annonce du juge de ligne, c\u2019est triste. Quelle\u2026<\/p>\n<p class=\"fig-premium-paywall__infos\">\n        Cet article est r\u00e9serv\u00e9 aux abonn\u00e9s.        Il vous reste 86% \u00e0 d\u00e9couvrir.\n    <\/p>\n<p>                <img  data- alt=\"Le Figaro\" class=\"fig-img--complete fig-img\"\/><\/p>\n<p class=\"fig-premium-paywall__title\">Vente Flash<\/p>\n<p class=\"fig-premium-paywall__subtitle\">4,99\u20ac par mois pendant 12 mois. Sans engagement.<\/p>\n<p class=\"fig-premium-paywall__connect\">\n                D\u00e9j\u00e0 abonn\u00e9\u00a0?                <a class=\"fig-premium-paywall__connect-link\" href=\"https:\/\/connect.lefigaro.fr\/login?client=horizon_web&amp;type=main&amp;redirect_uri=https%3A%2F%2Fwww.lefigaro.fr%2Fsports%2Ftennis%2Froland-garros%2Fbruno-rebeuh-sans-juges-de-ligne-les-arbitres-n-arbitrent-plus-aujourd-hui-20250604\" data-js-gtm=\"{&quot;customCategorie&quot;: &quot;conversion&quot;, &quot;customAction&quot;: &quot;before_Landing_Connexion_paywall_auto&quot;, &quot;customLabel&quot;: &quot;bGVmaWdhcm8uZnJfXzFmMDQwOWJkLWRjN2QtNjYxYS04NjllLTMxZWJiOWI3MTA1ZV9fTmV3c0ZsYXNo_Roland-Garros\u00a0: \u00abSans juges de ligne, les arbitres n\u2019arbitrent plus aujourd\u2019hui\u00bb, l\u00e2che Bruno Rebeuh_1000&quot;, &quot;customIDSPE&quot;: &quot;bGVmaWdhcm8uZnJfXzFmMDQwOWJkLWRjN2QtNjYxYS04NjllLTMxZWJiOWI3MTA1ZV9fTmV3c0ZsYXNo&quot;, &quot;event&quot;: &quot;customEventSPE&quot;}\" target=\"_blank\" rel=\"noopener\"><br \/>\n                    Connectez-vous<br \/>\n                <\/a>\n            <\/p>\n","protected":false},"excerpt":{"rendered":"Consid\u00e9r\u00e9 comme l\u2019un des meilleurs arbitres au tournant des ann\u00e9es 1990, retir\u00e9 des courts depuis un quart de&hellip;\n","protected":false},"author":2,"featured_media":150577,"comment_status":"","ping_status":"","sticky":false,"template":"","format":"standard","meta":{"footnotes":""},"categories":[1412],"tags":[4169,105,1451,2199,1452,1453,1454,1455,1011,27,24473,1960,24472,4171,60,1467,4173,4170],"class_list":{"0":"post-150576","1":"post","2":"type-post","3":"status-publish","4":"format-standard","5":"has-post-thumbnail","7":"category-f1","8":"tag-atp","9":"tag-djokovic","10":"tag-f1","11":"tag-federer","12":"tag-formula-1","13":"tag-formula1","14":"tag-formule-1","15":"tag-formule1","16":"tag-fr","17":"tag-france","18":"tag-internationaux-de-france","19":"tag-nadal","20":"tag-rg","21":"tag-roland-garros","22":"tag-sports","23":"tag-tennis","24":"tag-wimbledon","25":"tag-wta"},"share_on_mastodon":{"url":"https:\/\/pubeurope.com\/@fr\/114623242815706329","error":""},"_links":{"self":[{"href":"https:\/\/www.europesays.com\/fr\/wp-json\/wp\/v2\/posts\/150576","targetHints":{"allow":["GET"]}}],"collection":[{"href":"https:\/\/www.europesays.com\/fr\/wp-json\/wp\/v2\/posts"}],"about":[{"href":"https:\/\/www.europesays.com\/fr\/wp-json\/wp\/v2\/types\/post"}],"author":[{"embeddable":true,"href":"https:\/\/www.europesays.com\/fr\/wp-json\/wp\/v2\/users\/2"}],"replies":[{"embeddable":true,"href":"https:\/\/www.europesays.com\/fr\/wp-json\/wp\/v2\/comments?post=150576"}],"version-history":[{"count":0,"href":"https:\/\/www.europesays.com\/fr\/wp-json\/wp\/v2\/posts\/150576\/revisions"}],"wp:featuredmedia":[{"embeddable":true,"href":"https:\/\/www.europesays.com\/fr\/wp-json\/wp\/v2\/media\/150577"}],"wp:attachment":[{"href":"https:\/\/www.europesays.com\/fr\/wp-json\/wp\/v2\/media?parent=150576"}],"wp:term":[{"taxonomy":"category","embeddable":true,"href":"https:\/\/www.europesays.com\/fr\/wp-json\/wp\/v2\/categories?post=150576"},{"taxonomy":"post_tag","embeddable":true,"href":"https:\/\/www.europesays.com\/fr\/wp-json\/wp\/v2\/tags?post=150576"}],"curies":[{"name":"wp","href":"https:\/\/api.w.org\/{rel}","templated":true}]}}