{"id":150580,"date":"2025-06-04T04:38:10","date_gmt":"2025-06-04T04:38:10","guid":{"rendered":"https:\/\/www.europesays.com\/fr\/150580\/"},"modified":"2025-06-04T04:38:10","modified_gmt":"2025-06-04T04:38:10","slug":"mercato-le-dossier-milan-skriniar-bientot-regle","status":"publish","type":"post","link":"https:\/\/www.europesays.com\/fr\/150580\/","title":{"rendered":"Mercato \u2013 Le dossier Milan Skriniar bient\u00f4t r\u00e9gl\u00e9 ? &#8211;"},"content":{"rendered":"<p><img width=\"700\" height=\"350\" src=\"https:\/\/www.europesays.com\/fr\/wp-content\/uploads\/2025\/06\/Skriniar.jpg\" class=\"attachment-jannah-image-post size-jannah-image-post wp-post-image\" alt=\"Skriniar\" is_main_img=\"1\" decoding=\"async\" fetchpriority=\"high\"  \/><br \/>\n Image : Compte X<br \/>\n@Fenerbahce<\/p>\n<p>Pr\u00eat\u00e9 par le PSG cet hiver \u00e0 Fenerbah\u00e7e, Milan Skriniar a<br \/>\nbeaucoup jou\u00e9 en Turquie. L\u2019international slovaque a convaincu les<br \/>\ndirigeants stambouilotes qui aimeraient le conserver.<\/p>\n<p>Pas dans les plans de <strong>Luis Enrique<\/strong>,<br \/>\n<strong>Milan Skriniar<\/strong> avait jou\u00e9 cinq matches toutes<br \/>\ncomp\u00e9titions confondues avec le <strong>PSG<\/strong> lors de la<br \/>\npremi\u00e8re partie de saison. Afin d\u2019avoir plus de temps de jeu,<br \/>\nl\u2019international slovaque avait rejoint <strong><a href=\"https:\/\/canal-supporters.com\/officiel-milan-skriniar-file-au-fenerbahce\/\" title=\"\" target=\"_blank\" rel=\"noopener\">Fenerbah\u00e7e<\/a><\/strong> sous la forme d\u2019un pr\u00eat. En<br \/>\n<strong>Turquie<\/strong>, l\u2019ancien de l\u2019<strong>Inter<br \/>\nMilan<\/strong> a retrouv\u00e9 le chemin des terrains, lui qui \u00e9tait un<br \/>\ntitulaire indiscutable sous les ordres de <strong>Jos\u00e9<br \/>\nMourinho<\/strong> (23 matches, trois buts et deux passes d\u00e9cisives,<br \/>\n2100 minutes de temps de jeu).<\/p>\n<p>A voir aussi : <a href=\"https:\/\/canal-supporters.com\/mercato-lagent-de-milan-skriniar-sort-du-silence-sans-langue-de-bois\/\" title=\"\" target=\"_blank\" rel=\"noopener\">Mercato : L\u2019agent de Milan Skriniar sort du silence sans<br \/>\nlangue de bois !<\/a><\/p>\n<p><a href=\"https:\/\/x.com\/CanalSupporters\" target=\"_blank\" rel=\"noopener\" title=\"\">canalsupporters.com<\/a><\/p>\n<p>Fenerbah\u00e7e<br \/>\nsouhaite conserver Milan Skriniar<\/p>\n<p>Ses performances ont convaincu <strong>Fenerbah\u00e7e<\/strong>, qui<br \/>\nsouhaiterait <a href=\"https:\/\/canal-supporters.com\/fenerbahce-pret-a-soffrir-definitivement-milan-skriniar\/\" title=\"\" target=\"_blank\" rel=\"noopener\">conserver<\/a> <strong>Milan Skriniar<\/strong>. Selon les<br \/>\ninformations de <a href=\"https:\/\/www.fotomac.com.tr\/fenerbahce\/2025\/06\/02\/transfer-haberi-fenerbahceden-skriniar-gorusmesi-devler-ligi-finali-oncesi?paging=5\" target=\"_blank\" rel=\"noopener\" title=\"\">Fotomac<\/a>, le<br \/>\ntransfert du d\u00e9fenseur central est en excellente voie. Le pr\u00e9sident<br \/>\ndu club stambouilote, <strong>Ali Ko\u00e7<\/strong>, a profit\u00e9 de sa<br \/>\npr\u00e9sence \u00e0 <strong>Munich<\/strong> pour la finale de la<br \/>\n<strong>Ligue des champions<\/strong> pour en parler avec<br \/>\n<strong>Nasser al-Khela\u00effi<\/strong>, avance le m\u00e9dia sportif turc.<br \/>\nCe dernier indique que tout devrait s\u2019acc\u00e9l\u00e9rer dans les prochains<br \/>\njours dans ce dossier. Pour rappel, le <strong>PSG<\/strong><br \/>\naimerait r\u00e9cup\u00e9rer 20 millions d\u2019euros pour <strong>Milan<br \/>\nSkriniar<\/strong>.\u00a0<\/p><\/p>\n","protected":false},"excerpt":{"rendered":"Image : Compte X @Fenerbahce Pr\u00eat\u00e9 par le PSG cet hiver \u00e0 Fenerbah\u00e7e, Milan Skriniar a beaucoup jou\u00e9&hellip;\n","protected":false},"author":2,"featured_media":150581,"comment_status":"","ping_status":"","sticky":false,"template":"","format":"standard","meta":{"footnotes":""},"categories":[1410],"tags":[81,27990,27991,63,1011,27,1434,1435,27992,626,91,92,93,27993,60,96],"class_list":{"0":"post-150580","1":"post","2":"type-post","3":"status-publish","4":"format-standard","5":"has-post-thumbnail","7":"category-football","8":"tag-canal-supporters","9":"tag-fenerbahce","10":"tag-fin-de-contrat-juin-2028","11":"tag-football","12":"tag-fr","13":"tag-france","14":"tag-mercato","15":"tag-mercato-psg","16":"tag-milan-skriniar","17":"tag-paris","18":"tag-paris-saint-germain","19":"tag-paris-sg","20":"tag-psg","21":"tag-skriniar","22":"tag-sports","23":"tag-une"},"share_on_mastodon":{"url":"https:\/\/pubeurope.com\/@fr\/114623250793122757","error":""},"_links":{"self":[{"href":"https:\/\/www.europesays.com\/fr\/wp-json\/wp\/v2\/posts\/150580","targetHints":{"allow":["GET"]}}],"collection":[{"href":"https:\/\/www.europesays.com\/fr\/wp-json\/wp\/v2\/posts"}],"about":[{"href":"https:\/\/www.europesays.com\/fr\/wp-json\/wp\/v2\/types\/post"}],"author":[{"embeddable":true,"href":"https:\/\/www.europesays.com\/fr\/wp-json\/wp\/v2\/users\/2"}],"replies":[{"embeddable":true,"href":"https:\/\/www.europesays.com\/fr\/wp-json\/wp\/v2\/comments?post=150580"}],"version-history":[{"count":0,"href":"https:\/\/www.europesays.com\/fr\/wp-json\/wp\/v2\/posts\/150580\/revisions"}],"wp:featuredmedia":[{"embeddable":true,"href":"https:\/\/www.europesays.com\/fr\/wp-json\/wp\/v2\/media\/150581"}],"wp:attachment":[{"href":"https:\/\/www.europesays.com\/fr\/wp-json\/wp\/v2\/media?parent=150580"}],"wp:term":[{"taxonomy":"category","embeddable":true,"href":"https:\/\/www.europesays.com\/fr\/wp-json\/wp\/v2\/categories?post=150580"},{"taxonomy":"post_tag","embeddable":true,"href":"https:\/\/www.europesays.com\/fr\/wp-json\/wp\/v2\/tags?post=150580"}],"curies":[{"name":"wp","href":"https:\/\/api.w.org\/{rel}","templated":true}]}}