{"id":150584,"date":"2025-06-04T04:41:10","date_gmt":"2025-06-04T04:41:10","guid":{"rendered":"https:\/\/www.europesays.com\/fr\/150584\/"},"modified":"2025-06-04T04:41:10","modified_gmt":"2025-06-04T04:41:10","slug":"saint-etienne-coups-humiliations-elle-raconte-son-enfance-en-enfer-dans-un-livre","status":"publish","type":"post","link":"https:\/\/www.europesays.com\/fr\/150584\/","title":{"rendered":"Saint-\u00c9tienne. Coups, humiliations&#8230; Elle raconte son enfance en enfer dans un livre"},"content":{"rendered":"<p>Une silhouette \u00e9lanc\u00e9e dans un blazer et un jean parfaitement taill\u00e9, des grands yeux bruns relev\u00e9s d\u2019un trait de crayon noir, et un large sourire. Marie-Ang\u00e8le DiLitta, l\u2019autrice de Je t\u2019ai longtemps attendu &#8211; itin\u00e9raire d\u2019une enfant plac\u00e9e, d\u00e9plac\u00e9e, respire la confiance en elle. Son histoire ne se lit pas dans ses yeux, bien qu\u2019elle assume parfaitement \u00ab avoir \u00e9t\u00e9 un enfant de la Ddass (Direction d\u00e9partementale des affaires sanitaires et sociales) \u00bb.<\/p>\n<p>Aujourd\u2019hui femme accomplie, elle a travers\u00e9 l\u2019enfer, en est sortie, et va mieux. Ce livre, ce n\u2019\u00e9tait pas un r\u00eave, mais une \u00ab \u00e9vidence \u00bb comme elle le dit si bien. Un t\u00e9moignage sur l\u2019histoire d\u2019une enfant, qui est aussi l\u2019histoire de milliers d\u2019autres. Un message porteur d\u2019espoir. Il y a une vie apr\u00e8s la&#8230;<\/p>\n","protected":false},"excerpt":{"rendered":"Une silhouette \u00e9lanc\u00e9e dans un blazer et un jean parfaitement taill\u00e9, des grands yeux bruns relev\u00e9s d\u2019un trait&hellip;\n","protected":false},"author":2,"featured_media":150585,"comment_status":"","ping_status":"","sticky":false,"template":"","format":"standard","meta":{"footnotes":""},"categories":[1357],"tags":[1379,1687,58,7539,59,107,1011,27,1380,2410,3367,4001,7538,273,10806,801],"class_list":{"0":"post-150584","1":"post","2":"type-post","3":"status-publish","4":"format-standard","5":"has-post-thumbnail","7":"category-livres","8":"tag-books","9":"tag-culture-loisirs","10":"tag-divertissement","11":"tag-edition-loire-sud","12":"tag-entertainment","13":"tag-fil-info","14":"tag-fr","15":"tag-france","16":"tag-livres","17":"tag-livres-bd","18":"tag-loire","19":"tag-saint-etienne","20":"tag-saint-etienne-ville","21":"tag-selection-de-la-redaction","22":"tag-selection-de-la-redaction-42","23":"tag-social"},"share_on_mastodon":{"url":"https:\/\/pubeurope.com\/@fr\/114623262484371084","error":""},"_links":{"self":[{"href":"https:\/\/www.europesays.com\/fr\/wp-json\/wp\/v2\/posts\/150584","targetHints":{"allow":["GET"]}}],"collection":[{"href":"https:\/\/www.europesays.com\/fr\/wp-json\/wp\/v2\/posts"}],"about":[{"href":"https:\/\/www.europesays.com\/fr\/wp-json\/wp\/v2\/types\/post"}],"author":[{"embeddable":true,"href":"https:\/\/www.europesays.com\/fr\/wp-json\/wp\/v2\/users\/2"}],"replies":[{"embeddable":true,"href":"https:\/\/www.europesays.com\/fr\/wp-json\/wp\/v2\/comments?post=150584"}],"version-history":[{"count":0,"href":"https:\/\/www.europesays.com\/fr\/wp-json\/wp\/v2\/posts\/150584\/revisions"}],"wp:featuredmedia":[{"embeddable":true,"href":"https:\/\/www.europesays.com\/fr\/wp-json\/wp\/v2\/media\/150585"}],"wp:attachment":[{"href":"https:\/\/www.europesays.com\/fr\/wp-json\/wp\/v2\/media?parent=150584"}],"wp:term":[{"taxonomy":"category","embeddable":true,"href":"https:\/\/www.europesays.com\/fr\/wp-json\/wp\/v2\/categories?post=150584"},{"taxonomy":"post_tag","embeddable":true,"href":"https:\/\/www.europesays.com\/fr\/wp-json\/wp\/v2\/tags?post=150584"}],"curies":[{"name":"wp","href":"https:\/\/api.w.org\/{rel}","templated":true}]}}