{"id":150599,"date":"2025-06-04T04:50:09","date_gmt":"2025-06-04T04:50:09","guid":{"rendered":"https:\/\/www.europesays.com\/fr\/150599\/"},"modified":"2025-06-04T04:50:09","modified_gmt":"2025-06-04T04:50:09","slug":"a-rome-emmanuel-macron-tente-de-dissiper-les-tensions-avec-giorgia-meloni","status":"publish","type":"post","link":"https:\/\/www.europesays.com\/fr\/150599\/","title":{"rendered":"A Rome, Emmanuel Macron tente de dissiper les tensions avec Giorgia Meloni"},"content":{"rendered":"<p>Officiellement, tout va pour le mieux entre la France et l\u2019<a href=\"https:\/\/www.20minutes.fr\/dossier\/italie\" target=\"_blank\" class=\"color-ultramarine c-link\" rel=\"noopener\">Italie<\/a>. Et pour bien le montrer, <a href=\"https:\/\/www.20minutes.fr\/monde\/giorgia-meloni\/\" target=\"_blank\" class=\"color-ultramarine c-link\" rel=\"noopener\">Giorgia Meloni<\/a> et <a href=\"https:\/\/www.20minutes.fr\/politique\/emmanuel-macron\/\" target=\"_blank\" class=\"color-ultramarine c-link\" rel=\"noopener\">Emmanuel Macron<\/a> ont affich\u00e9 mardi leur \u00ab\u00a0engagement commun\u00a0\u00bb et leurs \u00ab\u00a0convergences fortes\u00a0\u00bb lors d\u2019un long t\u00eate-\u00e0-t\u00eate \u00e0 Rome.<\/p>\n<p>L\u2019objectif \u00e9tait de dissiper les tensions, qui se sont cristallis\u00e9es depuis le retour de <a href=\"https:\/\/www.20minutes.fr\/dossier\/donald_trump\" target=\"_blank\" class=\"color-ultramarine c-link\" rel=\"noopener\">Donald Trump<\/a> \u00e0 la Maison-Blanche. Chacun susurre en effet \u00e0 une oreille du pr\u00e9sident am\u00e9ricain\u00a0: le Fran\u00e7ais sur l\u2019Ukraine, l\u2019Italienne sur les droits de douane. Le dialogue est donc compliqu\u00e9 entre les deux dirigeants europ\u00e9ens.<\/p>\n<p>Un accueil chaleureux<\/p>\n<p>Le rendez-vous de mardi soir, dont le pr\u00e9sident fran\u00e7ais revendique l\u2019initiative, avait donc tout de la tentative de rabibochage. Emmanuel Macron a \u00e9t\u00e9 accueilli chaleureusement par la Premier ministre. Apr\u00e8s une bise et de grands sourires, ils se sont engouffr\u00e9s dans le Palais Chigi, si\u00e8ge de la pr\u00e9sidence du Conseil, pour un t\u00eate-\u00e0-t\u00eate qui a dur\u00e9 trois heures, suivi d\u2019un d\u00eener.<\/p>\n<\/p>\n<p>\u00ab\u00a0L\u2019Italie et la France, attach\u00e9es \u00e0 leur r\u00f4le d\u2019\u00c9tats fondateurs de la construction europ\u00e9enne, entendent renforcer leur engagement commun pour une Europe plus souveraine, plus forte et plus prosp\u00e8re, avant tout pour la paix\u00a0\u00bb, ont affirm\u00e9 les deux pays dans un communiqu\u00e9 conjoint \u00e0 l\u2019issue des entretiens. Ils ont aussi annonc\u00e9 un sommet bilat\u00e9ral \u00ab\u00a0en France d\u00e9but\u00a02026\u00a0\u00bb.<\/p>\n<p>Vendredi, Giorgia Meloni avait reconnu des \u00ab\u00a0divergences\u00a0\u00bb tout en les minimisant et en r\u00e9futant tout \u00ab\u00a0probl\u00e8me personnel\u00a0\u00bb avec Emmanuel Macron. Depuis\u00a02022, la relation n\u2019est pourtant pas simple. Mais les int\u00e9r\u00eats communs, \u00e0 commencer par le soutien inconditionnel \u00e0 l\u2019Ukraine, ont longtemps permis de surmonter deux visions divergentes de l\u2019Europe, d\u2019autant que la Premi\u00e8re ministre a fait le pari de peser \u00e0 Bruxelles plut\u00f4t que de bouder les institutions europ\u00e9ennes.<\/p>\n<p>Une \u00ab\u00a0rivalit\u00e9 incontestable\u00a0\u00bb<\/p>\n<p>Le retour de Donald Trump a bouscul\u00e9 ces \u00e9quilibres. \u00ab\u00a0Il y a une rivalit\u00e9 incontestable\u00a0\u00bb, rel\u00e8ve Marc Lazar, professeur \u00e0 Sciences Po Paris et sp\u00e9cialiste des relations transalpines. Les deux dirigeants ont adopt\u00e9 des \u00ab\u00a0strat\u00e9gies diff\u00e9rentes\u00a0\u00bb \u00e0 l\u2019\u00e9gard de Washington, \u00ab\u00a0m\u00e9diation et compromis\u00a0\u00bb pour l\u2019Italienne, \u00ab\u00a0fermet\u00e9 sans rupture\u00a0\u00bb pour le Fran\u00e7ais.<\/p>\n<p>Mais c\u00f4t\u00e9 fran\u00e7ais, si l\u2019on dit \u00ab\u00a0respecter\u00a0\u00bb que chacun puisse \u00ab\u00a0entretenir avec le pr\u00e9sident Trump la meilleure relation possible\u00a0\u00bb, on insiste sur le fait que les n\u00e9gociations commerciales rel\u00e8vent de la Commission europ\u00e9enne, comme pour d\u00e9nier \u00e0 Giorgia Meloni un vrai r\u00f4le de m\u00e9diatrice.<\/p>\n<p><a href=\"https:\/\/www.20minutes.fr\/dossier\/italie\" target=\"_blank\" class=\"c-link c-btn c-btn--primary\" rel=\"noopener\">Notre dossier sur l&rsquo;Italie<\/a><\/p>\n<p>Et sur l\u2019<a href=\"https:\/\/www.20minutes.fr\/monde\/ukraine\/\" target=\"_blank\" class=\"color-ultramarine c-link\" rel=\"noopener\">Ukraine<\/a> ces derni\u00e8res semaines, le d\u00e9placement \u00e0 Kiev du pr\u00e9sident fran\u00e7ais avec les dirigeants britannique, allemand et polonais \u2013 mais sans Giorgia Meloni \u2013, puis la r\u00e9\u00e9dition de ce format en marge d\u2019un sommet europ\u00e9en en Albanie, a fait \u00e9clater les bisbilles au grand jour. Le communiqu\u00e9 conjoint de mardi se borne juste \u00e0 r\u00e9affirmer que \u00ab\u00a0la poursuite du soutien sans faille de la France et de l\u2019Italie \u00e0 l\u2019Ukraine est encore plus n\u00e9cessaire pour parvenir \u00e0 un r\u00e8glement juste et durable\u00a0\u00bb.<\/p>\n","protected":false},"excerpt":{"rendered":"Officiellement, tout va pour le mieux entre la France et l\u2019Italie. Et pour bien le montrer, Giorgia Meloni&hellip;\n","protected":false},"author":2,"featured_media":150600,"comment_status":"","ping_status":"","sticky":false,"template":"","format":"standard","meta":{"footnotes":""},"categories":[5],"tags":[47,11,75,1073,73,1011,27,3044,131,14,452,74,12,555,133,28],"class_list":{"0":"post-150599","1":"post","2":"type-post","3":"status-publish","4":"format-standard","5":"has-post-thumbnail","7":"category-international","8":"tag-actualite","9":"tag-actualites","10":"tag-donald-trump","11":"tag-emmanuel-macron","12":"tag-etats-unis","13":"tag-fr","14":"tag-france","15":"tag-giorgia-meloni","16":"tag-guerre-en-ukraine","17":"tag-international","18":"tag-italie","19":"tag-monde","20":"tag-news","21":"tag-union-europeenne-ue","22":"tag-video","23":"tag-world"},"share_on_mastodon":{"url":"https:\/\/pubeurope.com\/@fr\/114623297826801483","error":""},"_links":{"self":[{"href":"https:\/\/www.europesays.com\/fr\/wp-json\/wp\/v2\/posts\/150599","targetHints":{"allow":["GET"]}}],"collection":[{"href":"https:\/\/www.europesays.com\/fr\/wp-json\/wp\/v2\/posts"}],"about":[{"href":"https:\/\/www.europesays.com\/fr\/wp-json\/wp\/v2\/types\/post"}],"author":[{"embeddable":true,"href":"https:\/\/www.europesays.com\/fr\/wp-json\/wp\/v2\/users\/2"}],"replies":[{"embeddable":true,"href":"https:\/\/www.europesays.com\/fr\/wp-json\/wp\/v2\/comments?post=150599"}],"version-history":[{"count":0,"href":"https:\/\/www.europesays.com\/fr\/wp-json\/wp\/v2\/posts\/150599\/revisions"}],"wp:featuredmedia":[{"embeddable":true,"href":"https:\/\/www.europesays.com\/fr\/wp-json\/wp\/v2\/media\/150600"}],"wp:attachment":[{"href":"https:\/\/www.europesays.com\/fr\/wp-json\/wp\/v2\/media?parent=150599"}],"wp:term":[{"taxonomy":"category","embeddable":true,"href":"https:\/\/www.europesays.com\/fr\/wp-json\/wp\/v2\/categories?post=150599"},{"taxonomy":"post_tag","embeddable":true,"href":"https:\/\/www.europesays.com\/fr\/wp-json\/wp\/v2\/tags?post=150599"}],"curies":[{"name":"wp","href":"https:\/\/api.w.org\/{rel}","templated":true}]}}