{"id":150606,"date":"2025-06-04T04:54:09","date_gmt":"2025-06-04T04:54:09","guid":{"rendered":"https:\/\/www.europesays.com\/fr\/150606\/"},"modified":"2025-06-04T04:54:09","modified_gmt":"2025-06-04T04:54:09","slug":"saint-etienne-ce-projet-xxl-vante-par-la-mairie-tombe-a-leau-un-sauveur-se-manifeste","status":"publish","type":"post","link":"https:\/\/www.europesays.com\/fr\/150606\/","title":{"rendered":"Saint-\u00c9tienne. Ce projet XXL vant\u00e9 par la mairie tombe \u00e0 l&rsquo;eau, un sauveur se manifeste"},"content":{"rendered":"<p>            Par<br \/>\n        <strong><br \/>\n            <a href=\"https:\/\/actu.fr\/auteur\/julien-sournies\" title=\"Consulter tous les articles de Julien Sournies\" rel=\"nofollow noopener\" target=\"_blank\">Julien Sournies<\/a><br \/>\n        <\/strong><\/p>\n<p>        Publi\u00e9 le<\/p>\n<p>            4 juin 2025 \u00e0 6h28        <\/p>\n<p>C\u2019est un vieux serpent de mer \u00e0 <a href=\"https:\/\/actu.fr\/saint-etienne\/\" rel=\"nofollow noopener\" target=\"_blank\">Saint-\u00c9tienne<\/a> (<a href=\"https:\/\/actu.fr\/auvergne-rhone-alpes\/loire_42\" rel=\"nofollow noopener\" target=\"_blank\">Loire<\/a>). Achet\u00e9 \u00e0 la municipalit\u00e9 contre 3,2\u00a0millions d\u2019euros par le groupe Atrium en pleine pand\u00e9mie du Covid-19 en 2020, via sa filiale Green Market, le march\u00e9 de gros, situ\u00e9 rue Necker, avait pour vocation de se transformer en une sorte de<strong> \u00ab\u2009petit Rungis\u2009\u00bb<\/strong>. Alors qu\u2019Atrium avait fi\u00e8rement annonc\u00e9 une enveloppe de quelque 25\u00a0millions d\u2019euros destin\u00e9e \u00e0 la r\u00e9habilitation totale du site, ce chantier ambitieux est finalement <strong>tomb\u00e9 \u00e0 l\u2019eau<\/strong> en juin\u00a02023, le groupe d\u00e9cidant de l\u00e2cher l\u2019affaire.<br \/>Malgr\u00e9 une importante d\u00e9convenue pour la Ville, ce projet XXL pourrait en fin de compte voir le jour dans les ann\u00e9es \u00e0 venir. Explications.<\/p>\n<p>Le gestionnaire du march\u00e9 de Rungis int\u00e9ress\u00e9 par le march\u00e9 de gros<\/p>\n<p class=\" wall-content\">\u00c0 la suite de cet abandon du groupe Atrium, la municipalit\u00e9 st\u00e9phanoise, apr\u00e8s avoir men\u00e9 une longue bataille en justice pour non-respect des engagements, est finalement redevenue propri\u00e9taire du site, signant un acte notari\u00e9 de r\u00e9trocession le 2\u00a0avril dernier, \u00ab\u2009contre le versement d\u2019une indemnit\u00e9 de 487\u2009830\u00a0euros, alors que la valeur th\u00e9orique du bien est de 2\u00a0millions d\u2019euros\u2009\u00bb, a rappel\u00e9 Jean-Pierre Berger, 1er adjoint \u00e0 la mairie, lors du conseil municipal de ce lundi 2\u00a0juin.<\/p>\n<p class=\" wall-content\">Malgr\u00e9 tout, les lieux, d\u2019une superficie de quelque 52\u2009000\u00a0m2, ne sont pas vou\u00e9s \u00e0 rester \u00e9ternellement sous le giron de la Ville. Comme l\u2019a annonc\u00e9 le 1er adjoint de Ga\u00ebl Perdriau, le march\u00e9 de gros attire en effet les <strong>convoitises<\/strong>.<\/p>\n<p class=\" wall-content\">La soci\u00e9t\u00e9 <strong>Semmaris<\/strong>, qui est notamment en gestion du march\u00e9 de Rungis, a fait part de son int\u00e9r\u00eat pour reprendre les r\u00eanes de ce projet. \u00ab\u2009Cette soci\u00e9t\u00e9 va r\u00e9aliser des \u00e9tudes pour confirmer ou infirmer la faisabilit\u00e9 financi\u00e8re, technique, de march\u00e9, etc. Elle nous a demand\u00e9 une exclusivit\u00e9 pendant trois mois, le temps de faire des \u00e9tudes que nous avons accord\u00e9es \u00e0 travers une convention\u2009\u00bb, assure Jean-Pierre Berger.<\/p>\n<p>La municipalit\u00e9 va faire des travaux en attendant<\/p>\n<p class=\" wall-content\">Selon l\u2019\u00e9lu, la soci\u00e9t\u00e9 Semmaris devrait dresser son bilan \u00ab\u2009courant septembre\u2009\u00bb, o\u00f9 elle fera part de sa d\u00e9cision ou non, en fonction des r\u00e9sultats, d\u2019entr\u00e9e en discussion avec la Ville pour trouver un accord pour exploiter le site.<\/p>\n<p class=\" wall-content\">En attendant tout accord, des <strong>travaux<\/strong> seront r\u00e9alis\u00e9s par la municipalit\u00e9 sur le site, lequel est toujours utilis\u00e9 par des grossistes. \u00ab\u2009Nous avons rencontr\u00e9 les commer\u00e7ants \u00e0 plusieurs reprises, ils nous demandent de l\u2019aide. On va revoir les baux, travailler sur des probl\u00e8mes de s\u00e9curit\u00e9, d\u2019\u00e9lectricit\u00e9\u2026\u2009\u00bb, a indiqu\u00e9 Jean-Pierre Berger.<\/p>\n<p>\u00ab\u2009Nous allons pouvoir repartir de z\u00e9ro\u2009\u00bb<\/p>\n<p class=\" wall-content\">Si la gestion de ce dossier s\u2019est attir\u00e9 les <strong>foudres<\/strong> de certains \u00e9lus d\u2019opposition, qualifiant notamment cette d\u00e9lib\u00e9ration comme \u00e9tant \u00ab\u2009un signe de l\u2019enterrement discret du petit projet de Rungis\u2009\u00bb, Ga\u00ebl Perdriau a d\u00e9fendu un dossier \u00ab\u2009compliqu\u00e9\u2009\u00bb.<\/p>\n<blockquote class=\"ac-article-quote wall-content\">\n<p>Avec la Semmaris, nous avons affaire \u00e0 des gens d\u2019exp\u00e9rience. Nous allons pouvoir repartir de z\u00e9ro.<\/p>\n<p>    <strong>Ga\u00ebl Perdriau<\/strong><br \/>\n        Maire de Saint-Etienne    <\/p><\/blockquote>\n<p class=\" wall-content\">De son c\u00f4t\u00e9, Jean-Pierre Berger s\u2019est dit surpris de recevoir une vague de r\u00e9actions n\u00e9gatives car \u00ab\u2009je ne vois pas pourquoi on se priverait de professionnels du secteur qui pourraient nous enlever une \u00e9pine du pied\u2009\u00bb.<\/p>\n<p class=\" wall-content\">Suivez toute l\u2019actualit\u00e9 de vos villes et m\u00e9dias favoris en vous inscrivant \u00e0 <a href=\"https:\/\/moncompte.actu.fr\" title=\"D\u00e9couvez Mon Actu\" rel=\"nofollow noopener\" data-trk=\"{&quot;cta&quot;:{&quot;action&quot;:&quot;https:\\\/\\\/moncompte.actu.fr&quot;,&quot;category&quot;:&quot;mon compte&quot;,&quot;from&quot;:&quot;article footer&quot;,&quot;name&quot;:&quot;Mon actu&quot;,&quot;type&quot;:&quot;cta&quot;}}\" target=\"_blank\">Mon Actu<\/a>.<\/p>\n","protected":false},"excerpt":{"rendered":"Par Julien Sournies Publi\u00e9 le 4 juin 2025 \u00e0 6h28 C\u2019est un vieux serpent de mer \u00e0 Saint-\u00c9tienne&hellip;\n","protected":false},"author":2,"featured_media":150607,"comment_status":"","ping_status":"","sticky":false,"template":"","format":"standard","meta":{"footnotes":""},"categories":[9653],"tags":[1111,11,258,2430,215,1777,674,1011,27,12,25,4001,104],"class_list":{"0":"post-150606","1":"post","2":"type-post","3":"status-publish","4":"format-standard","5":"has-post-thumbnail","7":"category-saint-etienne","8":"tag-actu","9":"tag-actualites","10":"tag-alimentation","11":"tag-auvergne-rhone-alpes","12":"tag-commerce","13":"tag-eu","14":"tag-europe","15":"tag-fr","16":"tag-france","17":"tag-news","18":"tag-republique-francaise","19":"tag-saint-etienne","20":"tag-societe"},"share_on_mastodon":{"url":"https:\/\/pubeurope.com\/@fr\/114623313644554311","error":""},"_links":{"self":[{"href":"https:\/\/www.europesays.com\/fr\/wp-json\/wp\/v2\/posts\/150606","targetHints":{"allow":["GET"]}}],"collection":[{"href":"https:\/\/www.europesays.com\/fr\/wp-json\/wp\/v2\/posts"}],"about":[{"href":"https:\/\/www.europesays.com\/fr\/wp-json\/wp\/v2\/types\/post"}],"author":[{"embeddable":true,"href":"https:\/\/www.europesays.com\/fr\/wp-json\/wp\/v2\/users\/2"}],"replies":[{"embeddable":true,"href":"https:\/\/www.europesays.com\/fr\/wp-json\/wp\/v2\/comments?post=150606"}],"version-history":[{"count":0,"href":"https:\/\/www.europesays.com\/fr\/wp-json\/wp\/v2\/posts\/150606\/revisions"}],"wp:featuredmedia":[{"embeddable":true,"href":"https:\/\/www.europesays.com\/fr\/wp-json\/wp\/v2\/media\/150607"}],"wp:attachment":[{"href":"https:\/\/www.europesays.com\/fr\/wp-json\/wp\/v2\/media?parent=150606"}],"wp:term":[{"taxonomy":"category","embeddable":true,"href":"https:\/\/www.europesays.com\/fr\/wp-json\/wp\/v2\/categories?post=150606"},{"taxonomy":"post_tag","embeddable":true,"href":"https:\/\/www.europesays.com\/fr\/wp-json\/wp\/v2\/tags?post=150606"}],"curies":[{"name":"wp","href":"https:\/\/api.w.org\/{rel}","templated":true}]}}