{"id":150626,"date":"2025-06-04T05:07:13","date_gmt":"2025-06-04T05:07:13","guid":{"rendered":"https:\/\/www.europesays.com\/fr\/150626\/"},"modified":"2025-06-04T05:07:13","modified_gmt":"2025-06-04T05:07:13","slug":"romaric-guillo-et-romain-briffe-claps-de-fin-pour-les-handballeurs-de-cesson-rennes","status":"publish","type":"post","link":"https:\/\/www.europesays.com\/fr\/150626\/","title":{"rendered":"Romaric Guillo et Romain Briffe, claps de fin pour les handballeurs de Cesson-Rennes"},"content":{"rendered":"<p>Starligue. Cesson-Rennes &#8211; Chartres, ce mercredi (20\u00a0h\u00a030)1 Clap de fin<\/p>\n<p>Romain Briffe\u00a0: \u00ab\u00a0C\u2019est dur de r\u00e9aliser que c\u2019est vraiment la fin. On est tellement la t\u00eate dans le guidon depuis des mois, dans notre mission maintien. L\u2019histoire n\u2019est toujours pas r\u00e9gl\u00e9e\u2026 Dans l\u2019id\u00e9al, on aurait bien aim\u00e9 \u00eatre maintenu avant ce dernier soir \u00e0 la maison. L\u00e0, rien n\u2019est fait, m\u00eame si c\u2019est plut\u00f4t favorable, a priori. Je n\u2019anticipe pas, je ne veux pas \u00eatre dans le festif, je reste focalis\u00e9 sur le sportif. J\u2019aimerais qu\u2019on batte Chartres et que ce soit pli\u00e9. On ne pense pas \u00e0 nous, mais \u00e0 tout le groupe.\u00a0\u00bb<\/p>\n<p>Romaric Guillo\u00a0: \u00ab\u00a0On est focus sur le maintien, donc c\u2019est dur de se dire qu\u2019on vient \u00e0 l\u2019entra\u00eenement pour profiter des derniers instants. On n\u2019est pas en dilettante, on bosse jusqu\u2019au bout. Mais on ne pensait \u00e0 \u00e7a en d\u00e9but de saison\u2026 Je rejoins Romain sur le besoin de victoire ce soir, parce que si on doit aller gagner \u00e0 Istres, ce sera bien hard-core comme fin de carri\u00e8re\u2026\u00a0\u00bb<\/p>\n<p>2 Carri\u00e8res faites d\u2019un aller\/retour<\/p>\n<p>R. B.\u00a0: \u00ab\u00a0J\u2019ai bien profit\u00e9 d\u2019\u00eatre joueur pro. J\u2019ai fait ce que j\u2019avais envie de faire\u00a0: je suis rest\u00e9 \u00e0 Cesson parce que je m\u2019y sentais bien. J\u2019ai eu envie de partir, je l\u2019ai fait (\u00e0 Chamb\u00e9ry, 2016-2020, une Coupe de France remport\u00e9e en 2019). Revenir a aussi \u00e9t\u00e9 positif. J\u2019ai pu d\u00e9cider quand arr\u00eater, je suis content que ce soit maintenant. Je suis content d\u2019avoir fait le tour de ce que j\u2019avais \u00e0 faire dans le hand. Je pars avec plaisir en retraite.\u00a0\u00bb<\/p>\n<p>R. G.\u00a0: \u00ab\u00a0La chance que j\u2019ai eue, c\u2019est celle de choisir. J\u2019ai toujours eu la chance d\u2019avoir des clubs qui me voulaient. Avoir cette chance-l\u00e0, de rester, de partir, \u00e7a enl\u00e8ve des regrets (quart de finaliste de Ligue des champions avec Nantes en 2019, champion de Pologne 2020 avec Kielce). On a su, tous les deux, maintenir nos corps et notre mental \u00e0 haut niveau durant plus de 15 ans de carri\u00e8re. \u00bb<\/p>\n<p>3 Avenir<\/p>\n<p>R. G.\u00a0: \u00ab\u00a0Je pars m\u2019installer pr\u00e8s de Lorient, et, d\u2019ailleurs, on est presque voisin avec Romain. Je bascule dans le monde agro-alimentaire, autour d\u2019un gros projet. Je sors compl\u00e8tement du milieu du sport. J\u2019en ai fait le tour, et puis pour faire quoi\u00a0? Je n\u2019ai pas envie d\u2019\u00eatre entra\u00eeneur\u2026 Je voulais sortir d\u2019un pan de ma vie pour \u00e9voluer. J\u2019avais vraiment envie de scinder tout \u00e7a. Ce n\u2019est pas qu\u2019une d\u00e9cision personnelle, elle est familiale. La base, c\u2019est la famille\u00a0! Apr\u00e8s, si les enfants veulent faire du hand, ils en feront.\u00a0\u00bb<\/p>\n<p>R. B\u00a0: \u00ab\u00a0On a aussi achet\u00e9 une maison et je fais un peu chef de chantier depuis d\u00e9cembre dernier (rires). Beaucoup de choses se sont t\u00e9lescop\u00e9es\u00a0: maison, travaux, retraite, deuxi\u00e8me enfant il y a deux semaines\u2026 J\u2019ai eu mon dipl\u00f4me de kin\u00e9 il y a 15 ans. Il y aura donc un temps de reformation pour me remettre dans le bain, par des stages aupr\u00e8s d\u2019amis. Apr\u00e8s, on verra comment j\u2019exercerai, mais il y a plein de possibilit\u00e9s, en centres de r\u00e9\u00e9ducation, ou via un cabinet de ville. On a bien anticip\u00e9 tout \u00e7a tous les deux.\u00a0\u00bb<\/p>\n","protected":false},"excerpt":{"rendered":"Starligue. Cesson-Rennes &#8211; Chartres, ce mercredi (20\u00a0h\u00a030)1 Clap de fin Romain Briffe\u00a0: \u00ab\u00a0C\u2019est dur de r\u00e9aliser que c\u2019est&hellip;\n","protected":false},"author":2,"featured_media":150627,"comment_status":"","ping_status":"","sticky":false,"template":"","format":"standard","meta":{"footnotes":""},"categories":[2821],"tags":[1111,11,829,1777,674,1011,27,1792,12,584,25,60],"class_list":{"0":"post-150626","1":"post","2":"type-post","3":"status-publish","4":"format-standard","5":"has-post-thumbnail","7":"category-rennes","8":"tag-actu","9":"tag-actualites","10":"tag-bretagne","11":"tag-eu","12":"tag-europe","13":"tag-fr","14":"tag-france","15":"tag-handball","16":"tag-news","17":"tag-rennes","18":"tag-republique-francaise","19":"tag-sports"},"share_on_mastodon":{"url":"https:\/\/pubeurope.com\/@fr\/114623364680382967","error":""},"_links":{"self":[{"href":"https:\/\/www.europesays.com\/fr\/wp-json\/wp\/v2\/posts\/150626","targetHints":{"allow":["GET"]}}],"collection":[{"href":"https:\/\/www.europesays.com\/fr\/wp-json\/wp\/v2\/posts"}],"about":[{"href":"https:\/\/www.europesays.com\/fr\/wp-json\/wp\/v2\/types\/post"}],"author":[{"embeddable":true,"href":"https:\/\/www.europesays.com\/fr\/wp-json\/wp\/v2\/users\/2"}],"replies":[{"embeddable":true,"href":"https:\/\/www.europesays.com\/fr\/wp-json\/wp\/v2\/comments?post=150626"}],"version-history":[{"count":0,"href":"https:\/\/www.europesays.com\/fr\/wp-json\/wp\/v2\/posts\/150626\/revisions"}],"wp:featuredmedia":[{"embeddable":true,"href":"https:\/\/www.europesays.com\/fr\/wp-json\/wp\/v2\/media\/150627"}],"wp:attachment":[{"href":"https:\/\/www.europesays.com\/fr\/wp-json\/wp\/v2\/media?parent=150626"}],"wp:term":[{"taxonomy":"category","embeddable":true,"href":"https:\/\/www.europesays.com\/fr\/wp-json\/wp\/v2\/categories?post=150626"},{"taxonomy":"post_tag","embeddable":true,"href":"https:\/\/www.europesays.com\/fr\/wp-json\/wp\/v2\/tags?post=150626"}],"curies":[{"name":"wp","href":"https:\/\/api.w.org\/{rel}","templated":true}]}}