{"id":150630,"date":"2025-06-04T05:09:12","date_gmt":"2025-06-04T05:09:12","guid":{"rendered":"https:\/\/www.europesays.com\/fr\/150630\/"},"modified":"2025-06-04T05:09:12","modified_gmt":"2025-06-04T05:09:12","slug":"de-mulhouse-a-strasbourg-a-velo-pour-alerter-lopinion-publique","status":"publish","type":"post","link":"https:\/\/www.europesays.com\/fr\/150630\/","title":{"rendered":"de Mulhouse \u00e0 Strasbourg \u00e0 v\u00e9lo pour alerter l\u2019opinion publique"},"content":{"rendered":"<p>Port\u00e9 comme l\u2019an dernier par le collectif R\u00e9sistance de la Terre 68, le 2e  Convoi de l\u2019eau &#8211; Alsace quittera Mulhouse samedi 7\u00a0juin pour rejoindre le <a href=\"https:\/\/www.lalsace.fr\/p\/parlement-europeen\" target=\"_blank\" rel=\"noopener\">Parlement europ\u00e9en<\/a> de Strasbourg le surlendemain lundi 9\u00a0juin.<\/p>\n<p>Chaque jour, le convoi parcourra une soixantaine de kilom\u00e8tres \u00e0 v\u00e9los \u00e9quip\u00e9s de fanions, banderoles et slogans, avec l\u2019objectif de traverser la r\u00e9gion, par le vignoble cette fois-ci, pour toucher un maximum de personnes. \u00ab\u00a0Nous invitons tout le monde \u00e0 venir nous rejoindre lorsque le convoi s\u2019arr\u00eatera, afin de cr\u00e9er des groupes fournis et de multiplier sa visibilit\u00e9\u00a0\u00bb, expliquent des membres du collectif Les R\u00e9sistances de la Terre, la conseill\u00e8re r\u00e9gionale C\u00e9cile Germain-Ecuer (ELV), Yann Flory, impliqu\u00e9 dans le combat \u201cStocamine\u201d depuis 30 ans, et Patrick Frank, engag\u00e9 aupr\u00e8s de collectifs militants.<\/p>\n<p>  Places limit\u00e9es<\/p>\n<p><a href=\"https:\/\/www.lalsace.fr\/politique\/2024\/05\/19\/wittelsheim-strasbourg-un-convoi-de-l-eau-alsacien\" target=\"_parent\" rel=\"nofollow noopener\">Ce convoi<\/a> est une mani\u00e8re \u00ab\u00a0d\u2019alerter et d\u2019informer les citoyens sur la r\u00e9elle rar\u00e9faction et la qualit\u00e9 future d\u2019un bien que nous avons tous en commun\u00a0: l\u2019eau. De les interpeller en organisant des tables rondes, autour desquelles le sujet est mis en perspective et associ\u00e9 \u00e0 l\u2019usage qu\u2019en fait l\u2019industrie, avec la notion \u201cd\u2019accaparement\u201d et les r\u00e9percussions sur les droits humains, notamment autour de la r\u00e9partition in\u00e9gale d\u2019un bien pourtant commun \u00e0 tous\u2026 La probl\u00e9matique touche tout le monde et chacun doit en prendre conscience et se mobiliser. Plusieurs communes alsaciennes ont n\u00e9cessit\u00e9 une adduction en eau potable par <a href=\"https:\/\/www.lalsace.fr\/environnement\/2022\/09\/05\/en-raison-de-la-secheresse-l-eau-potable-arrive-en-camion-citerne-a-ferrette\" target=\"_blank\" rel=\"noopener\">citernage<\/a> au cours des pr\u00e9c\u00e9dents \u00e9t\u00e9s, <a href=\"https:\/\/www.lalsace.fr\/environnement\/2025\/05\/07\/pfas-a-saint-louis-la-goutte-d-eau-polluee-qui-fait-deborder-le-vase\" target=\"_parent\" rel=\"nofollow noopener\">la pollution par les Pfas, \u00e0 Saint-Louis,<\/a> a entra\u00een\u00e9 l\u2019interdiction de la consommation de l\u2019eau du robinet aux nourrissons ou aux femmes enceintes, l\u2019aberration \u00e9cologique que symbolise <a href=\"https:\/\/www.lalsace.fr\/environnement\/2025\/05\/31\/dechets-toxiques-des-parlementaires-demandent-l-arret-du-confinement-a-stocamine\" target=\"_blank\" rel=\"noopener\">Stocamine<\/a> \u2026 La situation est alarmante\u2026\u00a0\u00bb<\/p>\n<p>Pour participer au convoi dont les places sont limit\u00e9es, il est imp\u00e9ratif de s\u2019inscrive via convoideleau2@proton.me (60\u00a0euros par personne). Tout le programme et les itin\u00e9raires sur la page <a href=\"https:\/\/www.facebook.com\/events\/990805585867201\/?acontext=%7B%22action_history%22%3A%22null%22%7D&amp;ref_source=newsfeed&amp;ref_mechanism=feed_attachment&amp;_rdr\" target=\"_blank\" rel=\"noopener\">Facebook Convoi de l\u2019eau Alsace 2.<\/a><\/p>\n","protected":false},"excerpt":{"rendered":"Port\u00e9 comme l\u2019an dernier par le collectif R\u00e9sistance de la Terre 68, le 2e Convoi de l\u2019eau &#8211;&hellip;\n","protected":false},"author":2,"featured_media":150631,"comment_status":"","ping_status":"","sticky":false,"template":"","format":"standard","meta":{"footnotes":""},"categories":[2820],"tags":[1111,11,2389,1636,436,1777,674,107,1011,27,775,1637,8423,1634,12,1800,5140,25,12817,1635,640],"class_list":{"0":"post-150630","1":"post","2":"type-post","3":"status-publish","4":"format-standard","5":"has-post-thumbnail","7":"category-strasbourg","8":"tag-actu","9":"tag-actualites","10":"tag-alsace","11":"tag-edition-mulhouse-thann","12":"tag-environnement","13":"tag-eu","14":"tag-europe","15":"tag-fil-info","16":"tag-fr","17":"tag-france","18":"tag-grand-est","19":"tag-haut-rhin","20":"tag-meteorologie-climat","21":"tag-mulhouse","22":"tag-news","23":"tag-pollution","24":"tag-rechauffement-climatique","25":"tag-republique-francaise","26":"tag-secheresse","27":"tag-secteur-de-mulhouse","28":"tag-strasbourg"},"share_on_mastodon":{"url":"https:\/\/pubeurope.com\/@fr\/114623372516552534","error":""},"_links":{"self":[{"href":"https:\/\/www.europesays.com\/fr\/wp-json\/wp\/v2\/posts\/150630","targetHints":{"allow":["GET"]}}],"collection":[{"href":"https:\/\/www.europesays.com\/fr\/wp-json\/wp\/v2\/posts"}],"about":[{"href":"https:\/\/www.europesays.com\/fr\/wp-json\/wp\/v2\/types\/post"}],"author":[{"embeddable":true,"href":"https:\/\/www.europesays.com\/fr\/wp-json\/wp\/v2\/users\/2"}],"replies":[{"embeddable":true,"href":"https:\/\/www.europesays.com\/fr\/wp-json\/wp\/v2\/comments?post=150630"}],"version-history":[{"count":0,"href":"https:\/\/www.europesays.com\/fr\/wp-json\/wp\/v2\/posts\/150630\/revisions"}],"wp:featuredmedia":[{"embeddable":true,"href":"https:\/\/www.europesays.com\/fr\/wp-json\/wp\/v2\/media\/150631"}],"wp:attachment":[{"href":"https:\/\/www.europesays.com\/fr\/wp-json\/wp\/v2\/media?parent=150630"}],"wp:term":[{"taxonomy":"category","embeddable":true,"href":"https:\/\/www.europesays.com\/fr\/wp-json\/wp\/v2\/categories?post=150630"},{"taxonomy":"post_tag","embeddable":true,"href":"https:\/\/www.europesays.com\/fr\/wp-json\/wp\/v2\/tags?post=150630"}],"curies":[{"name":"wp","href":"https:\/\/api.w.org\/{rel}","templated":true}]}}