{"id":150632,"date":"2025-06-04T05:10:10","date_gmt":"2025-06-04T05:10:10","guid":{"rendered":"https:\/\/www.europesays.com\/fr\/150632\/"},"modified":"2025-06-04T05:10:10","modified_gmt":"2025-06-04T05:10:10","slug":"ils-ont-ete-au-top-agressee-chez-elle-a-86-ans-pour-trois-bijoux-cette-nicoise-temoigne-pour-remercier-les-policiers-qui-lont-accompagnee","status":"publish","type":"post","link":"https:\/\/www.europesays.com\/fr\/150632\/","title":{"rendered":"\u00ab\u00a0Ils ont \u00e9t\u00e9 au top\u00a0\u00bb: agress\u00e9e chez elle \u00e0 86 ans pour trois bijoux, cette Ni\u00e7oise t\u00e9moigne pour remercier les policiers qui l\u2019ont accompagn\u00e9e"},"content":{"rendered":"<p>Apr\u00e8s 40 ans de vie \u00e0 Paris, \u00ab\u00a0avec les frotteurs, les voleurs\u00a0\u00bb, Antoinette a appris \u00e0 se m\u00e9fier de tout. Pourtant, ce jour-l\u00e0 \u00e0 Nice, elle ne pensait pas vivre un tel traumatisme.<\/p>\n<p>Elle raconte qu\u2019il est aux alentours de 11h samedi 31 mai. La Ni\u00e7oise rentre avec ses courses et s\u2019engouffre dans son immeuble, situ\u00e9 entre le quartier des Musiciens et le Carr\u00e9 d\u2019Or Arriv\u00e9e dans le hall, elle s\u2019appr\u00eate \u00e0 prendre l\u2019ascenseur quand un individu, \u00ab\u00a0petit et la vingtaine\u00a0\u00bb, surgit dans son dos et lui arrache ses trois cha\u00eenes en or.<\/p>\n<p>\u00ab\u00a0Ensuite, il a voulu attraper mon sac mais je me suis accroch\u00e9e et d\u00e9fendue \u00ab\u00a0, se souvient l\u2019octog\u00e9naire. Elle finit par tomber par terre et crie pour alerter les voisins. Certains sortent. Entre-temps, l\u2019individu et son complice avaient pris la fuite avec quelques bouts de bijoux, cass\u00e9s pendant l\u2019altercation. Alert\u00e9es par les voisins, les polices municipale et nationale interviennent. Les forces de l\u2019ordre invitent la Ni\u00e7oise \u00e0 d\u00e9poser plainte.<\/p>\n<p>\u00ab\u00a0Ils auraient pu me tuer\u00a0\u00bb<\/p>\n<p>\u00ab\u00a0Je ne pouvais pas me d\u00e9placer pour aller au commissariat, mais les policiers ont \u00e9t\u00e9 au top et charmants\u00a0\u00bb, mart\u00e8le Antoinette. \u00ab\u00a0Ils sont venus me chercher chez moi, m\u2019ont emmen\u00e9e \u00e0 la caserne Auvare, puis \u00e0 l\u2019h\u00f4pital Cimiez, et ils m\u2019ont ramen\u00e9e \u00e0 la maison\u00a0\u00bb, s\u2019\u00e9meut-elle, reconnaissante. Elle avoue surtout avoir \u00e9t\u00e9 surprise du d\u00e9vouement des policiers. \u00ab\u00a0Je ne m\u2019attendais pas \u00e0 ce qu\u2019ils soient disponibles comme cela! Je les ai m\u00eame invit\u00e9s \u00e0 venir dans ma maison en Corse lors de leurs prochaines vacances\u00a0\u00bb, s\u2019amuse la vieille dame.<\/p>\n<p>Mais derri\u00e8re son sourire, Antoinette pr\u00e9sente ses bouts de cha\u00eenes, r\u00e9cup\u00e9r\u00e9s par terre apr\u00e8s son agression. Elle essaie de reconstituer tant bien que mal ses bijoux \u00e0 la valeur plus sentimentale que p\u00e9cuniaire. \u00a0\u00bb Tout est en morceaux\u00a0\u00bb, se lamente-t-elle. Physiquement, elle a \u00e9t\u00e9 bless\u00e9e l\u00e9g\u00e8rement: par moments, une douleur au coude droit la saisit.<\/p>\n<p>Elle passe ce mercredi une radio pour voir si elle n\u2019a rien de cass\u00e9. Sinon, quelques plaies b\u00e9nignes par-ci par-l\u00e0, mais cette agression affecte aussi son moral. \u00ab\u00a0\u00c9videmment, se faire agresser chez soi, c\u2019est humiliant. Et puis j\u2019ai une rage! S\u2019en prendre \u00e0 une vieille dame, c\u2019est de la l\u00e2chet\u00e9. Ils auraient pu me tuer\u00a0\u00bb, tonne-t-elle. Ses deux agresseurs pr\u00e9sum\u00e9s seront retrouv\u00e9s quelques heures plus tard.<\/p>\n<p>Retrouv\u00e9s \u00ab\u00a0gr\u00e2ce aux cam\u00e9ras de surveillance\u00a0\u00bb<\/p>\n<p>\u00ab\u00a0Et c\u2019est gr\u00e2ce aux cam\u00e9ras de vid\u00e9osurveillance\u00a0\u00bb, insiste Antoinette. Elle a d\u2019ailleurs \u00e9crit une lettre au maire de Nice pour le remercier d\u2019avoir maill\u00e9 la Ville de ces dispositifs de surveillance. \u00a0\u00bb Quand il y a des bonnes choses, il faut le signaler\u00a0\u00bb, estime la Ni\u00e7oise.<\/p>\n<p>Par son t\u00e9moignage, c\u2019est aussi un message de pr\u00e9vention qu\u2019elle veut passer. Dans son immeuble, un de ses voisins a d\u00e9j\u00e0 \u00e9t\u00e9 d\u00e9pouill\u00e9 de sa carte bancaire par deux jeunes filles qui l\u2019ont aid\u00e9 \u00e0 monter ses courses. D\u00e9sormais soucieuse des repr\u00e9sailles, elle est r\u00e9guli\u00e8rement accompagn\u00e9e par sa s\u0153ur qui l\u2019aide \u00e0 affronter cette \u00e9preuve. <\/p>\n<p>\u00ab\u00a0On a toujours l\u2019appr\u00e9hension, on ne peut pas l\u2019emp\u00eacher\u00a0\u00bb, glisse-t-elle.<\/p>\n","protected":false},"excerpt":{"rendered":"Apr\u00e8s 40 ans de vie \u00e0 Paris, \u00ab\u00a0avec les frotteurs, les voleurs\u00a0\u00bb, Antoinette a appris \u00e0 se m\u00e9fier&hellip;\n","protected":false},"author":2,"featured_media":150633,"comment_status":"","ping_status":"","sticky":false,"template":"","format":"standard","meta":{"footnotes":""},"categories":[2819],"tags":[1111,11,1777,674,1011,27,12,2401,882,25,240],"class_list":{"0":"post-150632","1":"post","2":"type-post","3":"status-publish","4":"format-standard","5":"has-post-thumbnail","7":"category-nice","8":"tag-actu","9":"tag-actualites","10":"tag-eu","11":"tag-europe","12":"tag-fr","13":"tag-france","14":"tag-news","15":"tag-nice","16":"tag-provence-alpes-cote-dazur","17":"tag-republique-francaise","18":"tag-temoignage"},"share_on_mastodon":{"url":"https:\/\/pubeurope.com\/@fr\/114623376451495496","error":""},"_links":{"self":[{"href":"https:\/\/www.europesays.com\/fr\/wp-json\/wp\/v2\/posts\/150632","targetHints":{"allow":["GET"]}}],"collection":[{"href":"https:\/\/www.europesays.com\/fr\/wp-json\/wp\/v2\/posts"}],"about":[{"href":"https:\/\/www.europesays.com\/fr\/wp-json\/wp\/v2\/types\/post"}],"author":[{"embeddable":true,"href":"https:\/\/www.europesays.com\/fr\/wp-json\/wp\/v2\/users\/2"}],"replies":[{"embeddable":true,"href":"https:\/\/www.europesays.com\/fr\/wp-json\/wp\/v2\/comments?post=150632"}],"version-history":[{"count":0,"href":"https:\/\/www.europesays.com\/fr\/wp-json\/wp\/v2\/posts\/150632\/revisions"}],"wp:featuredmedia":[{"embeddable":true,"href":"https:\/\/www.europesays.com\/fr\/wp-json\/wp\/v2\/media\/150633"}],"wp:attachment":[{"href":"https:\/\/www.europesays.com\/fr\/wp-json\/wp\/v2\/media?parent=150632"}],"wp:term":[{"taxonomy":"category","embeddable":true,"href":"https:\/\/www.europesays.com\/fr\/wp-json\/wp\/v2\/categories?post=150632"},{"taxonomy":"post_tag","embeddable":true,"href":"https:\/\/www.europesays.com\/fr\/wp-json\/wp\/v2\/tags?post=150632"}],"curies":[{"name":"wp","href":"https:\/\/api.w.org\/{rel}","templated":true}]}}