{"id":150635,"date":"2025-06-04T05:13:22","date_gmt":"2025-06-04T05:13:22","guid":{"rendered":"https:\/\/www.europesays.com\/fr\/150635\/"},"modified":"2025-06-04T05:13:22","modified_gmt":"2025-06-04T05:13:22","slug":"un-match-des-legendes-du-fc-nantes-qui-fait-chaud-au-coeur","status":"publish","type":"post","link":"https:\/\/www.europesays.com\/fr\/150635\/","title":{"rendered":"Un match des L\u00e9gendes du FC Nantes \u00ab\u00a0qui fait chaud au coeur\u00a0\u00bb !"},"content":{"rendered":"<p><img decoding=\"async\" class=\"\" style=\"width:100%\" src=\"https:\/\/www.europesays.com\/fr\/wp-content\/uploads\/2025\/06\/KAREMBEU_DESAILLY1748985862328.jpg\" alt=\"Christian Karembeu et Marcel Desailly\"\/><\/p>\n<p>Christian Karembeu et Marcel Desailly<\/p>\n<p>18.000 spectateurs ont r\u00e9pondu hier soir \u00e0 l&rsquo;appel de la nostalgie et de la solidarit\u00e9 au stade de La Beaujoire. Pour voir courrir (et parfois marcher, il faut bien l&rsquo;avouer !) les anciens Canaris face aux stars du Vari\u00e9t\u00e9 club de France. Tout cela au profit du Secours Populaire et du Fonds de Dotation du FC Nantes. Sur la pelouse, gros succ\u00e8s pour Robert Pir\u00e8s et Yoann Gourcuff bien s\u00fbr, mais aussi pour Matt Pokora, Cyril Gane, Paul Mirabel et Teddy Riner, auteur d\u2019un joli but. C\u00f4t\u00e9 nantais, la d\u00e9faite 3-2 n\u2019a pas emp\u00each\u00e9 les Patrice Loko, Claude Mak\u00e9l\u00e9l\u00e9, Fr\u00e9d\u00e9ric Da Rocha, Christian Karembeu et autres Marcel Desailly d\u2019\u00eatre ovationn\u00e9s par les fans des Canaris. Christian Karembeu \u00e9tait d&rsquo;ailleurs tout sourire apr\u00e8s ce match :<\/p>\n<p>\u00a0<\/p>\n<blockquote><p>\n\u00ab\u00a0Je crois que le public a aim\u00e9 le spectacle !\u00a0\u00bb\n<\/p><\/blockquote>\n<p>\u00a0<\/p>\n<p>\u00ab\u00a0<strong>\u00c7a fait chaud au c\u0153ur, mais c&rsquo;est surtout un privil\u00e8ge de revenir \u00e0 la Beaujoire, l\u00e0 o\u00f9 tout a commenc\u00e9<\/strong>. Et en m\u00eame temps, rendre hommage \u00e0 toutes les l\u00e9gendes qui ont \u00e9crit l&rsquo;histoire du club, avec un public aussi solidaire, et surtout, car c&rsquo;\u00e9tait pour aider le Secours Populaire. J&rsquo;ai commenc\u00e9 le foot avec ce maillot nantais, c&rsquo;est tr\u00e8s bien de aussi terminer avec ! <strong>C&rsquo;est vrai que c&rsquo; est un grand club, qui compte 8 titres de Champion de France, 4 Coupes de France<\/strong>. C&rsquo;\u00e9tait tr\u00e8s bien de pouvoir organiser ce match, se retrouver, <strong>rendre hommage justement \u00e0 ceux qui ont contribu\u00e9 \u00e0 l&rsquo;Histoire de ce grand club <\/strong>et ma foi je crois que le public a aim\u00e9 le spectacle !\u00a0\u00bb<\/p>\n<p>Marcel Desailly, lui aussi form\u00e9 sur les bords de l&rsquo;Erdre \u00e0 la Joneli\u00e8re, \u00e9tait un peu \u00e9mu \u00e0 notre micro apr\u00e8s la rencontre :<\/p>\n<p>\u00a0<\/p>\n<blockquote><p>\n\u00ab\u00a0J&rsquo;esp\u00e8re que nos parcours ont \u00e9t\u00e9 des exemples pour la jeunesse nantaise !\u00a0\u00bb\n<\/p><\/blockquote>\n<p>\u00a0<\/p>\n<p>\u00ab\u00a0<strong>C&rsquo;est l\u00e0 o\u00f9 tout a d\u00e9marr\u00e9 et en fait ! Je suis supporter de Nantes avant d&rsquo;\u00eatre supporter de n&rsquo;importe quelle autre \u00e9quipe.<\/strong> Et de porter ce maillot jaune et vert alors, ouais \u00e7a fait du bien, c&rsquo;est la vraie couleur, une couleur qui me va bien au tein n&rsquo;est-ce pas ! Donc voil\u00e0, c&rsquo;est beaucoup d&rsquo;espoir, de jeunes joueurs qui potentiellement peuvent venir en haut de la fiche. Et puis j&rsquo;esp\u00e8re que notre parcours ont \u00e9t\u00e9 des exemples pour la jeunesse nantaise. <strong>On a un public fantastique, un stade tr\u00e8s int\u00e9ressant qui a \u00e9t\u00e9 inaugur\u00e9 \u00e0 l&rsquo;\u00e9poque 84. C&rsquo;est que des bons souvenirs<\/strong>, j&rsquo;ai d\u00e9marr\u00e9 ici en 1986, j&rsquo;avais 18 ans, c&rsquo;est longtemps en arri\u00e8re \u00e7a !\u00a0\u00bb<\/p>\n","protected":false},"excerpt":{"rendered":"Christian Karembeu et Marcel Desailly 18.000 spectateurs ont r\u00e9pondu hier soir \u00e0 l&rsquo;appel de la nostalgie et de&hellip;\n","protected":false},"author":2,"featured_media":150636,"comment_status":"","ping_status":"","sticky":false,"template":"","format":"standard","meta":{"footnotes":""},"categories":[2818],"tags":[1111,11,13292,1438,1465,13293,3450,829,4356,2171,4357,3472,434,1777,674,9593,3337,3321,2257,1011,27,9518,848,1114,13289,2693,66,3047,1781,13291,13290,3729,766,12,9144,2636,3319,584,25,4937,3728,3272,60,3087,3165,2546],"class_list":{"0":"post-150635","1":"post","2":"type-post","3":"status-publish","4":"format-standard","5":"has-post-thumbnail","7":"category-nantes","8":"tag-actu","9":"tag-actualites","10":"tag-aeroport-notre-dame-des-landes","11":"tag-angers","12":"tag-basket","13":"tag-bonnets-rouges","14":"tag-brest","15":"tag-bretagne","16":"tag-coronavirus","17":"tag-cotes-darmor","18":"tag-covid-19","19":"tag-dinan","20":"tag-epidemie","21":"tag-eu","22":"tag-europe","23":"tag-fcn","24":"tag-festivals","25":"tag-finistere","26":"tag-foot","27":"tag-fr","28":"tag-france","29":"tag-hand","30":"tag-ille-et-vilaine","31":"tag-infos","32":"tag-la-roche-sur-yon","33":"tag-laval","34":"tag-ligue-1","35":"tag-loire-atlantique","36":"tag-lorient","37":"tag-maine-et-loire","38":"tag-mayenne","39":"tag-morbihan","40":"tag-nantes","41":"tag-news","42":"tag-ouest","43":"tag-pays-de-la-loire","44":"tag-quimper","45":"tag-rennes","46":"tag-republique-francaise","47":"tag-saint-brieuc","48":"tag-saint-malo","49":"tag-saint-nazaire","50":"tag-sports","51":"tag-stade-rennais","52":"tag-vannes","53":"tag-vendee"},"share_on_mastodon":{"url":"","error":"Validation failed: Text character limit of 500 exceeded"},"_links":{"self":[{"href":"https:\/\/www.europesays.com\/fr\/wp-json\/wp\/v2\/posts\/150635","targetHints":{"allow":["GET"]}}],"collection":[{"href":"https:\/\/www.europesays.com\/fr\/wp-json\/wp\/v2\/posts"}],"about":[{"href":"https:\/\/www.europesays.com\/fr\/wp-json\/wp\/v2\/types\/post"}],"author":[{"embeddable":true,"href":"https:\/\/www.europesays.com\/fr\/wp-json\/wp\/v2\/users\/2"}],"replies":[{"embeddable":true,"href":"https:\/\/www.europesays.com\/fr\/wp-json\/wp\/v2\/comments?post=150635"}],"version-history":[{"count":0,"href":"https:\/\/www.europesays.com\/fr\/wp-json\/wp\/v2\/posts\/150635\/revisions"}],"wp:featuredmedia":[{"embeddable":true,"href":"https:\/\/www.europesays.com\/fr\/wp-json\/wp\/v2\/media\/150636"}],"wp:attachment":[{"href":"https:\/\/www.europesays.com\/fr\/wp-json\/wp\/v2\/media?parent=150635"}],"wp:term":[{"taxonomy":"category","embeddable":true,"href":"https:\/\/www.europesays.com\/fr\/wp-json\/wp\/v2\/categories?post=150635"},{"taxonomy":"post_tag","embeddable":true,"href":"https:\/\/www.europesays.com\/fr\/wp-json\/wp\/v2\/tags?post=150635"}],"curies":[{"name":"wp","href":"https:\/\/api.w.org\/{rel}","templated":true}]}}