{"id":150637,"date":"2025-06-04T05:14:16","date_gmt":"2025-06-04T05:14:16","guid":{"rendered":"https:\/\/www.europesays.com\/fr\/150637\/"},"modified":"2025-06-04T05:14:16","modified_gmt":"2025-06-04T05:14:16","slug":"premiers-secours-en-sante-mentale-un-dispositif-qui-porte-ses-fruits-a-luniversite-de-bordeaux","status":"publish","type":"post","link":"https:\/\/www.europesays.com\/fr\/150637\/","title":{"rendered":"Premiers secours en sant\u00e9 mentale : un dispositif qui porte ses fruits \u00e0 l&rsquo;Universit\u00e9 de Bordeaux"},"content":{"rendered":"<p class=\"wp-block-post-excerpt__excerpt\">L\u2019Espace sant\u00e9 \u00e9tudiants de l\u2019Universit\u00e9 de Bordeaux a sign\u00e9 ce mardi une convention de partenariat avec Premiers secours en sant\u00e9 mentale France. Mises en place d\u00e8s 2019, ses formations sur le campus bordelais permettent \u00e0 de nombreux membres de la communaut\u00e9 universitaire de faire face au mal-\u00eatre pr\u00e9gnant chez 41% des \u00e9tudiants. <\/p>\n<p class=\"font-sans\">\n\t\t\tCet article est en acc\u00e8s libre. Pour soutenir Rue89Bordeaux,<br \/>\n\t\t\t<a class=\"underline\" href=\"https:\/\/rue89bordeaux.com\/abonnement\/\" rel=\"nofollow noopener\" target=\"_blank\">abonnez-vous<\/a>.\n\t\t<\/p>\n<p>Jade Garnier<\/p>\n<p>Publi\u00e9 le 4 juin 2025\u00a0\u00a0\u00b7\u00a0\u00a0<\/p>\n<p>Imprim\u00e9 le 4 juin 2025 \u00e0 06h15\u00a0\u00a0\u00b7\u00a0\u00a0<\/p>\n<p>\t\t\t\t\t5\u00a0minutes\n<\/p>\n<p>\u00ab\u00a0La sant\u00e9 mentale a \u00e9t\u00e9 \u00e9rig\u00e9e en grande cause nationale de l\u2019ann\u00e9e 2025\u00a0\u00bb, ouvre Bernard Muller, le vice-pr\u00e9sident de la vie \u00e9tudiante et de la vie de campus de l\u2019Universit\u00e9 de Bordeaux, rappelant les engagements du gouvernement sur la question. Car en effet, un Fran\u00e7ais sur quatre est atteint au cours de sa vie de probl\u00e8mes de sant\u00e9 mentale.<\/p>\n<p>Des difficult\u00e9s qui touchent d\u2019autant plus la tranche des 18-24 ans : <a href=\"https:\/\/www.santepubliquefrance.fr\/presse\/2023\/sante-mentale-des-jeunes-des-conseils-pour-prendre-soin-de-sa-sante-mentale\" rel=\"nofollow noopener\" target=\"_blank\">selon Sant\u00e9 publique France<\/a>, la proportion de jeunes atteints de troubles d\u00e9pressifs est pass\u00e9e de 11,7% en 2017 \u00e0 20,8% en 2021. Concernant le campus bordelais, <a href=\"https:\/\/rue89bordeaux.com\/2024\/03\/sante-mentale-41-des-etudiants-souffrent-de-symptomes-depressifs\/\" rel=\"nofollow noopener\" target=\"_blank\">le Lab sant\u00e9 \u00e9tudiants de l\u2019Universit\u00e9 de Bordeaux<\/a> a quant \u00e0 lui estim\u00e9 la proportion d\u2019\u00e9tudiants touch\u00e9s par des sympt\u00f4mes d\u00e9pressifs \u00e0 pr\u00e8s de 41% en 2024, soit des chiffres plus qu\u2019alarmants.<\/p>\n<p>\t\t\u00ab\u00a0Agir avant la crise\u00a0\u00bb<\/p>\n<p>C\u2019est pourquoi, d\u00e8s 2019, quatre universit\u00e9s, <a href=\"https:\/\/www.u-bordeaux.fr\/actualites\/formation-premiers-secours-en-sante-mentale-un-bilan-3-ans-encourageant\" rel=\"nofollow noopener\" target=\"_blank\">dont celle de Bordeaux<\/a>, ont fait le choix de participer aux formations pilotes men\u00e9es par l\u2019association Premiers secours en sant\u00e9 mentale<strong> <\/strong>(PSSM) France, avant un d\u00e9ploiement progressif de l\u2019exp\u00e9rimentation. Ces formations, gratuites pour les \u00e9tudiants, durent deux jours et sont d\u00e9livr\u00e9es par des professionnelles de l\u2019Espace sant\u00e9 \u00e9tudiant (ESE) agr\u00e9\u00e9es par PSSM France.<\/p>\n<p>Alexia Braz Alfonso, \u00e9tudiante en derni\u00e8re ann\u00e9e \u00e0 Sciences Po Bordeaux, a \u00e9t\u00e9 \u00e9tudiante relais en sant\u00e9 mentale et bien-\u00eatre pour l\u2019ESE l\u2019ann\u00e9e derni\u00e8re, et a re\u00e7u cette formation PSSM. Elle d\u00e9crit une formation \u00ab\u00a0levier\u00a0\u00bb, qui a su l\u2019int\u00e9resser au sujet de la sant\u00e9 mentale et \u00e0 toutes ses implications.<\/p>\n<blockquote class=\"wp-block-quote is-layout-flow wp-block-quote-is-layout-flow\">\n<p>\u00ab\u00a0C\u2019est quelque chose que je d\u00e9ploie au quotidien maintenant, raconte-t-elle. \u00c7a nous permet d\u2019agir avant la crise, plut\u00f4t que pendant, avant que l\u2019\u00e9tat mental ne se d\u00e9grade trop. On nous apprend surtout \u00e0 \u00e9couter, \u00e0 aller plus loin qu\u2019un \u201coui \u00e7a va\u201d qui est une simple r\u00e9ponse automatique, \u00e0 remarquer des petites phrases paraissant anodines mais qui sont pourtant lourdes de sens et qui peuvent traduire des id\u00e9es noires\u2026 J\u2019ai aussi d\u00e9couvert tous les dispositifs et structures d\u2019accompagnement et de soutien vers lesquelles rediriger, et il y en a bien plus que ce qu\u2019on peut s\u2019imaginer.\u00a0\u00bb<\/p>\n<\/blockquote>\n<p>\t\t\u00ab\u00a0La sant\u00e9 a un co\u00fbt, mais elle n\u2019a pas de prix\u2026\u00a0\u00bb<\/p>\n<p>Aujourd\u2019hui, pr\u00e8s de 3000 \u00e9tudiants du campus bordelais ont pu \u00eatre form\u00e9s. Contrairement aux autres \u00e9tablissements, l\u2019Universit\u00e9 de Bordeaux a aussi fait le choix de former son personnel sur la base du volontariat, et en compte pr\u00e8s de 500 form\u00e9s \u00e0 l\u2019heure actuelle. Caroline Jeanpierre, directrice de PSSM France, remarque une dynamique propre au campus bordelais, puisqu\u2019une personne sur trois form\u00e9es \u00e0 l\u2019\u00e9chelle de la France est originaire de ce dernier.<\/p>\n<blockquote class=\"wp-block-quote is-layout-flow wp-block-quote-is-layout-flow\">\n<p>\u00ab\u00a0Il y a quelque chose de pr\u00e9curseur \u00e0 Bordeaux, on voit que l\u2019Universit\u00e9 r\u00e9ussit \u00e0 inscrire ses efforts sur le temps long\u00a0\u00bb, admire-t-elle. <\/p>\n<\/blockquote>\n<p>Repr\u00e9sentant un co\u00fbt de 200 000\u20ac par an pour l\u2019Universit\u00e9 de Bordeaux, le dispositif b\u00e9n\u00e9ficie du soutien financier de l\u2019Agence r\u00e9gionale de sant\u00e9 de Nouvelle-Aquitaine, de la Contribution de vie \u00e9tudiante et de campus et a re\u00e7u pendant un temps une aide de la R\u00e9gion. Mais comme le rappelle Pierre Muller, \u00ab\u00a0la sant\u00e9 a un co\u00fbt, mais elle n\u2019a pas de prix\u2026 y compris la sant\u00e9 mentale\u00a0\u00bb.<\/p>\n<p>La\u00ebtitia Morel-Pouliquen, qui fait partie depuis avril dernier des enseignants form\u00e9s aux PSSM, souligne que les professeurs sont \u00ab\u00a0souvent les premiers contacts \u00e9tudiants\u00a0\u00bb :<\/p>\n<blockquote class=\"wp-block-quote is-layout-flow wp-block-quote-is-layout-flow\">\n<p>\u00ab\u00a0C\u2019est pour \u00e7a qu\u2019il est crucial que nous sachions quoi dire, quoi faire, vers quels dispositifs et structures rediriger les jeunes, et surtout quelles attitudes sont d\u00e9conseill\u00e9es pour ne pas empirer la situation\u00a0\u00bb, explique-t-elle.<\/p>\n<\/blockquote>\n<p>Savoir quoi (ne pas) dire \u00e0 ses \u00e9tudiants <\/p>\n<p>Elle vante \u00e9galement les synergies cr\u00e9\u00e9es au sein de la communaut\u00e9 universitaire par ces formations, qui sont parfois mixtes entre personnels et \u00e9tudiants : <\/p>\n<blockquote class=\"wp-block-quote is-layout-flow wp-block-quote-is-layout-flow\">\n<p>\u00ab\u00a0Une \u00e9tudiante m\u2019a par exemple conseill\u00e9 de coller un sticker sur mon ordinateur pr\u00e9cisant que j\u2019\u00e9tais form\u00e9e aux PSSM. C\u2019est tout simple mais \u00e7a permet \u00e0 mes \u00e9tudiants de savoir d\u2019embl\u00e9e qu\u2019ils ne doivent pas h\u00e9siter \u00e0 venir me parler\u00a0\u00bb, ajoute-t-elle.  <\/p>\n<\/blockquote>\n<p>Chlo\u00e9, pour sa part, est doctorante en droit et enseignante-chercheuse charg\u00e9e d\u2019\u00e9tudiants en premi\u00e8re ann\u00e9e de licence. Elle a effectu\u00e9 la formation il y a plus de deux ans, consciente qu\u2019elle aurait plus tard face \u00e0 elle des \u00e9tudiants susceptibles d\u2019\u00eatre touch\u00e9s par des probl\u00e8mes de sant\u00e9 mentale. <\/p>\n<blockquote class=\"wp-block-quote is-layout-flow wp-block-quote-is-layout-flow\">\n<p>\u00ab\u00a0J\u2019\u00e9tais \u00e9tudiante au moment de la pand\u00e9mie. J\u2019\u00e9tais en premi\u00e8re ann\u00e9e de master lorsque le confinement s\u2019est termin\u00e9, et m\u00eame si le retour \u00e0 l\u2019universit\u00e9 a \u00e9t\u00e9 b\u00e9n\u00e9fique pour beaucoup, j\u2019ai aussi vu les probl\u00e8mes de pr\u00e9carit\u00e9, d\u2019isolement et de mal-\u00eatre s\u2019accroitre\u00a0\u00bb, retrace-t-elle. <\/p>\n<\/blockquote>\n<p>Elle poursuit : <\/p>\n<blockquote class=\"wp-block-quote is-layout-flow wp-block-quote-is-layout-flow\">\n<p>\u00ab\u00a0Avant j\u2019avais peur de mal faire, de dire quelque chose qu\u2019il ne faut pas dire. Maintenant je dis clairement aux \u00e9tudiants en d\u00e9but d\u2019ann\u00e9e que j\u2019ai \u00e9t\u00e9 form\u00e9e et qu\u2019ils peuvent venir me parler s\u2019ils le souhaitent, et \u00e7a arrive quelques fois, g\u00e9n\u00e9ralement \u00e0 la fin des cours. Sur 70 \u00e9tudiants, trois sont venus me parler. Ils savent que je ne suis pas psychologue, par contre je sais \u00eatre \u00e0 l\u2019\u00e9coute, et j\u2019ai re\u00e7u beaucoup de ressources vers lesquelles les r\u00e9-orienter. \u00c0 chaque fois j\u2019attends la confirmation qu\u2019ils ont ou qu\u2019ils vont b\u00e9n\u00e9ficier d\u2019un accompagnement. Les demandes en psychiatres en psychologues sont \u00e9lev\u00e9es chez les \u00e9tudiants, et \u00e7a prend malheureusement du temps g\u00e9n\u00e9ralement pour obtenir un rendez-vous, mais la situation a fini par s\u2019apaiser pour chacun de ces trois \u00e9tudiants.\u00a0\u00bb<\/p>\n<\/blockquote>\n<p><img loading=\"lazy\" decoding=\"async\" width=\"792\" height=\"594\" src=\"https:\/\/www.europesays.com\/fr\/wp-content\/uploads\/2025\/06\/img-6692-792x594.jpg\" alt=\"\" class=\"wp-image-164272\"  \/> Une rencontre entre secouristes PSSM \u00e9tait organis\u00e9e \u00e0 la suite de la signature Photo\u00a0: JG\/Rue89 Bordeaux<\/p>\n<p>Une volont\u00e9 de continuer et d\u2019aller plus loin <\/p>\n<p>Florence Touchard, infirmi\u00e8re de l\u2019ESE et coordinatrice du projet PSSM, affirme la volont\u00e9 commune \u00e0 l\u2019Universit\u00e9 de Bordeaux et \u00e0 PSSM France de continuer \u00e0 former mille \u00e9tudiants par an, voire davantage si possible. Anne Moreau, la directrice op\u00e9rationnelle de l\u2019ESE, esp\u00e8re quant \u00e0 elle former 150 \u00e0 200 enseignants par an. <\/p>\n<blockquote class=\"wp-block-quote is-layout-flow wp-block-quote-is-layout-flow\">\n<p>\u00ab\u00a0Notre partenariat avec PSSM France permet de faire du lien, de donner de la visibilit\u00e9 et de faire rentrer progressivement dans les consciences l\u2019attention \u00e0 la sant\u00e9 mentale\u00a0\u00bb, r\u00e9sume-t-elle. <\/p>\n<\/blockquote>\n<p>La signature de la convention de partenariat entre l\u2019Universit\u00e9 de Bordeaux et PSSM France n\u2019est donc l\u00e0 que pour officialiser un partenariat d\u00e9j\u00e0 existant. <\/p>\n<blockquote class=\"wp-block-quote is-layout-flow wp-block-quote-is-layout-flow\">\n<p>\u00ab\u00a0C\u2019est une mani\u00e8re d\u2019acter notre confiance mutuelle\u00a0\u00bb, conclut Pierre Muller. <\/p>\n<\/blockquote>\n<p>Dispositifs et structures d\u2019accompagnement vers lesquels rediriger en cas de mal-\u00eatre :<\/p>\n<ul class=\"wp-block-list\">\n<li>Espace Sant\u00e9 \u00c9tudiants : consultations sans avancer de frais avec diff\u00e9rents professionnels de la sant\u00e9 mentale ; 22 Avenue Pey Berland 33600 Pessac ; rendez-vous au 05 33 51 42 00 ou sur <a href=\"https:\/\/www.doctolib.fr\/centre-de-sante\/pessac\/espace-sante-etudiants-pessac\" rel=\"nofollow noopener\" target=\"_blank\">Doctolib<\/a><\/li>\n<li>Happsy Hours \u2013 CROUS Bordeaux-Aquitaine : <a href=\"https:\/\/apsytude.com\/fr\/apsytude\/ou-sommes-nous\/crous-bordeaux-aquitaine-montesquieu\/\" rel=\"nofollow noopener\" target=\"_blank\">consultations avec une psychologue pour les r\u00e9sidents<\/a> <\/li>\n<li>Coordination nationale d\u2019accompagnement des \u00e9tudiantes et des \u00e9tudiants : ligne d\u2019\u00e9coute professionnelle gratuite et confidentielle ; 0 800 737 800<\/li>\n<li>Sant\u00e9 psy \u00e9tudiant : dispositif gouvernemental permettant aux \u00e9tudiants de b\u00e9n\u00e9ficier de huit s\u00e9ances gratuites avec un psychologue partenaire ; <a href=\"https:\/\/santepsy.etudiant.gouv.fr\/\" target=\"_blank\" rel=\"noreferrer noopener nofollow\">https:\/\/santepsy.etudiant.gouv.fr\/<\/a><\/li>\n<li>Num\u00e9ro national de pr\u00e9vention du suicide : 3114<\/li>\n<\/ul>\n","protected":false},"excerpt":{"rendered":"L\u2019Espace sant\u00e9 \u00e9tudiants de l\u2019Universit\u00e9 de Bordeaux a sign\u00e9 ce mardi une convention de partenariat avec Premiers secours&hellip;\n","protected":false},"author":2,"featured_media":150638,"comment_status":"","ping_status":"","sticky":false,"template":"","format":"standard","meta":{"footnotes":""},"categories":[2817],"tags":[1111,11,1997,1777,674,1011,27,12,2219,6543,25,2072,28002],"class_list":{"0":"post-150637","1":"post","2":"type-post","3":"status-publish","4":"format-standard","5":"has-post-thumbnail","7":"category-bordeaux","8":"tag-actu","9":"tag-actualites","10":"tag-bordeaux","11":"tag-eu","12":"tag-europe","13":"tag-fr","14":"tag-france","15":"tag-news","16":"tag-nouvelle-aquitaine","17":"tag-prevention","18":"tag-republique-francaise","19":"tag-sante-mentale","20":"tag-universite-de-bordeaux"},"share_on_mastodon":{"url":"https:\/\/pubeurope.com\/@fr\/114623392320508987","error":""},"_links":{"self":[{"href":"https:\/\/www.europesays.com\/fr\/wp-json\/wp\/v2\/posts\/150637","targetHints":{"allow":["GET"]}}],"collection":[{"href":"https:\/\/www.europesays.com\/fr\/wp-json\/wp\/v2\/posts"}],"about":[{"href":"https:\/\/www.europesays.com\/fr\/wp-json\/wp\/v2\/types\/post"}],"author":[{"embeddable":true,"href":"https:\/\/www.europesays.com\/fr\/wp-json\/wp\/v2\/users\/2"}],"replies":[{"embeddable":true,"href":"https:\/\/www.europesays.com\/fr\/wp-json\/wp\/v2\/comments?post=150637"}],"version-history":[{"count":0,"href":"https:\/\/www.europesays.com\/fr\/wp-json\/wp\/v2\/posts\/150637\/revisions"}],"wp:featuredmedia":[{"embeddable":true,"href":"https:\/\/www.europesays.com\/fr\/wp-json\/wp\/v2\/media\/150638"}],"wp:attachment":[{"href":"https:\/\/www.europesays.com\/fr\/wp-json\/wp\/v2\/media?parent=150637"}],"wp:term":[{"taxonomy":"category","embeddable":true,"href":"https:\/\/www.europesays.com\/fr\/wp-json\/wp\/v2\/categories?post=150637"},{"taxonomy":"post_tag","embeddable":true,"href":"https:\/\/www.europesays.com\/fr\/wp-json\/wp\/v2\/tags?post=150637"}],"curies":[{"name":"wp","href":"https:\/\/api.w.org\/{rel}","templated":true}]}}