{"id":150639,"date":"2025-06-04T05:15:10","date_gmt":"2025-06-04T05:15:10","guid":{"rendered":"https:\/\/www.europesays.com\/fr\/150639\/"},"modified":"2025-06-04T05:15:10","modified_gmt":"2025-06-04T05:15:10","slug":"benoit-tremoulinas-balance-a-bordeaux-on-ne-veut-plus-voir-monsieur-lopez-et-monsieur-de-carli","status":"publish","type":"post","link":"https:\/\/www.europesays.com\/fr\/150639\/","title":{"rendered":"Beno\u00eet Tr\u00e9moulinas balance : \u00ab\u00a0\u00c0 Bordeaux on ne veut plus voir monsieur Lopez et monsieur De Carli\u00a0\u00bb"},"content":{"rendered":"<p><img decoding=\"async\" src=\"https:\/\/www.europesays.com\/fr\/wp-content\/uploads\/2025\/06\/671_2ad2f2f6f28a9c0c249e0657a3c6c55b.jpg\" alt=\"Beno\u00eet Tr\u00e9moulinas balance : &quot;\u00c0 Bordeaux on ne veut plus voir monsieur Lopez et monsieur De Carli&quot;\" class=\"img-responsive mt-3\"\/><\/p>\n<p class=\"text-center mb-3\" style=\"font-size: 14px\">\u00a9 Iconsport<\/p>\n<p>      <strong>\u00ab\u00a0Lopez ne veut rien l\u00e2cher et veut r\u00e9cup\u00e9rer \u00e9norm\u00e9ment d&rsquo;argent malgr\u00e9 ce qu&rsquo;il a fait\u00a0\u00bb<\/strong><\/p>\n<p style=\"text-align: justify;\">\u00a0<\/p>\n<p style=\"text-align: justify;\">Beno\u00eet Tr\u00e9moulinas dans L&rsquo;\u00c9quipe du Soir : \u00ab\u00a0Bien s\u00fbr que la situation fait peur a tous les investisseurs avec \u00e9norm\u00e9ment de cr\u00e9ances et de dette. Donc, monsieur Lopez ne veut rien l\u00e2cher et veut r\u00e9cup\u00e9rer \u00e9norm\u00e9ment d&rsquo;argent malgr\u00e9 ce qu&rsquo;il a fait. Forc\u00e9ment, \u00e7a effraie les financiers, car ce sont des millions et des millions pour un club en National 2. C&rsquo;est triste, car le centre de formation est vid\u00e9, il reste quelques \u00e9ducateurs pour les jeunes, mais le c\u00f4t\u00e9 professionnel est une catastrophe. On ne comprend pas qu&rsquo;il (Lopez) a pay\u00e9 grassement des joueurs pour jouer en N2 avec certains qui gagnent 10000\u20ac par mois (Beugr\u00e9, et Carroll pour la saison \u00e0 venir). Je peux vous dire \u00e0 Bordeaux qu&rsquo;on ne veut plus voir monsieur Lopez et monsieur De Carli (sur un ton ferme).\u00a0\u00bb<\/p>\n<p style=\"text-align: justify;\">Beno\u00eet Tr\u00e9moulinas, historique des Girondins de Bordeaux, a lanc\u00e9 une attaque frontale contre <a href=\"https:\/\/www.webgirondins.com\/actualite-girondins-girondins-daniel-riolo-gerard-lopez-ne-lachera-pas-il-est-menotte-au-radiateur-129293\" target=\"_blank\" rel=\"noopener nofollow\">G\u00e9rard Lopez<\/a> et Arnaud De Carli sur L&rsquo;\u00c9quipe. L&rsquo;ancien lat\u00e9ral gauche est cat\u00e9gorique : les dirigeants actuels sont d\u00e9sormais \u00ab\u00a0persona non grata\u00a0\u00bb \u00e0 Bordeaux. D\u00e9couvrez cette sortie d\u00e9tonante qui maintient l&rsquo;urgence d&rsquo;un changement de gouvernance pour sauver le club.<\/p>\n<p>\u00c0 lire &gt;&gt; <strong><a href=\"https:\/\/www.webgirondins.com\/actualite-girondins-girondins-le-plan-de-gerard-lopez-leake-bruno-fievet-denonce-des-chiffres-grotesques-129282\" target=\"_blank\" rel=\"noopener nofollow\">Girondins : Le plan de G\u00e9rard Lopez leak\u00e9, Bruno Fievet d\u00e9nonce des \u00ab\u00a0chiffres grotesques\u00a0\u00bb<\/a><br \/><\/strong><\/p>\n<p style=\"text-align: justify;\">Notre podcast court :<\/p>\n<p>\u00a0<\/p>\n","protected":false},"excerpt":{"rendered":"\u00a9 Iconsport \u00ab\u00a0Lopez ne veut rien l\u00e2cher et veut r\u00e9cup\u00e9rer \u00e9norm\u00e9ment d&rsquo;argent malgr\u00e9 ce qu&rsquo;il a fait\u00a0\u00bb \u00a0&hellip;\n","protected":false},"author":2,"featured_media":150640,"comment_status":"","ping_status":"","sticky":false,"template":"","format":"standard","meta":{"footnotes":""},"categories":[2817],"tags":[1111,11,15493,834,14911,16980,1997,15494,1444,2263,1777,674,1011,27,5187,8294,1987,15287,9447,8295,28004,12,2219,378,25,28003,9870,3840],"class_list":{"0":"post-150639","1":"post","2":"type-post","3":"status-publish","4":"format-standard","5":"has-post-thumbnail","7":"category-bordeaux","8":"tag-actu","9":"tag-actualites","10":"tag-arnaud","11":"tag-attaque","12":"tag-balance","13":"tag-benoit","14":"tag-bordeaux","15":"tag-carli","16":"tag-contre","17":"tag-equipe","18":"tag-eu","19":"tag-europe","20":"tag-fr","21":"tag-france","22":"tag-frontale","23":"tag-gerard","24":"tag-girondins","25":"tag-historique","26":"tag-lance","27":"tag-lopez","28":"tag-monsieur","29":"tag-news","30":"tag-nouvelle-aquitaine","31":"tag-plus","32":"tag-republique-francaise","33":"tag-tremoulinas","34":"tag-veut","35":"tag-voir"},"share_on_mastodon":{"url":"https:\/\/pubeurope.com\/@fr\/114623396362437080","error":""},"_links":{"self":[{"href":"https:\/\/www.europesays.com\/fr\/wp-json\/wp\/v2\/posts\/150639","targetHints":{"allow":["GET"]}}],"collection":[{"href":"https:\/\/www.europesays.com\/fr\/wp-json\/wp\/v2\/posts"}],"about":[{"href":"https:\/\/www.europesays.com\/fr\/wp-json\/wp\/v2\/types\/post"}],"author":[{"embeddable":true,"href":"https:\/\/www.europesays.com\/fr\/wp-json\/wp\/v2\/users\/2"}],"replies":[{"embeddable":true,"href":"https:\/\/www.europesays.com\/fr\/wp-json\/wp\/v2\/comments?post=150639"}],"version-history":[{"count":0,"href":"https:\/\/www.europesays.com\/fr\/wp-json\/wp\/v2\/posts\/150639\/revisions"}],"wp:featuredmedia":[{"embeddable":true,"href":"https:\/\/www.europesays.com\/fr\/wp-json\/wp\/v2\/media\/150640"}],"wp:attachment":[{"href":"https:\/\/www.europesays.com\/fr\/wp-json\/wp\/v2\/media?parent=150639"}],"wp:term":[{"taxonomy":"category","embeddable":true,"href":"https:\/\/www.europesays.com\/fr\/wp-json\/wp\/v2\/categories?post=150639"},{"taxonomy":"post_tag","embeddable":true,"href":"https:\/\/www.europesays.com\/fr\/wp-json\/wp\/v2\/tags?post=150639"}],"curies":[{"name":"wp","href":"https:\/\/api.w.org\/{rel}","templated":true}]}}