{"id":150649,"date":"2025-06-04T05:20:09","date_gmt":"2025-06-04T05:20:09","guid":{"rendered":"https:\/\/www.europesays.com\/fr\/150649\/"},"modified":"2025-06-04T05:20:09","modified_gmt":"2025-06-04T05:20:09","slug":"la-presence-de-personnes-sur-les-rails-perturbe-la-circulation-en-gare-saint-charles","status":"publish","type":"post","link":"https:\/\/www.europesays.com\/fr\/150649\/","title":{"rendered":"la pr\u00e9sence de personnes sur les rails perturbe la circulation en gare Saint-Charles"},"content":{"rendered":"<p>Le <a href=\"https:\/\/www.sncf-voyageurs.com\/fr\/voyagez-avec-nous\/horaires-et-itineraires\/recherche-de-train\/detail-train\/?numeroCirculation=881406&amp;dateCirculation=2025-06-04&amp;destinationCode=87751008\" target=\"_blank\" rel=\"noopener\">site de Gare et connexions<\/a> signale les choses suivantes : en raison de la \u00ab\u00a0pr\u00e9sence d&rsquo;individus sur les voies \u00e0 Marseille en gare Saint-Charles, la circulation est interrompue dans les deux sens entre Marseille-Blancarde et Marseille-St-Charles. Des retards et des suppressions sont \u00e0 pr\u00e9voir. Heure de reprise normale de la circulation pr\u00e9vue \u00e0 08H30. Informations sur vos canaux habituels.\u00a0\u00bb\u00a0<\/p>\n<p>C\u2019est la liaison Marseille-Toulon-Nice qui est ainsi \u00e0 l&rsquo;arr\u00eat. La SNCF pr\u00e9voit d&rsquo;ailleurs d\u00e9j\u00e0 plus d&rsquo;un e heure de retards sur certaines rames comme le TER 881 402, qui relie Toulon \u00e0 la cit\u00e9 phoc\u00e9enne. Le TER 881 607 compte, selon les pr\u00e9visions de l&rsquo;entreprise publique, pas moins de 50 minutes de d\u00e9calage sur son horaire de d\u00e9part. Il est utile pour les voyageurs de bien se renseigner sur leur train avant de se rendre en gare.<\/p>\n","protected":false},"excerpt":{"rendered":"Le site de Gare et connexions signale les choses suivantes : en raison de la \u00ab\u00a0pr\u00e9sence d&rsquo;individus sur&hellip;\n","protected":false},"author":2,"featured_media":150650,"comment_status":"","ping_status":"","sticky":false,"template":"","format":"standard","meta":{"footnotes":""},"categories":[2814],"tags":[17,1111,11,1777,674,1011,27,151,884,12,3744,9777,15492,882,5812,16,25,3356],"class_list":{"0":"post-150649","1":"post","2":"type-post","3":"status-publish","4":"format-standard","5":"has-post-thumbnail","7":"category-marseille","8":"tag-17","9":"tag-actu","10":"tag-actualites","11":"tag-eu","12":"tag-europe","13":"tag-fr","14":"tag-france","15":"tag-les","16":"tag-marseille","17":"tag-news","18":"tag-personnes","19":"tag-perturbe","20":"tag-presence","21":"tag-provence-alpes-cote-dazur","22":"tag-rails","23":"tag-region","24":"tag-republique-francaise","25":"tag-sur"},"share_on_mastodon":{"url":"https:\/\/pubeurope.com\/@fr\/114623415945765204","error":""},"_links":{"self":[{"href":"https:\/\/www.europesays.com\/fr\/wp-json\/wp\/v2\/posts\/150649","targetHints":{"allow":["GET"]}}],"collection":[{"href":"https:\/\/www.europesays.com\/fr\/wp-json\/wp\/v2\/posts"}],"about":[{"href":"https:\/\/www.europesays.com\/fr\/wp-json\/wp\/v2\/types\/post"}],"author":[{"embeddable":true,"href":"https:\/\/www.europesays.com\/fr\/wp-json\/wp\/v2\/users\/2"}],"replies":[{"embeddable":true,"href":"https:\/\/www.europesays.com\/fr\/wp-json\/wp\/v2\/comments?post=150649"}],"version-history":[{"count":0,"href":"https:\/\/www.europesays.com\/fr\/wp-json\/wp\/v2\/posts\/150649\/revisions"}],"wp:featuredmedia":[{"embeddable":true,"href":"https:\/\/www.europesays.com\/fr\/wp-json\/wp\/v2\/media\/150650"}],"wp:attachment":[{"href":"https:\/\/www.europesays.com\/fr\/wp-json\/wp\/v2\/media?parent=150649"}],"wp:term":[{"taxonomy":"category","embeddable":true,"href":"https:\/\/www.europesays.com\/fr\/wp-json\/wp\/v2\/categories?post=150649"},{"taxonomy":"post_tag","embeddable":true,"href":"https:\/\/www.europesays.com\/fr\/wp-json\/wp\/v2\/tags?post=150649"}],"curies":[{"name":"wp","href":"https:\/\/api.w.org\/{rel}","templated":true}]}}