{"id":150651,"date":"2025-06-04T05:21:09","date_gmt":"2025-06-04T05:21:09","guid":{"rendered":"https:\/\/www.europesays.com\/fr\/150651\/"},"modified":"2025-06-04T05:21:09","modified_gmt":"2025-06-04T05:21:09","slug":"poubelles-qui-debordent-et-ligne-2-a-larret-le-grand-cirque-du-metro-marseillais","status":"publish","type":"post","link":"https:\/\/www.europesays.com\/fr\/150651\/","title":{"rendered":"Poubelles qui d\u00e9bordent et ligne 2 \u00e0 l&rsquo;arr\u00eat, le grand cirque du m\u00e9tro marseillais"},"content":{"rendered":"<p>Comme un air (et une odeur) de d\u00e9j\u00e0-vu dans le m\u00e9tro marseillais. Depuis une semaine, les <a href=\"https:\/\/www.laprovence.com\/article\/region\/2949137550085514\/a-marseille-les-poubelles-debordent-encore-dans-le-metro-la-rtm-porte-plainte\" target=\"_blank\" rel=\"noopener\">d\u00e9tritus s\u2019amoncellent sur le quai du m\u00e9tro<\/a>, o\u00f9 les poubelles d\u00e9bordent de d\u00e9chets en tout genre. Si la <a href=\"https:\/\/www.laprovence.com\/article\/region\/43957732063040\/soprano-dans-le-metro-de-marseille-et-un-mois-danimations-pour-les-75-ans-de-la-rtm\" target=\"_blank\" rel=\"noopener\">R\u00e9gie des transports m\u00e9tropolitains<\/a> (RTM) d\u00e9crit \u00ab\u00a0l\u2019\u00e9tat inadmissible de ses installations\u00a0\u00bb, les salari\u00e9s d\u2019Atalian &#8211; <a href=\"https:\/\/www.laprovence.com\/article\/societe\/1187718257364715\/nettoyage-dans-le-metro-a-marseille-arrivee-mouvementee-pour-lentreprise-atalian\" target=\"_blank\" rel=\"noopener\">prestataire en charge du nettoyage des rames et des stations depuis septembre dernier<\/a> &#8211; affirment \u00ab\u00a0ne pas \u00eatre en gr\u00e8ve\u00a0\u00bb et se disent simplement \u00ab\u00a0confront\u00e9s \u00e0 un manque chronique d\u2019effectifs\u00a0\u00bb.<\/p>\n<p>Les 320\u00a0000\u00a0voyageurs quotidiens du m\u00e9tro doivent pourtant slalomer entre les canettes vides et mouchoirs usag\u00e9s. L\u2019insalubrit\u00e9 des stations, mais aussi des loges des personnels, a fini par pousser une douzaine des conducteurs \u00e0 exercer leur droit de retrait ce mardi 3\u00a0juin, en milieu de matin\u00e9e, paralysant la ligne 2.<\/p>\n<p>\u00ab\u00a0Les personnels n\u2019en peuvent plus\u00a0\u00bb<\/p>\n<p>\u00ab\u00a0Exc\u00e9d\u00e9s\u00a0\u00bb par des \u00ab\u00a0rames et des loges sans nettoyage et la pr\u00e9sence de punaises de lit\u00a0\u00bb, les agents ont cess\u00e9 le travail vers 11\u00a0h. \u00ab\u00a0Les personnels n\u2019en peuvent plus, d\u00e9crit Nicolas Ruiz, pour FO. La direction oblige les agents de ma\u00eetrise \u00e0 conduire malgr\u00e9 la situation pour pallier l\u2019arr\u00eat des chauffeurs.\u00a0\u00bb Insuffisant pour emp\u00eacher l\u2019arr\u00eat du trafic sur la ligne M2, qui ne reprenait qu\u2019\u00e0 17\u00a0h gr\u00e2ce \u00e0 l\u2019intervention d\u2019une entreprise de propret\u00e9 ext\u00e9rieure pour nettoyer les rames.<\/p>\n","protected":false},"excerpt":{"rendered":"Comme un air (et une odeur) de d\u00e9j\u00e0-vu dans le m\u00e9tro marseillais. Depuis une semaine, les d\u00e9tritus s\u2019amoncellent&hellip;\n","protected":false},"author":2,"featured_media":150652,"comment_status":"","ping_status":"","sticky":false,"template":"","format":"standard","meta":{"footnotes":""},"categories":[2814],"tags":[17,1111,11,5398,27616,1777,674,1011,27,2515,27775,3052,884,12,10959,882,3583,16,25],"class_list":{"0":"post-150651","1":"post","2":"type-post","3":"status-publish","4":"format-standard","5":"has-post-thumbnail","7":"category-marseille","8":"tag-17","9":"tag-actu","10":"tag-actualites","11":"tag-cirque","12":"tag-debordent","13":"tag-eu","14":"tag-europe","15":"tag-fr","16":"tag-france","17":"tag-grand","18":"tag-larret","19":"tag-ligne","20":"tag-marseille","21":"tag-news","22":"tag-poubelles","23":"tag-provence-alpes-cote-dazur","24":"tag-qui","25":"tag-region","26":"tag-republique-francaise"},"share_on_mastodon":{"url":"https:\/\/pubeurope.com\/@fr\/114623419850199986","error":""},"_links":{"self":[{"href":"https:\/\/www.europesays.com\/fr\/wp-json\/wp\/v2\/posts\/150651","targetHints":{"allow":["GET"]}}],"collection":[{"href":"https:\/\/www.europesays.com\/fr\/wp-json\/wp\/v2\/posts"}],"about":[{"href":"https:\/\/www.europesays.com\/fr\/wp-json\/wp\/v2\/types\/post"}],"author":[{"embeddable":true,"href":"https:\/\/www.europesays.com\/fr\/wp-json\/wp\/v2\/users\/2"}],"replies":[{"embeddable":true,"href":"https:\/\/www.europesays.com\/fr\/wp-json\/wp\/v2\/comments?post=150651"}],"version-history":[{"count":0,"href":"https:\/\/www.europesays.com\/fr\/wp-json\/wp\/v2\/posts\/150651\/revisions"}],"wp:featuredmedia":[{"embeddable":true,"href":"https:\/\/www.europesays.com\/fr\/wp-json\/wp\/v2\/media\/150652"}],"wp:attachment":[{"href":"https:\/\/www.europesays.com\/fr\/wp-json\/wp\/v2\/media?parent=150651"}],"wp:term":[{"taxonomy":"category","embeddable":true,"href":"https:\/\/www.europesays.com\/fr\/wp-json\/wp\/v2\/categories?post=150651"},{"taxonomy":"post_tag","embeddable":true,"href":"https:\/\/www.europesays.com\/fr\/wp-json\/wp\/v2\/tags?post=150651"}],"curies":[{"name":"wp","href":"https:\/\/api.w.org\/{rel}","templated":true}]}}