{"id":150653,"date":"2025-06-04T05:22:21","date_gmt":"2025-06-04T05:22:21","guid":{"rendered":"https:\/\/www.europesays.com\/fr\/150653\/"},"modified":"2025-06-04T05:22:21","modified_gmt":"2025-06-04T05:22:21","slug":"fermeture-administrative-pour-un-bar-prise-a-lyon","status":"publish","type":"post","link":"https:\/\/www.europesays.com\/fr\/150653\/","title":{"rendered":"fermeture administrative pour un bar pris\u00e9 \u00e0 Lyon"},"content":{"rendered":"<p>Bagarre, alcool, mineure : fermeture administrative pour un bar pris\u00e9 du quai Gailleton \u00e0 Lyon<\/p>\n<p itemprop=\"description\"><strong>Apr\u00e8s une nuit agit\u00e9e devant ses portes, le Quai 31 baisse le rideau.<\/strong><\/p>\n<p>Le bar cosy du quai Gailleton a \u00e9t\u00e9 \u00e9pingl\u00e9 pour \u00ab\u00a0troubles \u00e0 l\u2019ordre public\u00a0\u00bb et pr\u00e9sence d\u2019une cliente mineure en \u00e9tat d\u2019ivresse.<\/p>\n<p>Un arr\u00eat\u00e9 pr\u00e9fectoral dat\u00e9 du 28 mai 2025 impose\u00a0la fermeture pour deux semaines\u00a0du\u00a0Quai 31. La mesure court ainsi\u00a0jusqu\u2019au\u00a011 juin\u00a0inclus.<\/p>\n<p>Selon les services de l\u2019\u00c9tat, cette sanction intervient \u00ab\u00a0suite \u00e0 de nombreux troubles \u00e0 l\u2019ordre public\u00a0\u00bb, notamment\u00a0une bagarre g\u00e9n\u00e9rale survenue le 20 avril \u00e0 4h04, n\u00e9cessitant l\u2019intervention de\u00a0quatre \u00e9quipages de police. Quatre personnes avaient \u00e9t\u00e9 interpell\u00e9es, toutes \u00ab\u00a0fortement alcoolis\u00e9es\u00a0\u00bb, pr\u00e9cise l\u2019arr\u00eat\u00e9.<\/p>\n<p>Parmi elles, une\u00a0mineure n\u00e9e en septembre 2008, contr\u00f4l\u00e9e avec un taux d\u2019alcool\u00e9mie de\u00a00,38 mg\/l d\u2019air expir\u00e9. Une situation qualifi\u00e9e par la pr\u00e9fecture de fait \u00ab\u00a0portant atteinte \u00e0 la moralit\u00e9, l\u2019ordre, la sant\u00e9 et la tranquillit\u00e9 publics.\u00a0\u00bb<\/p>\n<p>Le bar, dont la fermeture r\u00e9glementaire est fix\u00e9e \u00e0\u00a01h du matin, est \u00e9galement vis\u00e9 pour non-respect des horaires. Jusqu\u2019\u00e0 sa r\u00e9ouverture, il devra afficher visiblement l\u2019arr\u00eat\u00e9 pr\u00e9fectoral sur sa devanture.<\/p>\n","protected":false},"excerpt":{"rendered":"Bagarre, alcool, mineure : fermeture administrative pour un bar pris\u00e9 du quai Gailleton \u00e0 Lyon Apr\u00e8s une nuit&hellip;\n","protected":false},"author":2,"featured_media":150654,"comment_status":"","ping_status":"","sticky":false,"template":"","format":"standard","meta":{"footnotes":""},"categories":[1889],"tags":[1111,11,2813,2190,2430,1109,251,1112,2811,1777,674,118,1011,27,1922,1110,1114,2428,2810,12,241,316,25,2812,517,800],"class_list":{"0":"post-150653","1":"post","2":"type-post","3":"status-publish","4":"format-standard","5":"has-post-thumbnail","7":"category-lyon","8":"tag-actu","9":"tag-actualites","10":"tag-article","11":"tag-asvel","12":"tag-auvergne-rhone-alpes","13":"tag-breves","14":"tag-culture","15":"tag-depeches","16":"tag-economique","17":"tag-eu","18":"tag-europe","19":"tag-faits-divers","20":"tag-fr","21":"tag-france","22":"tag-info","23":"tag-informations","24":"tag-infos","25":"tag-lyon","26":"tag-lyonmag","27":"tag-news","28":"tag-ol","29":"tag-politique","30":"tag-republique-francaise","31":"tag-sociale","32":"tag-sport","33":"tag-transports"},"share_on_mastodon":{"url":"https:\/\/pubeurope.com\/@fr\/114623423643855383","error":""},"_links":{"self":[{"href":"https:\/\/www.europesays.com\/fr\/wp-json\/wp\/v2\/posts\/150653","targetHints":{"allow":["GET"]}}],"collection":[{"href":"https:\/\/www.europesays.com\/fr\/wp-json\/wp\/v2\/posts"}],"about":[{"href":"https:\/\/www.europesays.com\/fr\/wp-json\/wp\/v2\/types\/post"}],"author":[{"embeddable":true,"href":"https:\/\/www.europesays.com\/fr\/wp-json\/wp\/v2\/users\/2"}],"replies":[{"embeddable":true,"href":"https:\/\/www.europesays.com\/fr\/wp-json\/wp\/v2\/comments?post=150653"}],"version-history":[{"count":0,"href":"https:\/\/www.europesays.com\/fr\/wp-json\/wp\/v2\/posts\/150653\/revisions"}],"wp:featuredmedia":[{"embeddable":true,"href":"https:\/\/www.europesays.com\/fr\/wp-json\/wp\/v2\/media\/150654"}],"wp:attachment":[{"href":"https:\/\/www.europesays.com\/fr\/wp-json\/wp\/v2\/media?parent=150653"}],"wp:term":[{"taxonomy":"category","embeddable":true,"href":"https:\/\/www.europesays.com\/fr\/wp-json\/wp\/v2\/categories?post=150653"},{"taxonomy":"post_tag","embeddable":true,"href":"https:\/\/www.europesays.com\/fr\/wp-json\/wp\/v2\/tags?post=150653"}],"curies":[{"name":"wp","href":"https:\/\/api.w.org\/{rel}","templated":true}]}}