{"id":150659,"date":"2025-06-04T05:25:11","date_gmt":"2025-06-04T05:25:11","guid":{"rendered":"https:\/\/www.europesays.com\/fr\/150659\/"},"modified":"2025-06-04T05:25:11","modified_gmt":"2025-06-04T05:25:11","slug":"avec-ses-23161-m-de-haut-la-colline-delancourt-est-bien-le-point-culminant-dile-de-france","status":"publish","type":"post","link":"https:\/\/www.europesays.com\/fr\/150659\/","title":{"rendered":"Avec ses 231,61 m de haut, la colline d\u2019\u00c9lancourt est bien le point culminant d\u2019\u00cele-de-France\u00a0!"},"content":{"rendered":"<p>            Par<br \/>\n        <strong><br \/>\n            <a href=\"https:\/\/actu.fr\/auteur\/a-marque\" title=\"Consulter tous les articles de Alexandre Marque\" rel=\"nofollow noopener\" target=\"_blank\">Alexandre Marque<\/a><br \/>\n        <\/strong><\/p>\n<p>        Publi\u00e9 le<\/p>\n<p>            4 juin 2025 \u00e0 7h16        <\/p>\n<p>On le savait mais c\u2019est d\u00e9sormais officiel\u2009! <a href=\"https:\/\/actu.fr\/ile-de-france\/elancourt_78208\/jo-paris-2024-ambiance-incroyable-sur-la-colline-delancourt-pour-le-sacre-de-pauline-ferrand-prevot_61415513.html\" rel=\"nofollow noopener\" target=\"_blank\">Site embl\u00e9matique des \u00e9preuves olympiques de VTT<\/a> en juillet\u00a02024, <a href=\"https:\/\/actu.fr\/tag\/colline-d-elancourt\" rel=\"nofollow noopener\" target=\"_blank\">la colline d\u2019Elancourt<\/a> (Yvelines) est bien le <b>point culminant <\/b>d\u2019Ile-de-France avec ses 231,61 m, tr\u00e8s pr\u00e9cis\u00e9ment.<\/p>\n<p class=\" wall-content\">Ce point symbolique, situ\u00e9 <a href=\"https:\/\/actu.fr\/ile-de-france\/elancourt_78208\/ancienne-decharge-alain-delon-piste-de-ski-le-pere-de-la-colline-delancourt-raconte-son-destin-unique_62613095.html\" rel=\"nofollow noopener\" target=\"_blank\">au sommet de cette butte artificielle<\/a>, a \u00e9t\u00e9 mat\u00e9rialis\u00e9 ce mardi 3\u00a0juin 2025 par les g\u00e9om\u00e8tres-experts des Yvelines et Jean-Michel Fourgous, maire d\u2019Elancourt et pr\u00e9sident de l\u2019agglom\u00e9ration de Saint-Quentin-en-Yvelines.<\/p>\n<p>Deux drones pour mesurer le site<\/p>\n<p class=\" wall-content\">Le 28\u00a0avril dernier, les membres de l\u2019Union nationale des g\u00e9om\u00e8tres-experts des Yvelines (UNGE78) ont r\u00e9alis\u00e9 <b>une campagne de mesurage<\/b> sur place et ont pu produire un rendu pr\u00e9cis du terrain. Au centim\u00e8tre pr\u00e8s.<\/p>\n<blockquote class=\"ac-article-quote wall-content\">\n<p>\u00ab\u2009On est venu mesurer avec deux drones. On a r\u00e9ussi \u00e0 mod\u00e9liser l\u2019int\u00e9gralit\u00e9 de la colline et notamment son point culminant. Et \u00e0 mesurer le volume de la colline\u2009: 7,4\u00a0millions de m3 pour une surface de 200\u2009000\u00a0m2. Vous avez 55\u00a0m de d\u00e9nivel\u00e9 entre le haut et le bas.\u2009\u00bb<\/p>\n<p>J\u00e9r\u00f4me Haxaire, pr\u00e9sident de l\u2019UNGE78<\/p><\/blockquote>\n<p class=\" wall-content\">En 2021, ce g\u00e9om\u00e8tre-expert, install\u00e9 \u00e0 Neauphle-le-Ch\u00e2teau, avait d\u00e9j\u00e0 <a href=\"https:\/\/actu.fr\/ile-de-france\/neauphle-le-chateau_78442\/yvelines-le-geometre-yvelinois-est-monte-mesurer-le-mont-blanc-au-centimetre-pres_45526120.html\" rel=\"nofollow noopener\" target=\"_blank\">mesur\u00e9 le Mont-Blanc<\/a>.<\/p>\n<p class=\" wall-content\">Ces<b> r\u00e9sultats<\/b>\u00a0ont ensuite \u00e9t\u00e9 transmis \u00e0 la commune d\u2019\u00c9lancourt et \u00e0 l\u2019agglom\u00e9ration de Saint-Quentin-en-Yvelines. \u00ab\u2009L\u2019agglom\u00e9ration va s\u2019en servir pour <b>l\u2019entretien du site<\/b> et des pistes\u2009\u00bb, d\u00e9taille le g\u00e9om\u00e8tre-expert.<\/p>\n<p>Vid\u00e9os : en ce moment sur Actu<br \/>\n    <img   decoding=\"async\" loading=\"lazy\" class=\"size-large\" src=\"https:\/\/www.europesays.com\/fr\/wp-content\/uploads\/2025\/06\/9c6343c20f386907343c20f3884734v-768x640.jpg\" alt=\"Les mesures ont \u00e9t\u00e9 r\u00e9alis\u00e9es le 28 avril 2025 sur la colline d'Elancourt (Yvelines).\" width=\"768\" height=\"640\"\/><br \/>\n    Les mesures ont \u00e9t\u00e9 r\u00e9alis\u00e9es le 28 avril 2025 sur la colline d\u2019\u00c9lancourt (Yvelines). \u00a9Alexandre MARQU\u00c94\u2009500\u00a0visiteurs lors de sa r\u00e9ouverture<\/p>\n<p class=\" wall-content\">Un site ferm\u00e9 durant dix mois au lendemain des Jeux olympiques. <a href=\"https:\/\/actu.fr\/ile-de-france\/elancourt_78208\/mais-quand-pourra-t-on-enfin-remonter-sur-la-colline-delancourt_61600923.html\" rel=\"nofollow noopener\" target=\"_blank\">Des travaux d\u2019am\u00e9nagement<\/a> ont \u00e9t\u00e9 r\u00e9alis\u00e9s et ont permis d\u2019en faire un <b>parc sportif et paysager<\/b>.<\/p>\n<p class=\" wall-content\">Le 17\u00a0mai dernier, <a href=\"https:\/\/actu.fr\/ile-de-france\/elancourt_78208\/heritage-des-jeux-olympiques-la-colline-delancourt-rouvre-au-public-avec-un-grand-week-end-danimations_62614544.html\" rel=\"nofollow noopener\" target=\"_blank\">le lieu a rouvert au public<\/a>. Ce jour-l\u00e0,<b> 4\u2009500\u00a0personnes<\/b> se sont d\u00e9plac\u00e9es pour d\u00e9couvrir les 10\u00a0km de pistes VTT, la piste de pumptrack pour les rollers, BMX et trottinettes, les 12,5\u00a0km de sentiers p\u00e9destres\u2026 Et depuis, le succ\u00e8s ne se d\u00e9ment pas.<\/p>\n<blockquote class=\"ac-article-quote wall-content\">\n<p>\u00ab\u2009Il y a du monde. Les familles, les v\u00e9t\u00e9tistes, les joggeurs y viennent.\u2009\u00bb<\/p>\n<p>Jean-Michel Fourgous, maire d\u2019\u00c9lancourt et pr\u00e9sident de Saint-Quentin-en-Yvelines<\/p><\/blockquote>\n<p class=\" wall-content\">Un \u00e9lu ravi de voir \u00ab\u2009une terre d\u00e9valoris\u00e9e transform\u00e9e en une fiert\u00e9 nationale\u2009\u00bb.<\/p>\n<p>Un chalet et des activit\u00e9s en plein air<\/p>\n<p class=\" wall-content\">\u00c0 l\u2019entr\u00e9e de ce site accessible<b> gratuitement 7 jours sur 7<\/b>, un chalet d\u2019accueil est ouvert les mercredis, samedis, dimanches et jours f\u00e9ri\u00e9s. \u00c0 l\u2019int\u00e9rieur, une \u00e9quipe r\u00e9pond aux questions des visiteurs.<\/p>\n<p class=\" wall-content\">Depuis l\u2019ouverture, <b>des activit\u00e9s en plein air<\/b> sont r\u00e9guli\u00e8rement propos\u00e9es sur inscription*\u2009: marche nordique, trail, fitness, randonn\u00e9e, BMX, VTT\u2026<\/p>\n<p>* Renseignements sur <a href=\"https:\/\/lacollinedelancourt.fr\/\" rel=\"nofollow noopener\" target=\"_blank\">https:\/\/lacollinedelancourt.fr\/<\/a><\/p>\n<p class=\" wall-content\">Suivez toute l\u2019actualit\u00e9 de vos villes et m\u00e9dias favoris en vous inscrivant \u00e0 <a href=\"https:\/\/moncompte.actu.fr\" title=\"D\u00e9couvez Mon Actu\" rel=\"nofollow noopener\" data-trk=\"{&quot;cta&quot;:{&quot;action&quot;:&quot;https:\\\/\\\/moncompte.actu.fr&quot;,&quot;category&quot;:&quot;mon compte&quot;,&quot;from&quot;:&quot;article footer&quot;,&quot;name&quot;:&quot;Mon actu&quot;,&quot;type&quot;:&quot;cta&quot;}}\" target=\"_blank\">Mon Actu<\/a>.<\/p>\n","protected":false},"excerpt":{"rendered":"Par Alexandre Marque Publi\u00e9 le 4 juin 2025 \u00e0 7h16 On le savait mais c\u2019est d\u00e9sormais officiel\u2009! Site&hellip;\n","protected":false},"author":2,"featured_media":150660,"comment_status":"","ping_status":"","sticky":false,"template":"","format":"standard","meta":{"footnotes":""},"categories":[1592],"tags":[1111,11,28005,436,1777,674,1011,27,662,7941,12,626,25,104],"class_list":{"0":"post-150659","1":"post","2":"type-post","3":"status-publish","4":"format-standard","5":"has-post-thumbnail","7":"category-ile-de-france","8":"tag-actu","9":"tag-actualites","10":"tag-colline-delancourt","11":"tag-environnement","12":"tag-eu","13":"tag-europe","14":"tag-fr","15":"tag-france","16":"tag-ile-de-france","17":"tag-jo-paris-2024","18":"tag-news","19":"tag-paris","20":"tag-republique-francaise","21":"tag-societe"},"share_on_mastodon":{"url":"https:\/\/pubeurope.com\/@fr\/114623435532023499","error":""},"_links":{"self":[{"href":"https:\/\/www.europesays.com\/fr\/wp-json\/wp\/v2\/posts\/150659","targetHints":{"allow":["GET"]}}],"collection":[{"href":"https:\/\/www.europesays.com\/fr\/wp-json\/wp\/v2\/posts"}],"about":[{"href":"https:\/\/www.europesays.com\/fr\/wp-json\/wp\/v2\/types\/post"}],"author":[{"embeddable":true,"href":"https:\/\/www.europesays.com\/fr\/wp-json\/wp\/v2\/users\/2"}],"replies":[{"embeddable":true,"href":"https:\/\/www.europesays.com\/fr\/wp-json\/wp\/v2\/comments?post=150659"}],"version-history":[{"count":0,"href":"https:\/\/www.europesays.com\/fr\/wp-json\/wp\/v2\/posts\/150659\/revisions"}],"wp:featuredmedia":[{"embeddable":true,"href":"https:\/\/www.europesays.com\/fr\/wp-json\/wp\/v2\/media\/150660"}],"wp:attachment":[{"href":"https:\/\/www.europesays.com\/fr\/wp-json\/wp\/v2\/media?parent=150659"}],"wp:term":[{"taxonomy":"category","embeddable":true,"href":"https:\/\/www.europesays.com\/fr\/wp-json\/wp\/v2\/categories?post=150659"},{"taxonomy":"post_tag","embeddable":true,"href":"https:\/\/www.europesays.com\/fr\/wp-json\/wp\/v2\/tags?post=150659"}],"curies":[{"name":"wp","href":"https:\/\/api.w.org\/{rel}","templated":true}]}}