{"id":150661,"date":"2025-06-04T05:26:09","date_gmt":"2025-06-04T05:26:09","guid":{"rendered":"https:\/\/www.europesays.com\/fr\/150661\/"},"modified":"2025-06-04T05:26:09","modified_gmt":"2025-06-04T05:26:09","slug":"malgre-le-teletravail-paris-et-la-defense-continuent-dattirer-les-entreprises","status":"publish","type":"post","link":"https:\/\/www.europesays.com\/fr\/150661\/","title":{"rendered":"malgr\u00e9 le t\u00e9l\u00e9travail, Paris et La D\u00e9fense continuent d&rsquo;attirer les entreprises"},"content":{"rendered":"<p>            Par<br \/>\n        <strong><br \/>\n            <a href=\"https:\/\/actu.fr\/auteur\/joel-nandjui\" title=\"Consulter tous les articles de Joel Nandjui\" rel=\"nofollow noopener\" target=\"_blank\">Joel Nandjui<\/a><br \/>\n        <\/strong><\/p>\n<p>        Publi\u00e9 le<\/p>\n<p>            4 juin 2025 \u00e0 6h54        <\/p>\n<p>Premi\u00e8re r\u00e9gion \u00e9conomique fran\u00e7aise, le <strong><a href=\"https:\/\/actu.fr\/ile-de-france\/paris_75056\/infographie-emploi-chomage-salaire-rebond-de-l-economie-a-paris-malgre-le-covid_47870595.html\" rel=\"nofollow noopener\" target=\"_blank\">dynamisme<\/a> de l\u2019\u00cele-de-France<\/strong> se v\u00e9rifie \u00e0 diff\u00e9rentes \u00e9chelles, notamment au niveau du nombre d\u2019<a href=\"https:\/\/actu.fr\/ile-de-france\/puteaux_92062\/la-defense-la-tour-trinity-est-la-meilleure-tour-de-bureaux-du-monde-d-apres-un-classement_55697089.html\" rel=\"nofollow noopener\" target=\"_blank\"><strong>implantations de bureaux<\/strong><\/a>. La r\u00e9gion francilienne est celle qui attire le plus de projets d\u2019implantation et d\u2019extension de bureaux sur la p\u00e9riode allant de 2022 \u00e0 2024.\u00a0 Ils repr\u00e9sentent 1\u2009098 projets sur les 4\u2009011 recens\u00e9s, soit <strong>27%\u00a0 des implantations en France<\/strong>. Ces chiffres ont \u00e9t\u00e9 r\u00e9v\u00e9l\u00e9s, mardi 3 juin 2025, dans la 3\u1d49 \u00e9dition de Barom\u00e8tre sur les implantations tertiaires de l\u2019ADI en partenariat avec le cabinet EY, l\u2019EPA Eurom\u00e9diterran\u00e9e et La Fran\u00e7aise REM.\u00a0<\/p>\n<p>Le renouveau du quartier d\u2019affaires de la D\u00e9fense<\/p>\n<p class=\" wall-content\">Vou\u00e9 a une mort annonc\u00e9e \u00e0 la suite du Covid et l\u2019essor du <a href=\"https:\/\/actu.fr\/societe\/les-entreprises-serrent-la-vis-sur-le-teletravail-mais-est-il-vraiment-mauvais-pour-la-sante-des-salaries_61880600.html\" rel=\"nofollow noopener\" target=\"_blank\">t\u00e9l\u00e9travail<\/a>, le quartier de la D\u00e9fense conna\u00eet un regain d\u2019int\u00e9r\u00eat pour les professionnels du secteur. En 2022, ils n\u2019\u00e9taient que 7\u2009% \u00e0 le consid\u00e9rer comme <strong>un territoire attractif<\/strong>. Ils sont 41\u2009% en 2025. Un retour en gr\u00e2ce de ce quartier \u00e0 cheval sur les communes de Puteaux, <a href=\"https:\/\/actu.fr\/ile-de-france\/courbevoie_92026\/ca-ne-va-pas-faire-trop-ville-la-plus-sure-de-france-courbevoie-renforce-encore-sa-police-municipale_62565356.html\" rel=\"nofollow noopener\" target=\"_blank\">Courbevoie<\/a> et Nanterre et qui s\u2019explique par le regroupement sur un m\u00eame territoire des crit\u00e8res cl\u00e9s recherch\u00e9s par les entreprises (accessibilit\u00e9 du territoire, co\u00fbt de l\u2019immobilier, qualit\u00e9 du cadre de vie, disponibilit\u00e9 de l\u2019offre immobili\u00e8res).<\/p>\n<p class=\" wall-content\">\u00ab\u2009On observe une v\u00e9ritable inversion des tendances pour le quartier de la D\u00e9fense qui a gagn\u00e9 en attractivit\u00e9 gr\u00e2ce \u00e0 son accessibilit\u00e9, la transformation de son offre et aux am\u00e9nit\u00e9s qu\u2019il propose. Le quartier attire particuli\u00e8rement les entreprises adoptant une strat\u00e9gie opportuniste\u2009\u00bb, pr\u00e9cise Barbara Kiraly, d\u00e9l\u00e9gu\u00e9e g\u00e9n\u00e9rale de l\u2019ADI.<\/p>\n<p>Paris et sa petite couronne : un dynamisme qui se confirme<\/p>\n<p class=\" wall-content\">282 d\u00e9cideurs immobiliers ont \u00e9t\u00e9 interrog\u00e9s entre novembre 2024 et janvier 2025 dans le cadre de l\u2019\u00e9tude de l\u2019ADI. 64\u2009% d\u2019entre eux confirment<strong> le dynamisme de Paris<\/strong> alors qu\u2019ils n\u2019\u00e9taient que 19\u2009% \u00e0 entrevoir une am\u00e9lioration de son attractivit\u00e9 au sortir de la crise du <a href=\"https:\/\/actu.fr\/societe\/coronavirus\/avec-ce-nouveau-variant-le-covid-19-va-t-il-revenir-en-force-voici-ou-en-est-le-virus-en-france_62686400.html\" rel=\"nofollow noopener\" target=\"_blank\">Covid<\/a>. La petite couronne est, elle aussi, pl\u00e9biscit\u00e9e par les acteurs du secteur. Ils sont 38\u2009% contre 25\u2009% apr\u00e8s la crise sanitaire \u00e0 lui porter un int\u00e9r\u00eat. L\u2019\u00e9tude souligne que l\u2019attractivit\u00e9 des trois d\u00e9partements (Hauts-de-Seine, Seine-Saint-Denis et Val-de-Marne) est port\u00e9e par une offre \u00ab<strong>structur\u00e9e\u2009<\/strong>\u00bb, \u00ab\u2009<strong>neuve\u2009<\/strong>\u00bb et \u00ab\u2009<strong>performante<\/strong>\u2009\u00bb qui s\u00e9duit les entreprises.<\/p>\n<p class=\" wall-content\">Si Paris et sa petite couronne restent comp\u00e9titives, c\u2019est moins le cas des d\u00e9partements de la grande couronne. Malgr\u00e9 les promesses du <a href=\"https:\/\/actu.fr\/ile-de-france\/saint-denis_93066\/mort-d-un-ouvrier-sur-un-chantier-du-grand-paris-express-a-saint-denis-la-societe-de-btp-condamnee_62663622.html\" rel=\"nofollow noopener\" target=\"_blank\">Grand Paris express<\/a>, ils ne parviennent pas \u00e0 s\u00e9duire les entreprises.<\/p>\n<p class=\" wall-content\">Suivez toute l\u2019actualit\u00e9 de vos villes et m\u00e9dias favoris en vous inscrivant \u00e0 <a href=\"https:\/\/moncompte.actu.fr\" title=\"D\u00e9couvez Mon Actu\" rel=\"nofollow noopener\" data-trk=\"{&quot;cta&quot;:{&quot;action&quot;:&quot;https:\\\/\\\/moncompte.actu.fr&quot;,&quot;category&quot;:&quot;mon compte&quot;,&quot;from&quot;:&quot;article footer&quot;,&quot;name&quot;:&quot;Mon actu&quot;,&quot;type&quot;:&quot;cta&quot;}}\" target=\"_blank\">Mon Actu<\/a>.<\/p>\n","protected":false},"excerpt":{"rendered":"Par Joel Nandjui Publi\u00e9 le 4 juin 2025 \u00e0 6h54 Premi\u00e8re r\u00e9gion \u00e9conomique fran\u00e7aise, le dynamisme de l\u2019\u00cele-de-France&hellip;\n","protected":false},"author":2,"featured_media":150662,"comment_status":"","ping_status":"","sticky":false,"template":"","format":"standard","meta":{"footnotes":""},"categories":[1888],"tags":[1111,1928,11,1927,33,1777,674,1011,27,1116,1877,12,1926,626,1925,25],"class_list":{"0":"post-150661","1":"post","2":"type-post","3":"status-publish","4":"format-standard","5":"has-post-thumbnail","7":"category-paris","8":"tag-actu","9":"tag-actu-paris","10":"tag-actualites","11":"tag-actualites-paris","12":"tag-economie","13":"tag-eu","14":"tag-europe","15":"tag-fr","16":"tag-france","17":"tag-immobilier","18":"tag-la-defense","19":"tag-news","20":"tag-news-paris","21":"tag-paris","22":"tag-paris-news","23":"tag-republique-francaise"},"share_on_mastodon":{"url":"https:\/\/pubeurope.com\/@fr\/114623439412858818","error":""},"_links":{"self":[{"href":"https:\/\/www.europesays.com\/fr\/wp-json\/wp\/v2\/posts\/150661","targetHints":{"allow":["GET"]}}],"collection":[{"href":"https:\/\/www.europesays.com\/fr\/wp-json\/wp\/v2\/posts"}],"about":[{"href":"https:\/\/www.europesays.com\/fr\/wp-json\/wp\/v2\/types\/post"}],"author":[{"embeddable":true,"href":"https:\/\/www.europesays.com\/fr\/wp-json\/wp\/v2\/users\/2"}],"replies":[{"embeddable":true,"href":"https:\/\/www.europesays.com\/fr\/wp-json\/wp\/v2\/comments?post=150661"}],"version-history":[{"count":0,"href":"https:\/\/www.europesays.com\/fr\/wp-json\/wp\/v2\/posts\/150661\/revisions"}],"wp:featuredmedia":[{"embeddable":true,"href":"https:\/\/www.europesays.com\/fr\/wp-json\/wp\/v2\/media\/150662"}],"wp:attachment":[{"href":"https:\/\/www.europesays.com\/fr\/wp-json\/wp\/v2\/media?parent=150661"}],"wp:term":[{"taxonomy":"category","embeddable":true,"href":"https:\/\/www.europesays.com\/fr\/wp-json\/wp\/v2\/categories?post=150661"},{"taxonomy":"post_tag","embeddable":true,"href":"https:\/\/www.europesays.com\/fr\/wp-json\/wp\/v2\/tags?post=150661"}],"curies":[{"name":"wp","href":"https:\/\/api.w.org\/{rel}","templated":true}]}}