{"id":150694,"date":"2025-06-04T05:46:13","date_gmt":"2025-06-04T05:46:13","guid":{"rendered":"https:\/\/www.europesays.com\/fr\/150694\/"},"modified":"2025-06-04T05:46:13","modified_gmt":"2025-06-04T05:46:13","slug":"ronaldo-et-les-siens-face-a-leur-bete-noire-en-ligue-des-nations","status":"publish","type":"post","link":"https:\/\/www.europesays.com\/fr\/150694\/","title":{"rendered":"Ronaldo et les siens face \u00e0 leur b\u00eate noire en Ligue des nations"},"content":{"rendered":"<p>La premi\u00e8re demi-finale du Final Four de la Ligue des nations opposera l\u2019Allemagne, \u00e0 domicile, au Portugal ce mercredi soir. Cristiano Ronaldo n\u2019a jamais go\u00fbt\u00e9 \u00e0 la victoire face \u00e0 la Mannschaft.<\/p>\n<p class=\"fig-paragraph\">Il d\u00e9tient le record de matches (219) et de buts (136) avec une \u00e9quipe nationale. Malgr\u00e9 une long\u00e9vit\u00e9 unique dans l\u2019histoire du football, Cristiano Ronaldo n\u2019a jamais go\u00fbt\u00e9 \u00e0 une victoire face \u00e0 l\u2019Allemagne. C\u2019est dire si la Mannschaft r\u00e9siste au Portugal depuis tant d\u2019ann\u00e9es, vingt-cinq plus exactement. Depuis un match en phase de groupes \u00e0 l\u2019Euro 2000, et un \u00e9tonnant tripl\u00e9 de Sergio Concei\u00e7\u00e3o (3-0), la Sele\u00e7\u00e3o a empil\u00e9 les contre-performances.<\/p>\n<p class=\"fig-paragraph\">Il y a eu une d\u00e9faite dans le match de la 3e place \u00e0 la Coupe du monde 2006 (3-1), une \u00e9limination en quarts de finale de l\u2019Euro 2008 (3-2), et trois autres revers en phase de poules de l\u2019Euro 2012 (1-0), du Mondial 2014 (4-0)\u00a0<a href=\"http:\/\/www.lefigaro.fr\/sports\/football\/euro\/tops-flops-allemagne-portugal-gosens-en-etat-de-grace-nelson-semedo-a-vecu-un-cauchemar-20210619\" data-fig-type=\"Article\" data-gtm-custom-categorie=\"navigation\" data-gtm-custom-action=\"crossclick\" data-gtm-custom-label=\"Contextuel\" data-gtm-event=\"customEventSPE\" data-fig-domain=\"LEFIGARO\" target=\"_blank\" rel=\"noopener\">et de l\u2019Euro 2020 (4-2)<\/a>. Le Portugal reste donc sur cinq d\u00e9faites face \u00e0 l\u2019Allemagne, et n\u2019a gagn\u00e9 qu\u2019une seule des dix derni\u00e8res confrontations. Une s\u00e9rie noire assez rare pour \u00eatre soulign\u00e9e.<\/p>\n<p>    Luis Figo, Ballon d\u2019Or en 2000, et Oliver Kahn ont jou\u00e9 leur dernier match international lors de la victoire allemande contre le Portugal pour la 3e place de la Coupe du monde 2006.<br \/>\n                Sven Simon \/ Icon Sport<\/p>\n<p class=\"fig-paragraph\">Depuis la premi\u00e8re s\u00e9lection de Ronaldo en ao\u00fbt 2003, la nation aux quatre couronnes mondiales est la seule du top 15 du classement FIFA \u00e0 r\u00e9sister, encore et toujours. Elle n\u2019est pourtant pas dans sa plus glorieuse p\u00e9riode\u00a0: deux \u00e9liminations au premier tour des deux derni\u00e8res Coupes du monde et\u00a0<a href=\"http:\/\/www.lefigaro.fr\/sports\/football\/euro\/espagne-allemagne-dani-olmo-le-heros-espagnol-une-nervosite-trop-presente-les-tops-et-les-flops-de-ce-quart-de-finale-rocambolesque-20240705\" data-fig-type=\"NewsFlash\" data-gtm-custom-categorie=\"navigation\" data-gtm-custom-action=\"crossclick\" data-gtm-custom-label=\"Contextuel\" data-gtm-event=\"customEventSPE\" data-fig-domain=\"LEFIGARO\" target=\"_blank\" rel=\"noopener\">une sortie en quarts du dernier Euro<\/a>, qu\u2019elle disputait \u00e0 domicile. Son public, elle le retrouvera justement pour le Final Four de la Ligue des nations.<\/p>\n<p>Le Portugal sous pression \u00e0 un an du Mondial<\/p>\n<p class=\"fig-paragraph\">C\u2019est \u00e0 Munich, dans cette m\u00eame Allianz Arena qui a vu\u00a0<a href=\"http:\/\/www.lefigaro.fr\/sports\/football\/ligue-des-champions\/ligue-des-champions-le-psg-enfin-sur-le-toit-de-l-europe-ca-valait-le-coup-d-attendre-20250601\" data-fig-type=\"NewsFlash\" data-gtm-custom-categorie=\"navigation\" data-gtm-custom-action=\"crossclick\" data-gtm-custom-label=\"Contextuel\" data-gtm-event=\"customEventSPE\" data-fig-domain=\"LEFIGARO\" target=\"_blank\" rel=\"noopener\">le triomphe du PSG<\/a>\u00a0en finale de Ligue des champions samedi dernier, que l\u2019Allemagne re\u00e7oit le Portugal ce mercredi (21h). \u00abLe Final Four est un moment sp\u00e9cial. L\u2019Allemagne est un adversaire parfait pour se pr\u00e9parer \u00e0 la Coupe du monde\u00bb, a estim\u00e9 le s\u00e9lectionneur portugais Roberto Martinez, 8e homme \u00e0 s\u2019asseoir sur ce banc depuis la derni\u00e8re victoire face \u00e0 la Mannschaft.<\/p>\n<p class=\"fig-paragraph\">Son poste n\u2019est pas menac\u00e9 dans l\u2019imm\u00e9diat. Il devrait encore \u00eatre, lors du Mondial 2026 l\u2019\u00e9t\u00e9 prochain, le commandant \u00e0 bord de ce navire rouge et vert qui tangue. Martinez, comme le vieillissant Ronaldo (40 ans), a laiss\u00e9 des plumes \u00e0 l\u2019Euro l\u2019\u00e9t\u00e9 dernier, conclu par\u00a0<a href=\"http:\/\/www.lefigaro.fr\/sports\/football\/euro\/euro-2024-les-bleus-s-imposent-face-au-portugal-et-rejoignent-les-demi-finales-au-terme-d-une-fin-de-match-irrespirable-20240705\" data-fig-type=\"NewsFlash\" data-gtm-custom-categorie=\"navigation\" data-gtm-custom-action=\"crossclick\" data-gtm-custom-label=\"Contextuel\" data-gtm-event=\"customEventSPE\" data-fig-domain=\"LEFIGARO\" target=\"_blank\" rel=\"noopener\">une pi\u00e8tre performance face aux Bleus<\/a>\u00a0en quarts de finale (0-0, 3-5 aux tirs au but).<\/p>\n<p>Le sc\u00e9nario face \u00e0 l\u2019Italie, une bonne exp\u00e9rience pour l\u2019Allemagne\u00a0?<\/p>\n<p class=\"fig-paragraph\">Le quintuple Ballon d\u2019Or,\u00a0<a href=\"http:\/\/www.lefigaro.fr\/sports\/football\/annonce-floue-mercato-enflamme-rumeurs-credibles-qui-peut-accueillir-cristiano-ronaldo-20250527\" data-fig-type=\"NewsFlash\" data-gtm-custom-categorie=\"navigation\" data-gtm-custom-action=\"crossclick\" data-gtm-custom-label=\"Contextuel\" data-gtm-event=\"customEventSPE\" data-fig-domain=\"LEFIGARO\" target=\"_blank\" rel=\"noopener\">qui s\u2019appr\u00eate \u00e0 quitter l\u2019Arabie saoudite<\/a>\u00a0et Al-Nassr pour un niveau d\u00e9fi encore inconnu, garde sa confiance. M\u00eame si son niveau en quarts de finale de la Ligue des nations face au Danemark (d\u00e9faite 1-0 \u00e0 l\u2019aller, victoire 5-2 apr\u00e8s prolongation au retour) n\u2019est pas de nature \u00e0 rassurer.<\/p>\n<p class=\"fig-paragraph\">\u00abNous avons autant de talent que tous les demi-finalistes\u00bb, a vant\u00e9 Martinez. L\u2019\u00e9tat de forme des Parisiens (Vitinha, Jo\u00e3o Neves, Nuno Mendes et Gon\u00e7alo Ramos) est un point d\u2019interrogation. L\u2019Allemagne arrive au Final Four sans Antonio R\u00fcdiger en d\u00e9fense, ni son cr\u00e9ateur Jamal Musiala, mais\u00a0<a href=\"http:\/\/www.lefigaro.fr\/sports\/football\/ligue-des-nations\/ligue-des-nations-l-allemagne-sans-musiala-ter-stegen-et-wirtz-de-retour-20250522\" data-fig-type=\"NewsFlash\" data-gtm-custom-categorie=\"navigation\" data-gtm-custom-action=\"crossclick\" data-gtm-custom-label=\"Contextuel\" data-gtm-event=\"customEventSPE\" data-fig-domain=\"LEFIGARO\" target=\"_blank\" rel=\"noopener\">avec le magicien Florian Wirtz<\/a>.<\/p>\n<p class=\"fig-paragraph\">Julian Nagelsmann estime que ses troupes ont \u00abfait un plus grand pas\u00bb en\u00a0<a href=\"http:\/\/www.lefigaro.fr\/sports\/football\/ligue-des-nations\/ligue-des-nations-l-allemagne-elimine-l-italie-et-se-qualifie-pour-les-demies-20250323\" data-fig-type=\"NewsFlash\" data-gtm-custom-categorie=\"navigation\" data-gtm-custom-action=\"crossclick\" data-gtm-custom-label=\"Contextuel\" data-gtm-event=\"customEventSPE\" data-fig-domain=\"LEFIGARO\" target=\"_blank\" rel=\"noopener\">r\u00e9sistant \u00e0 la remont\u00e9e de l\u2019Italie en quart retour<\/a>\u00a0(3-0 \u00e0 la mi-temps, 3-3 score final apr\u00e8s une victoire allemande \u00e0 l\u2019aller (1-2)) que \u00absi nous avions gagn\u00e9 3 ou 4-0\u00bb. Une supputation qui demande confirmation.<\/p>\n","protected":false},"excerpt":{"rendered":"La premi\u00e8re demi-finale du Final Four de la Ligue des nations opposera l\u2019Allemagne, \u00e0 domicile, au Portugal ce&hellip;\n","protected":false},"author":2,"featured_media":150695,"comment_status":"","ping_status":"","sticky":false,"template":"","format":"standard","meta":{"footnotes":""},"categories":[1412],"tags":[672,828,525,8976,13282,123,1451,1452,1453,1454,1455,1011,27,3022,23733,955,23734,6996,1980,60,455],"class_list":{"0":"post-150694","1":"post","2":"type-post","3":"status-publish","4":"format-standard","5":"has-post-thumbnail","7":"category-f1","8":"tag-allemagne","9":"tag-belgique","10":"tag-calendrier","11":"tag-classements","12":"tag-cristiano-ronaldo","13":"tag-espagne","14":"tag-f1","15":"tag-formula-1","16":"tag-formula1","17":"tag-formule-1","18":"tag-formule1","19":"tag-fr","20":"tag-france","21":"tag-ligue","22":"tag-ligue-des-nations","23":"tag-match","24":"tag-match-en-direct","25":"tag-portugal","26":"tag-resultats","27":"tag-sports","28":"tag-uefa"},"share_on_mastodon":{"url":"https:\/\/pubeurope.com\/@fr\/114623518009337727","error":""},"_links":{"self":[{"href":"https:\/\/www.europesays.com\/fr\/wp-json\/wp\/v2\/posts\/150694","targetHints":{"allow":["GET"]}}],"collection":[{"href":"https:\/\/www.europesays.com\/fr\/wp-json\/wp\/v2\/posts"}],"about":[{"href":"https:\/\/www.europesays.com\/fr\/wp-json\/wp\/v2\/types\/post"}],"author":[{"embeddable":true,"href":"https:\/\/www.europesays.com\/fr\/wp-json\/wp\/v2\/users\/2"}],"replies":[{"embeddable":true,"href":"https:\/\/www.europesays.com\/fr\/wp-json\/wp\/v2\/comments?post=150694"}],"version-history":[{"count":0,"href":"https:\/\/www.europesays.com\/fr\/wp-json\/wp\/v2\/posts\/150694\/revisions"}],"wp:featuredmedia":[{"embeddable":true,"href":"https:\/\/www.europesays.com\/fr\/wp-json\/wp\/v2\/media\/150695"}],"wp:attachment":[{"href":"https:\/\/www.europesays.com\/fr\/wp-json\/wp\/v2\/media?parent=150694"}],"wp:term":[{"taxonomy":"category","embeddable":true,"href":"https:\/\/www.europesays.com\/fr\/wp-json\/wp\/v2\/categories?post=150694"},{"taxonomy":"post_tag","embeddable":true,"href":"https:\/\/www.europesays.com\/fr\/wp-json\/wp\/v2\/tags?post=150694"}],"curies":[{"name":"wp","href":"https:\/\/api.w.org\/{rel}","templated":true}]}}