{"id":150719,"date":"2025-06-04T06:01:09","date_gmt":"2025-06-04T06:01:09","guid":{"rendered":"https:\/\/www.europesays.com\/fr\/150719\/"},"modified":"2025-06-04T06:01:09","modified_gmt":"2025-06-04T06:01:09","slug":"nouvel-incendie-de-bateau-dans-le-port-un-catamaran-detruit","status":"publish","type":"post","link":"https:\/\/www.europesays.com\/fr\/150719\/","title":{"rendered":"nouvel incendie de bateau dans le port, un catamaran d\u00e9truit"},"content":{"rendered":"<p>D\u00e9j\u00e0 fortement secou\u00e9e par l&rsquo;incendie criminel qui a endommag\u00e9, dans le port de plaisance, dans la nuit du lundi\u00a02 au mardi 3\u00a0mai, cinq bateaux appartenant \u00e0 trois entreprises d&rsquo;excursion en mer, la population r\u00e9sidente et touristique de Calvi s&rsquo;est encore r\u00e9veill\u00e9e avec les flammes destructrices sous les yeux.<\/p>\n<p>C&rsquo;est, cette fois, un catamaran de 23 m\u00e8tres qui a br\u00fbl\u00e9 dans le port. Un feu qui a n\u00e9cessit\u00e9 l&rsquo;intervention d&rsquo;importants moyens des pompiers du centre de secours local.<\/p>\n<p>Le navire d\u00e9truit s&rsquo;appelle le Dolce Vita, il est \u00e9galement utilis\u00e9 pour les excursions en mer. Les dommages collat\u00e9raux ont partiellement d\u00e9truit un autre bateau de la soci\u00e9t\u00e9 Calvi Evasion.<\/p>\n<p>L&rsquo;intervention est toujours en cours, le maire et le sous-pr\u00e9fet sont sur place. Un barrage anti-pollution a \u00e9galement \u00e9t\u00e9 install\u00e9 dans le port de Calvi.<\/p>\n<p>Pour l&rsquo;heure, une enqu\u00eate de voisinage est en cours aupr\u00e8s des \u00e9tablissements du quai Landry.\u00a0<\/p>\n<p>L&rsquo;enqu\u00eate a \u00e9t\u00e9 confi\u00e9e \u00e0 la Direction interd\u00e9partementale de la police nationale.\u00a0<\/p>\n","protected":false},"excerpt":{"rendered":"D\u00e9j\u00e0 fortement secou\u00e9e par l&rsquo;incendie criminel qui a endommag\u00e9, dans le port de plaisance, dans la nuit du&hellip;\n","protected":false},"author":2,"featured_media":150720,"comment_status":"","ping_status":"","sticky":false,"template":"","format":"standard","meta":{"footnotes":""},"categories":[4],"tags":[17,11,1102,5624,1446,28010,274,1011,27,1310,12,10542,5159,25,28011],"class_list":{"0":"post-150719","1":"post","2":"type-post","3":"status-publish","4":"format-standard","5":"has-post-thumbnail","7":"category-france","8":"tag-17","9":"tag-actualites","10":"tag-breakingnews","11":"tag-calvi","12":"tag-dans","13":"tag-dolce","14":"tag-faits-divers-justice","15":"tag-fr","16":"tag-france","17":"tag-incendie","18":"tag-news","19":"tag-nouvel","20":"tag-port","21":"tag-republique-francaise","22":"tag-vita"},"share_on_mastodon":{"url":"https:\/\/pubeurope.com\/@fr\/114623577040922506","error":""},"_links":{"self":[{"href":"https:\/\/www.europesays.com\/fr\/wp-json\/wp\/v2\/posts\/150719","targetHints":{"allow":["GET"]}}],"collection":[{"href":"https:\/\/www.europesays.com\/fr\/wp-json\/wp\/v2\/posts"}],"about":[{"href":"https:\/\/www.europesays.com\/fr\/wp-json\/wp\/v2\/types\/post"}],"author":[{"embeddable":true,"href":"https:\/\/www.europesays.com\/fr\/wp-json\/wp\/v2\/users\/2"}],"replies":[{"embeddable":true,"href":"https:\/\/www.europesays.com\/fr\/wp-json\/wp\/v2\/comments?post=150719"}],"version-history":[{"count":0,"href":"https:\/\/www.europesays.com\/fr\/wp-json\/wp\/v2\/posts\/150719\/revisions"}],"wp:featuredmedia":[{"embeddable":true,"href":"https:\/\/www.europesays.com\/fr\/wp-json\/wp\/v2\/media\/150720"}],"wp:attachment":[{"href":"https:\/\/www.europesays.com\/fr\/wp-json\/wp\/v2\/media?parent=150719"}],"wp:term":[{"taxonomy":"category","embeddable":true,"href":"https:\/\/www.europesays.com\/fr\/wp-json\/wp\/v2\/categories?post=150719"},{"taxonomy":"post_tag","embeddable":true,"href":"https:\/\/www.europesays.com\/fr\/wp-json\/wp\/v2\/tags?post=150719"}],"curies":[{"name":"wp","href":"https:\/\/api.w.org\/{rel}","templated":true}]}}