{"id":150727,"date":"2025-06-04T06:05:10","date_gmt":"2025-06-04T06:05:10","guid":{"rendered":"https:\/\/www.europesays.com\/fr\/150727\/"},"modified":"2025-06-04T06:05:10","modified_gmt":"2025-06-04T06:05:10","slug":"programme-invites-acces-tout-ce-que-vous-devez-savoir-sur-cette-89e-edition","status":"publish","type":"post","link":"https:\/\/www.europesays.com\/fr\/150727\/","title":{"rendered":"programme, invit\u00e9s, acc\u00e8s&#8230; Tout ce que vous devez savoir sur cette 89e \u00e9dition"},"content":{"rendered":"<p>  Quand a lieu la Foire expo de Nancy\u00a0 ?<\/p>\n<p><a href=\"https:\/\/www.estrepublicain.fr\/culture-loisirs\/2025\/05\/17\/bien-dans-son-epoque-la-foire-expo-poursuit-sur-sa-lancee\" target=\"_blank\" rel=\"noopener\">La Foire expo de Nancy<\/a> se tiendra du samedi 7 au dimanche 15 juin au parc des expositions de Vand\u0153uvre.<\/p>\n<p>Combien d&rsquo;exposants \u00a0?<\/p>\n<p>Plus de 425 exposants sont attendus durant les neuf journ\u00e9es de l&rsquo;\u00e9v\u00e8nement sur 22 000 m2 de surface d\u2019exposition r\u00e9partis sur\u00a0six halls et avec toutes les terrasses occup\u00e9es.\u00a0<\/p>\n<p>  Le th\u00e8me et les invit\u00e9s<\/p>\n<p>Cette ann\u00e9e, la Foire expo de Nancy met \u00e0 l&rsquo;honneur les ann\u00e9es 60 avec le th\u00e8me<strong>\u00a0Sixties ann\u00e9es pop<\/strong>. Cette expo \u00e9v\u00e9nement vous propose un voyage dans le temps en plongeant dans l&rsquo;univers color\u00e9 et r\u00e9volutionnaire de cette d\u00e9cennie embl\u00e9matique qui a marqu\u00e9 le XXe si\u00e8cle.<\/p>\n<p>Ann\u00e9es pop, ann\u00e9es choc\u00a0!\u00a0\u00c0 travers une sc\u00e9nographie color\u00e9e et originale, sign\u00e9e Gaillard d\u00e9cors et automates, d\u00e9couvrez objets du quotidien, pi\u00e8ces rares et documents insolites \u00e9voquant la musique, la politique, les m\u00e9dias, les loisirs, le design, la mode ou encore la litt\u00e9rature.<\/p>\n<p data-start=\"76\" data-end=\"384\">Les visiteurs pourront s\u2019immerger dans un studio d\u2019enregistrement, un plateau de radio fid\u00e8lement reconstitu\u00e9, une boutique de pr\u00eat-\u00e0-porter, mais aussi une cuisine en formica, une salle de classe, un garage ou encore un salon d\u2019\u00e9poque avec sa t\u00e9l\u00e9vision vintage.<\/p>\n<p>Concert d&rsquo;ouverture<\/p>\n<p><strong>Jean-Baptiste Guegan<\/strong><\/p>\n<p>Les invit\u00e9s<\/p>\n<p><strong> Yanns, Chris Marques, Magali Ripoll et Laetitia Milot.<\/strong><\/p>\n<p>  <strong>Horaires<\/strong><\/p>\n<p>Les halls seront ouverts de 10\u00a0h \u00e0 20\u00a0h, 22\u00a0h pour les restaurants.<\/p>\n<p>Trois nocturnes sont pr\u00e9vues le samedi 7, vendredi 13 et samedi 14\u00a0juin avec une fermeture des halls \u00e0 21\u00a0h, minuit pour la restauration.<\/p>\n<p><strong>Tarifs entr\u00e9e Foire<br \/><\/strong><\/p>\n<p><strong>Le Pass Foire\u00a0: 9 \u20ac<\/strong><\/p>\n<p>Il donne acc\u00e8s \u00e0 la Foire tous les jours pour une personne.<\/p>\n<p><strong>Sur place, 6\u00a0\u20ac<\/strong><\/p>\n<p><strong><a href=\"https:\/\/ticketevent.fr\/fen25\/public-1\" target=\"_blank\" rel=\"noopener\">En ligne,<\/a> 5\u00a0\u20ac<\/strong><\/p>\n<p><strong>Afterwork \u00a0:<\/strong><\/p>\n<p>Entr\u00e9e offerte \u00e0 partir de 18\u00a0h\u00a030 (19\u00a0h\u00a030 les jours de nocturnes).<\/p>\n<p><strong>Tarif r\u00e9duit \u00a0: 3\u00a0\u20ac<\/strong><\/p>\n<p>Pour les accompagnants de personnes en situation de handicap et pour les demandeurs d\u2019emploi.<\/p>\n<p><strong>Tarif r\u00e9duit \u00a0: 4 \u20ac<\/strong><\/p>\n<p>Pour les personnes qui empruntent le R\u00e9seau Stan sur pr\u00e9sentation de leur titre de transport, qui viennent en v\u00e9lo ou qui poss\u00e8dent une carte CE.<\/p>\n<p><strong>Gratuit<\/strong><\/p>\n<p>Pour les personnes en situation de handicap, les mineurs et les \u00e9tudiants.<\/p>\n<p><strong>Tarifs journ\u00e9es th\u00e9matiques<\/strong><\/p>\n<p><strong>Mardi 10 juin :<\/strong> entr\u00e9e offerte aux seniors (+ 65 ans)<\/p>\n<p><strong>Mercredi 11 juin :<\/strong> journ\u00e9e d\u00e9couverte &#8211; entr\u00e9e \u00e0 1 \u20ac<\/p>\n<p><strong>Jeudi 12 juin :\u00a0<\/strong> entr\u00e9e offerte aux seniors (+ 65 ans)<\/p>\n<p><strong>Vendredi 13 juin :<\/strong> journ\u00e9e chance &#8211; entr\u00e9e \u00e0 2 \u20ac<\/p>\n<p><strong>Dimanche 15 juin :<\/strong> Journ\u00e9e des familles &#8211; Pass Famille (2 adultes + 2 enfants) \u00e0 8 \u20ac<\/p>\n<p><strong>Tarifs parking<br \/><\/strong><\/p>\n<p><strong>Voitures et motos :<\/strong> 2 \u20ac<\/p>\n<p>Gratuit pour les personnes en situation de handicap.<\/p>\n<p>Tarif spectacles<\/p>\n<p><strong>Concert d&rsquo;ouverture samedi 7 juin \u00e0 20 h30 \u00a0:<\/strong> 39 \u20ac (placement libre assis).<\/p>\n<p>Spectacle stand up dimanche 8 juin \u00e0 20 h\u00a0 : 12 \u20ac (placement libre assis).<\/p>\n<p>Pour l\u2019achat d\u2019une place de concert,\u00a0Destination Nancy vous offre votre entr\u00e9e pour la Foire Expo le samedi 7 juin \u00e0 partir de 10 h et pour l&rsquo;achat d&rsquo;une place de spectacle, Destination Nancy vous offre votre entr\u00e9e pour la Foire Expo le dimanche 8 juin \u00e0 partir de 10 h<\/p>\n<p>  Comment s&rsquo;y rendre, o\u00f9 se garer et se rep\u00e9rer ?<\/p>\n<p><strong>En voiture \u00a0: <a href=\"https:\/\/www.google.fr\/maps\/place\/Parc+Expo+Nancy\/@48.663257,6.18842,17z\/data=!3m1!4b1!4m5!3m4!1s0x479498f161124983:0x69b177be40a73497!8m2!3d48.663257!4d6.190614?shorturl=1\" target=\"_blank\" rel=\"noopener\">calculer votre itin\u00e9raire<\/a><br \/><\/strong><\/p>\n<p style=\"text-align: left;\">Depuis Metz, suivre l\u2019A31 direction Nancy-Brabois. \u00c0 Vand\u0153uvre-l\u00e8s-Nancy, prendre l\u2019A33 en direction de la D570, puis Prendre la Sortie 1 Vand\u0153uvre Centre\/Parc des Expositions et continuer sur la D570 et suivre les panneaux Parc des Expo.<\/p>\n<p style=\"text-align: left;\">Depuis \u00c9pinal, suivre la N57 en direction de Vand\u0153uvre-l\u00e8s-Nancy, prendre la Sortie 1 Vand\u0153uvre Centre\/Parc des Expositions, continuer sur la D570 et suivre les panneaux Parc des Expo.<\/p>\n<p><strong>En bus : <a href=\"https:\/\/www.reseau-stan.com\/\" target=\"_blank\" rel=\"noopener\">consulter les horaires de bus<\/a><br \/><\/strong><\/p>\n<p class=\"elementor-widget-container note\">Les transports en commun sont gratuits tous les week-ends. Plus d\u2019infos sur <a href=\"http:\/\/www.reseau-stan.com\" target=\"_blank\" rel=\"noopener\">www.reseau-stan.com<\/a> &#8211; Renseignements Allo Stan : 03 83 30 08 08<\/p>\n<p>Ce contenu est bloqu\u00e9 car vous n&rsquo;avez pas accept\u00e9 les cookies et autres traceurs.<\/p>\n<p>En cliquant sur \u00ab J\u2019accepte \u00bb, les cookies et autres traceurs seront d\u00e9pos\u00e9s et vous pourrez visualiser les contenus  (<a href=\"\" class=\"consentModule_policy\" target=\"_blank\" title=\"Consulter la politique de protection des donn\u00e9es du fournisseur\">plus d&rsquo;informations<\/a>).<\/p>\n<p>En cliquant sur \u00ab J\u2019accepte tous les cookies \u00bb, vous autorisez des d\u00e9p\u00f4ts de cookies et autres traceurs pour le stockage de vos donn\u00e9es sur nos sites et applications \u00e0 des fins de personnalisation et de ciblage publicitaire.<\/p>\n<p class=\"consentModule_secondaryText\">Vous gardez la possibilit\u00e9 de retirer votre consentement \u00e0 tout moment en consultant notre <a href=\"https:\/\/www.estrepublicain.fr\/protection-des-donnees\" target=\"_blank\" title=\"Consulter notre politique de protection des donn\u00e9es\" rel=\"noopener\">politique de protection des donn\u00e9es<\/a>. <br \/>&#13;<br \/>\n            <a href=\"https:\/\/www.estrepublicain.fr\/culture-loisirs\/2025\/06\/04\/javascript:Didomi.notice.show()\" class=\"consentModule_cmp\" target=\"_blank\" rel=\"noopener\">G\u00e9rer mes choix<\/a>&#13;\n        <\/p>\n<p>&#13;<br \/>\n                        J&rsquo;accepte&#13;<br \/>\n            J&rsquo;accepte tous les cookies&#13;\n        <\/p>\n<p class=\"insetTitle\">L&rsquo;univers des hall d&rsquo;exposition<\/p>\n<p>            <strong>Hall A\u00a0\u00a0: maison &amp; mobilit\u00e9 et espace civique<\/strong><\/p>\n<p>Ameublement d\u00e9coration, am\u00e9nagement, r\u00e9novation de l\u2019habitat, cuisines et bains, installations ext\u00e9rieures et jardin&#8230;<\/p>\n<p>\u00ab\u00a0Profitez d\u2019une offre compl\u00e8te pour votre maison et rencontrez les repr\u00e9sentants des services de d\u00e9fense et de s\u00e9curit\u00e9 et de secours de notre r\u00e9gion.\u00a0\u00bb<\/p>\n<p><strong>Hall B\u00a0\u00a0: les d\u00e9couvertes<\/strong><\/p>\n<p>Passion Grand-Est, quartier des d\u00e9monstrateurs, p\u00f4le Italie, gastronomie, village de l\u2019Artisanat&#8230;<\/p>\n<p>\u00ab Venez \u00e0 la rencontre des institutionnels et des grands m\u00e9dias. D\u00e9couvrez les produits malins con\u00e7us pour faciliter votre quotidien. Savourez les produits Made in Italy et d\u00e9gustez des sp\u00e9cialit\u00e9s du terroir, ainsi que des vins et spiritueux.\u00a0\u00bb<\/p>\n<p><strong>Hall C\u00a0\u00a0: voyage et bien-\u00eatre<\/strong><\/p>\n<p>Une expo \u00e9v\u00e9nement de pr\u00e8s de 1 200 m2 vous propose \u00ab\u00a0 un voyage dans le temps, \u00e0 la d\u00e9couverte d&rsquo;une d\u00e9cennie qui a profond\u00e9ment marqu\u00e9 le 20e si\u00e8cle.\u00a0\u00bb<\/p>\n<p>Mode, Sant\u00e9, Bien-\u00eatre &amp; Artisans du monde&#8230; \u00ab D\u00e9couvrez aussi une gamme de produits d\u00e9di\u00e9e \u00e0 la relaxation et la beaut\u00e9 ainsi que les cr\u00e9ations uniques des artisans du monde.\u00a0\u00bb<\/p>\n<p><strong>Hall D \u00a0: place au divertissement<br \/><\/strong><\/p>\n<p>Jeux, activit\u00e9s et \u00e9v\u00e9nements \u00e9ph\u00e9m\u00e8res. <br \/>Vous y trouverez aussi des jeux de soci\u00e9t\u00e9 avec la caverne du Gobelin.<\/p>\n<p><strong>Hall E \u00a0: place des festivit\u00e9s<br \/><\/strong><\/p>\n<p>Spectacles et concerts<\/p>\n<p><strong>Hall G \u00a0: \u00e9v\u00e9nement \u00e9ph\u00e9m\u00e8res<br \/><\/strong><\/p>\n<p>Festival Vintage, rock et US Car &#8211; Route 66 du samedi 7 au lundi 9 juin.<\/p>\n<p>Le Village des Sports by Intersport samedi 14 et dimanche 15 juin.<\/p>\n<p>  Samedi 7 juin<\/p>\n<p>\u2022 Animations permanentes<\/p>\n<p>\u2022 Expo \u00e9v\u00e8nement \u00ab Sixties Ann\u00e9es pop\u00a0\u00bb (hall C)<\/p>\n<p>\u2022 <strong>Vladimir Spoutnik<\/strong> (pour les enfants &#8211; expo \u00e9v\u00e8nement, hall C) \u00a0: Vladimir Spoutnik s\u2019installe avec sa caravane et son chien au c\u0153ur de l\u2019exposition \u00e9v\u00e8nement pour vous ambiancer sur les sons des ann\u00e9es pop !<\/p>\n<p>\u2022 Les Jeux du Stan s\u2019invitent \u00e0 la Foire (pour les enfants, hall D)<\/p>\n<p>\u2022 Festival Route 66 &#8211; Vintage, rock et Us car (hall G)\u00a0 &#8211; <a href=\"https:\/\/www.facebook.com\/events\/1019403832993185\/?acontext=%7B%22event_action_history%22%3A[%7B%22mechanism%22%3A%22attachment%22%2C%22surface%22%3A%22newsfeed%22%7D]%2C%22ref_notif_type%22%3Anull%7D\" target=\"_blank\" rel=\"noopener\">programme complet<\/a><\/p>\n<p>\u00a0<\/p>\n<p>10 h &#8211; 18 h\u00a0: initiation au cerf-volant en partenariat avec le Festival \u00ab\u00a0Les \u00e9oliennes \u00e0 Tomblaine\u00a0\u00bb (pour les enfants).<\/p>\n<p>11 h\u00a0: inauguration de la Foire Expo de Nancy 2025 (entr\u00e9e de foire)<\/p>\n<p>14 h\u00a0: spectacle \u00e9questre du M\u00e9nil Saint Michel (terrasse 7)<\/p>\n<p><strong>14 h &#8211; 17 h 30\u00a0: \u00e9lection de Miss Meurthe-et-Moselle (sc\u00e8ne ext\u00e9rieure)<\/strong><\/p>\n<p>14 h 30 &#8211; 18 h\u00a0: Batucada de Tomblaine (en d\u00e9ambulation)<\/p>\n<p>14 h 30 &#8211; 18 h 30\u00a0: ateliers by McDonald\u2019s (pour les enfants, entr\u00e9e de foire) \u00a0<\/p>\n<p>15 h : danse country avec Lucky Country Club (hall G)<\/p>\n<p>16 h 30\u00a0: spectacle \u00e9questre du M\u00e9nil Saint Michel (terrasse 7)<\/p>\n<p>19 h\u00a0: aperobic avec <strong>Vladimir Spoutnik<\/strong> (sc\u00e8ne ext\u00e9rieure)<\/p>\n<p>20 h 30\u00a0: <a href=\"https:\/\/www.estrepublicain.fr\/culture-loisirs\/2025\/05\/23\/jean-baptiste-guegan-tout-n-est-pas-de-la-faute-des-autres\" target=\"_blank\" rel=\"noopener\">concert de <strong>Jean-Baptiste Guegan<\/strong><\/a> (Hall E)<\/p>\n<p>22 h\u00a0: Tambours du Bronx \u2013 Metropolis (en d\u00e9ambulation)<\/p>\n<p>22 h 30\u00a0: spectacle lumineux et en mouvement de 300 drones en partenariat avec McDonald\u2019s\u2122 et Magic Drone (terrasses). Selon les conditions m\u00e9t\u00e9orologiques, le spectacle peut \u00eatre d\u00e9cal\u00e9, voire report\u00e9.<\/p>\n<p>            Dimanche 8 juin<\/p>\n<p>\u2022 Animations permanentes<\/p>\n<p>\u2022 Expo \u00e9v\u00e8nement \u00ab Sixties Ann\u00e9es pop\u00a0\u00bb (hall C)<\/p>\n<p>\u2022 <strong>Vladimir Spoutnik<\/strong> (pour les enfants &#8211; expo \u00e9v\u00e8nement, hall C) \u00a0: Vladimir Spoutnik s\u2019installe avec sa caravane et son chien au c\u0153ur de l\u2019exposition \u00e9v\u00e8nement pour vous ambiancer sur les sons des ann\u00e9es pop !<\/p>\n<p>\u2022 Les Jeux du Stan s\u2019invitent \u00e0 la Foire (pour les enfants, hall D)<\/p>\n<p>\u2022 Festival Route 66 &#8211; Vintage, rock et Us car (hall G)\u00a0 &#8211; <a href=\"https:\/\/www.facebook.com\/events\/1019403832993185\/?acontext=%7B%22event_action_history%22%3A[%7B%22mechanism%22%3A%22attachment%22%2C%22surface%22%3A%22newsfeed%22%7D]%2C%22ref_notif_type%22%3Anull%7D\" target=\"_blank\" rel=\"noopener\">programme complet<\/a><\/p>\n<p>\u00a0<\/p>\n<p class=\"xsm-p emxed-markup\">10 h \u2013 12 h 30 : concours Cook Academy &#8211; Acad\u00e9mie Gourmande des Chaircuitiers (chapiteau ICI Sud Lorraine)<\/p>\n<p class=\"xsm-p\">12 h &#8211; 13 h : sc\u00e8ne jeunes talents &#8211; <strong>Emma Jaillet<\/strong> (sc\u00e8ne ext\u00e9rieure)<\/p>\n<p class=\"xsm-p\">13 h 30 &#8211; 15 h 30 : danse hip hop avec K&amp;Move (sc\u00e8ne ext\u00e9rieure)<\/p>\n<p class=\"xsm-p\">14 h : spectacle \u00e9questre du M\u00e9nil Saint Michel (Terrasse 7)<\/p>\n<p class=\"xsm-p\">14 h 30 &#8211; 18 h 30 : ateliers by McDonald\u2019s\u2122 (pour les enfants, entr\u00e9e de Foire)<\/p>\n<p class=\"xsm-p\">14 h 00 &#8211; 18 h : Funky Mannalas (en d\u00e9ambulation)<\/p>\n<p class=\"xsm-p\">15 h 45 &#8211; 17 h : d\u00e9fil\u00e9 de mode africaine (sc\u00e8ne ext\u00e9rieure)<\/p>\n<p class=\"xsm-p\">16 h 30 : spectacle \u00e9questre du M\u00e9nil Saint Michel (terrasse 7)<\/p>\n<p class=\"xsm-p\">17 h : d\u00e9gustation d\u2019un p\u00e2t\u00e9 en cro\u00fbte \u00e0 la bi\u00e8re brune de 54 m\u00e8tres &#8211; Acad\u00e9mie Gourmande des Chaircuitiers (chapiteau ICI Sud Lorraine)<\/p>\n<p class=\"xsm-p\">17 h 30 &#8211; 18 h 30 : rencontre &amp; s\u00e9ance de d\u00e9dicaces avec <strong>Yanns<\/strong> (sc\u00e8ne ext\u00e9rieure)<\/p>\n<p class=\"xsm-p\">18 h 30 : Nancy Foire OFF Live \u2013 Way of five (sc\u00e8ne ext\u00e9rieure)<\/p>\n<p class=\"xsm-p\">20 h : <strong>plateau d\u2019humour <\/strong>&#8211; Stand Up (Hall E)<\/p>\n<p>  Lundi 9 juin<\/p>\n<p>\u2022 Animations permanentes<\/p>\n<p>\u2022 Expo \u00e9v\u00e8nement \u00ab Sixties Ann\u00e9es pop\u00a0\u00bb (hall C)<\/p>\n<p>\u2022 <strong>Vladimir Spoutnik<\/strong> (pour les enfants &#8211; expo \u00e9v\u00e8nement, hall C) \u00a0: Vladimir Spoutnik s\u2019installe avec sa caravane et son chien au c\u0153ur de l\u2019exposition \u00e9v\u00e8nement pour vous ambiancer sur les sons des ann\u00e9es pop !<\/p>\n<p>\u2022 Les Jeux du Stan s\u2019invitent \u00e0 la Foire (pour les enfants, hall D)<\/p>\n<p>\u2022 Festival Route 66 &#8211; Vintage, rock et Us car (hall G)\u00a0 &#8211; <a href=\"https:\/\/www.facebook.com\/events\/1019403832993185\/?acontext=%7B%22event_action_history%22%3A[%7B%22mechanism%22%3A%22attachment%22%2C%22surface%22%3A%22newsfeed%22%7D]%2C%22ref_notif_type%22%3Anull%7D\" target=\"_blank\" rel=\"noopener\">programme complet<\/a><\/p>\n<p>\u00a0<\/p>\n<p class=\"xsm-p\">10 h &#8211; 12 h 30 : atelier m\u00e9nage \u00e9colo avec Unpeuplusgreen (chapiteau ICI Sud Lorraine)<\/p>\n<p class=\"xsm-p\">11 h 30 &#8211; 12 h 30\u00a0: concert <strong>Christel Kern<\/strong> (sc\u00e8ne ext\u00e9rieure)<\/p>\n<p class=\"xsm-p\">13 h &#8211; 14 h\u00a0: danse de salon avec Bien \u00catre et Danse (sc\u00e8ne ext\u00e9rieure)<\/p>\n<p class=\"xsm-p\">14 h\u00a0: spectacle \u00e9questre du M\u00e9nil Saint-Michel (terrasse 7)<\/p>\n<p class=\"xsm-p\">14 h\u00a0: danses latines avec Movimiento (sc\u00e8ne ext\u00e9rieure)<\/p>\n<p class=\"xsm-p\">14 h &#8211; 18 h\u00a0: Funky Mannalas (en d\u00e9ambulation)<\/p>\n<p class=\"xsm-p\">14 h 30 &#8211; 17 h\u00a0: d\u00e9monstrations de danse, rencontre et s\u00e9ance de d\u00e9dicaces avec <strong>Chris Marques<\/strong> (pour les enfants, sc\u00e8ne ext\u00e9rieure)<\/p>\n<p class=\"xsm-p\">16 h 30\u00a0: spectacle \u00e9questre du M\u00e9nil Saint-Michel (terrasse 7)<\/p>\n<p class=\"xsm-p\">18 h 30\u00a0: Nancy Foire Off Live &#8211; Antoine HLT (sc\u00e8ne ext\u00e9rieure)<\/p>\n<p class=\"xsm-p\">20 h : concert <strong>Air\u2019Manos<\/strong> (sc\u00e8ne ext\u00e9rieure)<\/p>\n<p>            Mardi 10 juin<\/p>\n<p>\u2022 Animations permanentes<\/p>\n<p>\u2022 Expo \u00e9v\u00e8nement \u00ab Sixties Ann\u00e9es pop\u00a0\u00bb (hall C)<\/p>\n<p>\u2022 <strong>Vladimir Spoutnik<\/strong> (pour les enfants &#8211; expo \u00e9v\u00e8nement, hall C)<\/p>\n<p>\u2022 Initiation &amp; D\u00e9mo de Scrabble<\/p>\n<p>\u00a0<\/p>\n<p class=\"xsm-p\">10 h &#8211; 17 h\u00a0: les Caf\u00e9s Business (chapiteau ICI Sud Lorraine)<\/p>\n<p class=\"xsm-p\">15 h &#8211; 19 h\u00a0: <strong>casting The Voice et The Voice Kids<\/strong> \u2013 Direct FM (sc\u00e8ne ext\u00e9rieure)<\/p>\n<p class=\"xsm-p\">18 h 30\u00a0: d\u00e9monstration de cuisine par les Ma\u00eetres Restaurateurs (chapiteau ICI Sud Lorraine)<\/p>\n<p class=\"xsm-p\">19 h\u00a0: <strong>concert Jeunes Talents The Voice Kids<\/strong> (Sc\u00e8ne ext\u00e9rieure)<\/p>\n<p>  Mercredi 11 juin<\/p>\n<p>\u2022 Animations permanentes<\/p>\n<p>\u2022 Expo \u00e9v\u00e8nement \u00ab Sixties Ann\u00e9es pop\u00a0\u00bb (hall C)<\/p>\n<p>\u2022 <strong>Vladimir Spoutnik<\/strong> (pour les enfants &#8211; expo \u00e9v\u00e8nement, hall C) \u00a0: Vladimir Spoutnik s\u2019installe avec sa caravane et son chien au c\u0153ur de l\u2019exposition \u00e9v\u00e8nement pour vous ambiancer sur les sons des ann\u00e9es pop !<\/p>\n<p>\u00a0<\/p>\n<p class=\"xsm-p\">10 h &#8211; 12 h : initiation au Tarot (hall D)<\/p>\n<p class=\"xsm-p\">11 h 30 &#8211; 12 h 30 : atelier \u00ab Th\u00e9\u00e2tre de la voix \u00bb (pour les enfants, sc\u00e8ne ext\u00e9rieure)<\/p>\n<p class=\"xsm-p\">13 h &#8211; 17 h\u00a0: destination Alternance avec la Maison de l\u2019Emploi (hall E)<\/p>\n<p class=\"xsm-p\">13 h &#8211; 18 h : tournoi de Tarot (hall D)<\/p>\n<p class=\"xsm-p\">14 h 30 &#8211; 18 h 30 : ateliers by McDonald\u2019s\u2122 (pour les enfants, entr\u00e9e de Foire)<\/p>\n<p class=\"xsm-p\">15 h &#8211; 16 h\u00a0: showcase Ludivine (sc\u00e8ne ext\u00e9rieure)<\/p>\n<p class=\"xsm-p\">17 h\u00a0: initiation danse Country avec Country Station (sc\u00e8ne ext\u00e9rieure)<\/p>\n<p class=\"xsm-p\">18 h 30\u00a0: d\u00e9monstration de cuisine par les Ma\u00eetres Restaurateurs (chapiteau ICI Sud Lorraine)<\/p>\n<p class=\"xsm-p\">18 h 30 &#8211; 21 h 30\u00a0: <strong>karaok\u00e9 G\u00e9ant<\/strong> avec ICI Sud Lorraine (sc\u00e8ne ext\u00e9rieure)<\/p>\n<p>            Jeudi 12 juin<\/p>\n<p>\u2022 Animations permanentes<\/p>\n<p>\u2022 Expo \u00e9v\u00e8nement \u00ab Sixties Ann\u00e9es pop\u00a0\u00bb (hall C)<\/p>\n<p>\u2022 <strong>Vladimir Spoutnik<\/strong> (pour les enfants &#8211; expo \u00e9v\u00e8nement, hall C) \u00a0: Vladimir Spoutnik s\u2019installe avec sa caravane et son chien au c\u0153ur de l\u2019exposition \u00e9v\u00e8nement pour vous ambiancer sur les sons des ann\u00e9es pop !<\/p>\n<p>\u2022 Initiation &amp; D\u00e9mo de Scrabble<\/p>\n<p>\u00a0<\/p>\n<p class=\"xsm-p\">11 h &#8211; 12 h : th\u00e9-dansant (sc\u00e8ne ext\u00e9rieure)<\/p>\n<p class=\"xsm-p\">14 h &#8211; 16 h\u00a0: th\u00e9-dansant (sc\u00e8ne ext\u00e9rieure)<\/p>\n<p class=\"xsm-p\">15 h\u00a0: concours du meilleur p\u00e2t\u00e9 Lorrain (terrasse 1 &#8211; f\u00e9d\u00e9ration des Artisans Boulangers P\u00e2tissiers)<\/p>\n<p class=\"xsm-p\">17 h 30\u00a0: chorale Ch\u0153ur de Rock avec Tempo Tomblaine (sc\u00e8ne ext\u00e9rieure)<\/p>\n<p class=\"xsm-p\">18 h 30\u00a0: d\u00e9monstration de cuisine par les Ma\u00eetres Restaurateurs (chapiteau ICI Sud Lorraine)<\/p>\n<p class=\"xsm-p\">20 h &#8211; 22 h\u00a0: concert, blind test et chorale live avec <strong>Magali Ripoll<\/strong> (sc\u00e8ne ext\u00e9rieure)<\/p>\n<p>  Vendredi 13 juin<\/p>\n<p>\u2022 Animations permanentes<\/p>\n<p>\u2022 Expo \u00e9v\u00e8nement \u00ab Sixties Ann\u00e9es pop\u00a0\u00bb (hall C)<\/p>\n<p>\u2022 <strong>Vladimir Spoutnik<\/strong> (pour les enfants &#8211; expo \u00e9v\u00e8nement, hall C) \u00a0: Vladimir Spoutnik s\u2019installe avec sa caravane et son chien au c\u0153ur de l\u2019exposition \u00e9v\u00e8nement pour vous ambiancer sur les sons des ann\u00e9es pop !<\/p>\n<p>\u00a0<\/p>\n<p>11 h 30 &#8211; 12 h 30\u00a0: sc\u00e8ne Jeunes Talents &#8211; <strong>Ludovic<\/strong> (sc\u00e8ne ext\u00e9rieure)<\/p>\n<p>15 h\u00a0: concours de la meilleure baguette de tradition fran\u00e7aise (terrasse 1 &#8211; f\u00e9d\u00e9ration des Artisans Boulangers P\u00e2tissiers)<\/p>\n<p>15 h &#8211; 16 h\u00a0: sc\u00e8ne Jeunes Talents \u2013 <strong>Rotsy<\/strong> (sc\u00e8ne ext\u00e9rieure)<\/p>\n<p>16 h &#8211; 20 h\u00a0: casino (chapiteau ICI Sud Lorraine)<\/p>\n<p>17 h : animation quiz et tombola avec des cadeaux \u00e0 gagner (sc\u00e8ne ext\u00e9rieure)<\/p>\n<p>18 h 30 : Nancy Foire Off Live \u2013 <strong>Kawthar Meziti Trio<\/strong> (sc\u00e8ne ext\u00e9rieure)<\/p>\n<p>20 h 30 : <strong>cabaret Iloa<\/strong> &#8211; show Atypique (hall E)<\/p>\n<p>            Samedi 14 juin<\/p>\n<p>\u2022 Animations permanentes<\/p>\n<p>\u2022 Expo \u00e9v\u00e8nement \u00ab Sixties Ann\u00e9es pop\u00a0\u00bb (hall C)<\/p>\n<p>\u2022<strong> Vladimir Spoutnik<\/strong> (pour les enfants &#8211; expo \u00e9v\u00e8nement, hall C) \u00a0: Vladimir Spoutnik s\u2019installe avec sa caravane et son chien au c\u0153ur de l\u2019exposition \u00e9v\u00e8nement pour vous ambiancer sur les sons des ann\u00e9es pop !<\/p>\n<p>\u2022 Foire aux plantes by Mr. Bricolage Nancy (hall D)<\/p>\n<p>\u2022 le village des sports by Intersports (hall G)<\/p>\n<p>\u2022 La foire aux cultures urbaines (terrasse 10)<\/p>\n<p>\u00a0<\/p>\n<p class=\"xsm-p\">11 h 30 &#8211; 12 h 30\u00a0: sc\u00e8ne Jeunes Talents &#8211; <strong>Elise Kocer<\/strong> (sc\u00e8ne ext\u00e9rieure)<\/p>\n<p class=\"xsm-p\">14 h\u00a0: spectacle \u00e9questre du M\u00e9nil Saint-Michel (terrasse 7)<\/p>\n<p class=\"xsm-p\">14 h &#8211; 18 h\u00a0: Batucada del Sol (en d\u00e9ambulation)<\/p>\n<p class=\"xsm-p\">14 h 30 &#8211; 16 h 30\u00a0: rencontre et s\u00e9ance de d\u00e9dicaces avec Laetitia Milot (sc\u00e8ne ext\u00e9rieure)<\/p>\n<p class=\"xsm-p\">14 h 30 &#8211; 18 h 30 : ateliers by McDonald\u2019s\u2122 (pour les enfants, entr\u00e9e de Foire)<\/p>\n<p class=\"xsm-p\">15 h\u00a0: concours de la meilleure Quiche Lorraine et Tarte au fromage blanc (terrasse 1 &#8211; f\u00e9d\u00e9ration des Artisans Boulangers P\u00e2tissiers)<\/p>\n<p class=\"xsm-p\">16 h 30\u00a0: spectacle \u00e9questre du M\u00e9nil Saint-Michel (terrasse 7)<\/p>\n<p class=\"xsm-p\">17 h &#8211; 18 h\u00a0: Kizomba avec Kiz\u2019N You (sc\u00e8ne ext\u00e9rieure)<\/p>\n<p class=\"xsm-p\">18 h 30\u00a0: Nancy Foire Off Live &#8211; <strong>Amigos Rumba<\/strong> (sc\u00e8ne ext\u00e9rieure)<\/p>\n<p class=\"xsm-p\">19 h &#8211; 20 h 30 : show coiffure pr\u00e9sent\u00e9 par <strong>Damien P.<\/strong> (hall E)<\/p>\n<p class=\"xsm-p\">20 h &#8211; 21 h : blind Test by Le Palais (sc\u00e8ne ext\u00e9rieure)<\/p>\n<p class=\"xsm-p\">21 h\u00a0: soir\u00e9e G\u00e9n\u00e9ration 90-2000 avec <strong>DJ Mast<\/strong> (sc\u00e8ne ext\u00e9rieure ou Hall E)<\/p>\n<p class=\"xsm-p\">22 h 30 : spectacle lumineux et en mouvement de 300 drones en partenariat avec McDonald\u2019s\u2122 et Magic Drone (terrasses). Selon les conditions m\u00e9t\u00e9orologiques, le spectacle peut \u00eatre d\u00e9cal\u00e9, voire report\u00e9.<\/p>\n<p>  Dimanche 15 juin<\/p>\n<p>\u2022 Animations permanentes<\/p>\n<p>\u2022 Expo \u00e9v\u00e8nement \u00ab Sixties Ann\u00e9es pop\u00a0\u00bb (hall C)<\/p>\n<p>\u2022 <strong>Vladimir Spoutnik<\/strong> (pour les enfants &#8211; expo \u00e9v\u00e8nement, hall C) \u00a0: Vladimir Spoutnik s\u2019installe avec sa caravane et son chien au c\u0153ur de l\u2019exposition \u00e9v\u00e8nement pour vous ambiancer sur les sons des ann\u00e9es pop !<\/p>\n<p>\u2022 Foire aux plantes by Mr. Bricolage Nancy (hall D)<\/p>\n<p>\u2022 le village des sports by Intersports (hall G)<\/p>\n<p>\u2022 La foire aux cultures urbaines (terrasse 10)<\/p>\n<p>\u2022 Salon Harmony, des m\u00e9tiers qui ont du chien (entr\u00e9e de foire)<\/p>\n<p>\u00a0<\/p>\n<p class=\"xsm-p emxed-markup\">10 h 30 : d\u00e9part \u00ab Les Foul\u00e9es de la Foire \u00bb (parc de l\u2019Embanie, Heillecourt)<\/p>\n<p class=\"xsm-p\">10 h 30 &#8211; 11 h 30 : Badaboum, la boum des familles (pour les enfants, sc\u00e8ne ext\u00e9rieure)<\/p>\n<p class=\"xsm-p\">11 h 30 &#8211; 13 h : remise de prix \u00ab Les Foul\u00e9es de la Foire \u00bb (sc\u00e8ne ext\u00e9rieure)<\/p>\n<p class=\"xsm-p\">14 h &#8211; 16 h : bal Poussi\u00e8re de la <a href=\"https:\/\/www.estrepublicain.fr\/culture-loisirs\/2024\/06\/07\/foire-expo-la-coordination-d-acteurs-et-d-associations-africaines-de-nancy-fait-briller-l-afrique\" target=\"_blank\" rel=\"noopener\">CAAAN<\/a> &#8211;\u00a0Coordination d\u2019acteurs et d\u2019associations africaines de Nancy (sc\u00e8ne ext\u00e9rieure)<\/p>\n<p class=\"xsm-p\">14 h &#8211; 18 h : Pinto (en d\u00e9ambulation)<\/p>\n<p class=\"xsm-p\">14 h &#8211; 18 h : Mascottes Mickey, Minnie &amp; Stitch (pour les enfants, en d\u00e9ambulation)<\/p>\n<p class=\"xsm-p\">14 h 30 &#8211; 18 h 30 : ateliers by McDonald\u2019s\u2122 (pour les enfants, entr\u00e9e de Foire)<\/p>\n<p class=\"xsm-p\">16 h &#8211; 17 h : breakdance avec Tomblaine City Breakers (sc\u00e8ne ext\u00e9rieure)<\/p>\n<p class=\"xsm-p\">18 h 30 &#8211; 20 h : concert des laur\u00e9ats du Nancy Foire Off Live 2025 suivi du concert des laur\u00e9ats 2024, <strong>Rosaly<\/strong> (sc\u00e8ne ext\u00e9rieure)<\/p>\n<p class=\"insetTitle\">Les incontournables<\/p>\n<p>            Le salon <strong>Vintage, rock et US Car<\/strong><\/p>\n<p>Il se tiendra durant les neufs jours de la Foire avec pr\u00e8s de 40 exposants autour du th\u00e8me Vintage US (mode, vinyls, d\u00e9co, garage\u2026),une exposition de v\u00e9hicules am\u00e9ricains, une Chapelle Las Vegas avec <strong>sosie d\u2019Elvis,<\/strong> un Concours Miss Mode Pin Up le <strong>dimanche 8 juin \u00e0 14 h 30<\/strong>.<\/p>\n<p><strong>Election de Miss Meurthe-et-Moselle<\/strong><\/p>\n<p>Elle aura lieu le <strong>samedi 7 juin \u00e0 14 h.<\/strong><\/p>\n<p><strong>Casting de The Voice Kids<br \/><\/strong><\/p>\n<p><strong>Mardi 10 juin de 15 h 30 \u00e0 19 <\/strong>avec Sarah Berchot, collaboratrice de Bruno Berberes (The Voice &amp; The Voice Kids).<\/p>\n<p>Destination Alternance<\/p>\n<p class=\"xsm-p\">Organis\u00e9 par la maison de l\u2019emploi et la mission locale du Grand Nancy<strong> mercredi 11 juin de 13 h \u00e0 17 h<\/strong>. Vous recherchez une alternance ? Pr\u00e9parez vos CV et venez rencontrer rencontres avec des professionnels au Forum de l\u2019alternance \u00ab Destination alternance \u00bb \u00e0 la Foire Expo de Nancy !<\/p>\n<p class=\"xsm-p\">\u00a0Un CV = une entr\u00e9e offerte.<\/p>\n","protected":false},"excerpt":{"rendered":"Quand a lieu la Foire expo de Nancy\u00a0 ? La Foire expo de Nancy se tiendra du samedi&hellip;\n","protected":false},"author":2,"featured_media":150728,"comment_status":"","ping_status":"","sticky":false,"template":"","format":"standard","meta":{"footnotes":""},"categories":[9635],"tags":[1111,11,4406,3602,1707,1704,1706,1705,10174,1777,674,1685,28012,1011,27,775,1702,12,25],"class_list":{"0":"post-150727","1":"post","2":"type-post","3":"status-publish","4":"format-standard","5":"has-post-thumbnail","7":"category-nancy","8":"tag-actu","9":"tag-actualites","10":"tag-commerce-et-services","11":"tag-edition-bar-le-duc","12":"tag-edition-luneville","13":"tag-edition-nancy-et-agglomeration","14":"tag-edition-pont-a-mousson","15":"tag-edition-toul","16":"tag-edition-verdun","17":"tag-eu","18":"tag-europe","19":"tag-foire-et-salon","20":"tag-foire-exposition-de-nancy","21":"tag-fr","22":"tag-france","23":"tag-grand-est","24":"tag-nancy","25":"tag-news","26":"tag-republique-francaise"},"share_on_mastodon":{"url":"https:\/\/pubeurope.com\/@fr\/114623592787631134","error":""},"_links":{"self":[{"href":"https:\/\/www.europesays.com\/fr\/wp-json\/wp\/v2\/posts\/150727","targetHints":{"allow":["GET"]}}],"collection":[{"href":"https:\/\/www.europesays.com\/fr\/wp-json\/wp\/v2\/posts"}],"about":[{"href":"https:\/\/www.europesays.com\/fr\/wp-json\/wp\/v2\/types\/post"}],"author":[{"embeddable":true,"href":"https:\/\/www.europesays.com\/fr\/wp-json\/wp\/v2\/users\/2"}],"replies":[{"embeddable":true,"href":"https:\/\/www.europesays.com\/fr\/wp-json\/wp\/v2\/comments?post=150727"}],"version-history":[{"count":0,"href":"https:\/\/www.europesays.com\/fr\/wp-json\/wp\/v2\/posts\/150727\/revisions"}],"wp:featuredmedia":[{"embeddable":true,"href":"https:\/\/www.europesays.com\/fr\/wp-json\/wp\/v2\/media\/150728"}],"wp:attachment":[{"href":"https:\/\/www.europesays.com\/fr\/wp-json\/wp\/v2\/media?parent=150727"}],"wp:term":[{"taxonomy":"category","embeddable":true,"href":"https:\/\/www.europesays.com\/fr\/wp-json\/wp\/v2\/categories?post=150727"},{"taxonomy":"post_tag","embeddable":true,"href":"https:\/\/www.europesays.com\/fr\/wp-json\/wp\/v2\/tags?post=150727"}],"curies":[{"name":"wp","href":"https:\/\/api.w.org\/{rel}","templated":true}]}}