{"id":150729,"date":"2025-06-04T06:06:09","date_gmt":"2025-06-04T06:06:09","guid":{"rendered":"https:\/\/www.europesays.com\/fr\/150729\/"},"modified":"2025-06-04T06:06:09","modified_gmt":"2025-06-04T06:06:09","slug":"nancy-les-professionnels-de-lenfance-se-forment-a-reperer-les-enfants-victimes-de-violences-sexuelles","status":"publish","type":"post","link":"https:\/\/www.europesays.com\/fr\/150729\/","title":{"rendered":"Nancy\u00a0: les professionnels de l&rsquo;enfance se forment \u00e0 rep\u00e9rer les enfants victimes de violences sexuelles"},"content":{"rendered":"<p>Comment savoir qu&rsquo;un enfant a \u00e9t\u00e9 victime de violences sexuelles, quels sont les signes, comment les interpr\u00e9ter\u00a0?<br \/>\nUn colloque destin\u00e9 aux professionnels de l&rsquo;enfance \u00e9tait organis\u00e9 hier au Conseil d\u00e9partemental \u00e0 Nancy qui a fait de la lutte contre les violences sexuelles sa priorit\u00e9.<\/p>\n<p>Au moins 160 000 enfants subissent des violences sexuelles chaque ann\u00e9e en France. Une victime d\u2019inceste sur quatre avait moins de cinq ans au moment des faits. Ces chiffres sont ceux du minist\u00e8re de l&rsquo;Int\u00e9rieur.<br \/>Des chiffres alarmants qui t\u00e9moignent de l&rsquo;ampleur du fl\u00e9au, mais comment d\u00e9celer qu&rsquo;un enfant a \u00e9t\u00e9 victime de violences sexuelles\u00a0? C&rsquo;est pour r\u00e9pondre \u00e0 cette question que le Conseil d\u00e9partemental de Meurthe-et-Moselle a organis\u00e9 ce mardi 3 juin une journ\u00e9e de formation et de sensibilisation \u00e0 destination de ses agents qui travaillent aupr\u00e8s d&rsquo;enfants en pr\u00e9sence de sp\u00e9cialistes.<\/p>\n<p>Plus de 5600 mineurs et jeunes majeurs pris en charge<\/p>\n<p>Le Conseil d\u00e9partemental de Meurthe-et-Moselle consacre chaque ann\u00e9e <strong>138,9 millions d&rsquo;euros<\/strong> \u00e0 l&rsquo;Aide sociale \u00e0 l&rsquo;enfance (ASE) et prend en charge\u00a0:\u00a0<br \/>&#8211; <strong>1307<\/strong> enfants b\u00e9n\u00e9ficiant d&rsquo;une mesure administrative<br \/>&#8211; <strong>2254<\/strong> enfants accompagn\u00e9s en milieu ouvert<br \/>&#8211; <strong>2089<\/strong> enfants plac\u00e9s. Un millier d&rsquo;agents sont affect\u00e9s \u00e0 la mission de l&rsquo;Aide sociale \u00e0 l&rsquo;enfance, dont 582 au R\u00e9seau \u00e9ducatif de Meurthe-et-Moselle (REMM).<\/p>\n","protected":false},"excerpt":{"rendered":"Comment savoir qu&rsquo;un enfant a \u00e9t\u00e9 victime de violences sexuelles, quels sont les signes, comment les interpr\u00e9ter\u00a0? Un&hellip;\n","protected":false},"author":2,"featured_media":150730,"comment_status":"","ping_status":"","sticky":false,"template":"","format":"standard","meta":{"footnotes":""},"categories":[9635],"tags":[1111,11,1777,674,1011,27,775,1702,12,25],"class_list":{"0":"post-150729","1":"post","2":"type-post","3":"status-publish","4":"format-standard","5":"has-post-thumbnail","7":"category-nancy","8":"tag-actu","9":"tag-actualites","10":"tag-eu","11":"tag-europe","12":"tag-fr","13":"tag-france","14":"tag-grand-est","15":"tag-nancy","16":"tag-news","17":"tag-republique-francaise"},"share_on_mastodon":{"url":"https:\/\/pubeurope.com\/@fr\/114623596649448946","error":""},"_links":{"self":[{"href":"https:\/\/www.europesays.com\/fr\/wp-json\/wp\/v2\/posts\/150729","targetHints":{"allow":["GET"]}}],"collection":[{"href":"https:\/\/www.europesays.com\/fr\/wp-json\/wp\/v2\/posts"}],"about":[{"href":"https:\/\/www.europesays.com\/fr\/wp-json\/wp\/v2\/types\/post"}],"author":[{"embeddable":true,"href":"https:\/\/www.europesays.com\/fr\/wp-json\/wp\/v2\/users\/2"}],"replies":[{"embeddable":true,"href":"https:\/\/www.europesays.com\/fr\/wp-json\/wp\/v2\/comments?post=150729"}],"version-history":[{"count":0,"href":"https:\/\/www.europesays.com\/fr\/wp-json\/wp\/v2\/posts\/150729\/revisions"}],"wp:featuredmedia":[{"embeddable":true,"href":"https:\/\/www.europesays.com\/fr\/wp-json\/wp\/v2\/media\/150730"}],"wp:attachment":[{"href":"https:\/\/www.europesays.com\/fr\/wp-json\/wp\/v2\/media?parent=150729"}],"wp:term":[{"taxonomy":"category","embeddable":true,"href":"https:\/\/www.europesays.com\/fr\/wp-json\/wp\/v2\/categories?post=150729"},{"taxonomy":"post_tag","embeddable":true,"href":"https:\/\/www.europesays.com\/fr\/wp-json\/wp\/v2\/tags?post=150729"}],"curies":[{"name":"wp","href":"https:\/\/api.w.org\/{rel}","templated":true}]}}