{"id":150743,"date":"2025-06-04T06:16:43","date_gmt":"2025-06-04T06:16:43","guid":{"rendered":"https:\/\/www.europesays.com\/fr\/150743\/"},"modified":"2025-06-04T06:16:43","modified_gmt":"2025-06-04T06:16:43","slug":"comment-se-faire-indemniser-pour-la-destruction-dun-nid","status":"publish","type":"post","link":"https:\/\/www.europesays.com\/fr\/150743\/","title":{"rendered":"comment se faire indemniser pour la destruction d\u2019un nid\u00a0?"},"content":{"rendered":"<p>            Par<br \/>\n        <strong><br \/>\n            <a href=\"https:\/\/actu.fr\/auteur\/celestin-deseguier\" title=\"Consulter tous les articles de Celestin de S\u00e9guier\" rel=\"nofollow noopener\" target=\"_blank\">Celestin de S\u00e9guier<\/a><br \/>\n        <\/strong><\/p>\n<p>        Publi\u00e9 le<\/p>\n<p>            3 juin 2025 \u00e0 7h30        <\/p>\n<p>Le printemps est la p\u00e9riode r\u00eav\u00e9e pour les <b>frelons \u00e0 pattes jaunes<\/b>, plus connus sous le nom de<b> frelons asiatiques<\/b>. Les reines, en pr\u00e9paration de l\u2019\u00e9t\u00e9 \u00e0 venir, construisent le nid primaire dans lequel la future colonie doit s\u2019installer.<\/p>\n<p class=\" wall-content\">Afin de pr\u00e9venir la p\u00e9rennisation du nid, <a href=\"https:\/\/actu.fr\/bretagne\/fougeres_35115\" rel=\"nofollow noopener\" target=\"_blank\">Foug\u00e8res Agglom\u00e9ration<\/a> <b>(Ille-et-Vilaine)<\/b> met en garde pour <b>rep\u00e9rer les signes avant-coureurs<\/b> et faire appel \u00e0 des professionnels.<\/p>\n<p class=\" wall-content\">De <b>la taille d\u2019une orange<\/b>, ces pouponni\u00e8res \u00e0 frelons h\u00e9bergent la reine et sont faciles \u00e0 \u00e9liminer dans un premier temps. Pour identifier les zones \u00e0 risques, il faut avoir l\u2019\u0153il\u2009: <b>abris de jardin, serres, hangars, goutti\u00e8res<\/b>, les reines peuvent s\u2019installer \u00e0 des endroits parfois insoup\u00e7onn\u00e9s.<\/p>\n<p>Plus petit et plus bruyant<\/p>\n<p class=\" wall-content\">Attention tout de m\u00eame, le frelon europ\u00e9en, lui, ne pose pas de probl\u00e8me majeur. Pour f<b>aire la diff\u00e9rence entre les deux esp\u00e8ces<\/b>, il faut savoir les diff\u00e9rencier. Le frelon europ\u00e9en est plus grand, plus bruyant et de couleur jaune alors que le frelon \u00e0 pattes jaunes a une couleur orang\u00e9e, est <b>plus petit et plus bruyant<\/b>.<\/p>\n<p class=\" wall-content\">Si jamais vous constatez chez vous la pr\u00e9sence d\u2019un nid, \u00ab\u2009il est n\u00e9cessaire de <b>suivre une proc\u00e9dure<\/b> afin de Foug\u00e8res agglom\u00e9ration puisse assurer le financement des interventions sans reste \u00e0 charge pour les particuliers\u2009\u00bb, insiste l\u2019agglom\u00e9ration.<\/p>\n<p>Vid\u00e9os : en ce moment sur ActuPrise en charge par l\u2019agglom\u00e9ration<\/p>\n<p class=\" wall-content\">Tout d\u2019abord, prenez contact avec votre mairie. <b>Un r\u00e9f\u00e9rent communal se d\u00e9placera<\/b> sur le site pour constater qu\u2019il s\u2019agit bien de frelons \u00e0 pattes jaunes, dits frelons asiatiques. Une fois l\u2019esp\u00e8ce identifi\u00e9e, <b>le r\u00e9f\u00e9rent confirme et demande une intervention<\/b> aupr\u00e8s de la FGDON 35, l\u2019organisation reconnue d\u2019int\u00e9r\u00eat public en charge de la lutte contre diverses esp\u00e8ces animales ou v\u00e9g\u00e9tales envahissantes.<\/p>\n<p class=\" wall-content\">Sous r\u00e9serve de respect de la proc\u00e9dure, <b>le co\u00fbt de l\u2019intervention \u00ab\u2009est pris en charge<\/b> par Foug\u00e8res agglom\u00e9ration dans le cadre d\u2019une convention avec la FGDON 35\u2009\u00bb, pr\u00e9cise la collectivit\u00e9.<\/p>\n<p>Un impact n\u00e9gatif sur la biodiversit\u00e9<\/p>\n<p class=\" wall-content\">En plus de faire de la sensibilisation et de permettre la destruction pr\u00e9coce des nids, avant qu\u2019il ne soit trop tard, cette proc\u00e9dure permet de<b> suivre l\u2019\u00e9volution des populations de frelons<\/b> \u00e0 pattes jaunes.<\/p>\n<p class=\" wall-content\">Les campagnes de pi\u00e9geage, mises en place lors des ann\u00e9es tests, ont en revanche \u00e9t\u00e9 arr\u00eat\u00e9es. Leur <b>impact n\u00e9gatif sur la biodiversit\u00e9<\/b>, notamment les insectes pollinisateurs, \u00ab\u2009nous conduit \u00e0 ne pas encourager le pi\u00e9geage grand public\u2009\u00bb, insiste collectivit\u00e9. \u00ab\u2009Un frelon captur\u00e9 ne signifie pas un futur nid \u00e9vit\u00e9\u2009\u00bb, confirme le Mus\u00e9um d\u2019histoire naturelle de Paris selon qui \u00ab\u2009l\u2019efficacit\u00e9 du pi\u00e9geage de printemps n\u2019est pas d\u00e9montr\u00e9e\u2009\u00bb.<\/p>\n<p class=\" wall-content\">Suivez toute l\u2019actualit\u00e9 de vos villes et m\u00e9dias favoris en vous inscrivant \u00e0 <a href=\"https:\/\/moncompte.actu.fr\" title=\"D\u00e9couvez Mon Actu\" rel=\"nofollow noopener\" data-trk=\"{&quot;cta&quot;:{&quot;action&quot;:&quot;https:\\\/\\\/moncompte.actu.fr&quot;,&quot;category&quot;:&quot;mon compte&quot;,&quot;from&quot;:&quot;article footer&quot;,&quot;name&quot;:&quot;Mon actu&quot;,&quot;type&quot;:&quot;cta&quot;}}\" target=\"_blank\">Mon Actu<\/a>.<\/p>\n","protected":false},"excerpt":{"rendered":"Par Celestin de S\u00e9guier Publi\u00e9 le 3 juin 2025 \u00e0 7h30 Le printemps est la p\u00e9riode r\u00eav\u00e9e pour&hellip;\n","protected":false},"author":2,"featured_media":150744,"comment_status":"","ping_status":"","sticky":false,"template":"","format":"standard","meta":{"footnotes":""},"categories":[2821],"tags":[1111,11,829,9439,436,1777,674,1011,27,28013,12,584,25,104],"class_list":{"0":"post-150743","1":"post","2":"type-post","3":"status-publish","4":"format-standard","5":"has-post-thumbnail","7":"category-rennes","8":"tag-actu","9":"tag-actualites","10":"tag-bretagne","11":"tag-bretagne-nord","12":"tag-environnement","13":"tag-eu","14":"tag-europe","15":"tag-fr","16":"tag-france","17":"tag-frelons-asiatiques","18":"tag-news","19":"tag-rennes","20":"tag-republique-francaise","21":"tag-societe"},"share_on_mastodon":{"url":"https:\/\/pubeurope.com\/@fr\/114623636028645807","error":""},"_links":{"self":[{"href":"https:\/\/www.europesays.com\/fr\/wp-json\/wp\/v2\/posts\/150743","targetHints":{"allow":["GET"]}}],"collection":[{"href":"https:\/\/www.europesays.com\/fr\/wp-json\/wp\/v2\/posts"}],"about":[{"href":"https:\/\/www.europesays.com\/fr\/wp-json\/wp\/v2\/types\/post"}],"author":[{"embeddable":true,"href":"https:\/\/www.europesays.com\/fr\/wp-json\/wp\/v2\/users\/2"}],"replies":[{"embeddable":true,"href":"https:\/\/www.europesays.com\/fr\/wp-json\/wp\/v2\/comments?post=150743"}],"version-history":[{"count":0,"href":"https:\/\/www.europesays.com\/fr\/wp-json\/wp\/v2\/posts\/150743\/revisions"}],"wp:featuredmedia":[{"embeddable":true,"href":"https:\/\/www.europesays.com\/fr\/wp-json\/wp\/v2\/media\/150744"}],"wp:attachment":[{"href":"https:\/\/www.europesays.com\/fr\/wp-json\/wp\/v2\/media?parent=150743"}],"wp:term":[{"taxonomy":"category","embeddable":true,"href":"https:\/\/www.europesays.com\/fr\/wp-json\/wp\/v2\/categories?post=150743"},{"taxonomy":"post_tag","embeddable":true,"href":"https:\/\/www.europesays.com\/fr\/wp-json\/wp\/v2\/tags?post=150743"}],"curies":[{"name":"wp","href":"https:\/\/api.w.org\/{rel}","templated":true}]}}