{"id":150771,"date":"2025-06-04T06:32:09","date_gmt":"2025-06-04T06:32:09","guid":{"rendered":"https:\/\/www.europesays.com\/fr\/150771\/"},"modified":"2025-06-04T06:32:09","modified_gmt":"2025-06-04T06:32:09","slug":"greve-sncf-vigilance-orage-vos-conditions-de-circulation-ce-mercredi-sur-les-routes-lyonnaises","status":"publish","type":"post","link":"https:\/\/www.europesays.com\/fr\/150771\/","title":{"rendered":"gr\u00e8ve SNCF, vigilance orage&#8230;vos conditions de circulation ce mercredi sur les routes lyonnaises"},"content":{"rendered":"<p>Le trafic s&rsquo;intensifie ce mercredi matin, on compte d\u00e9sormais 59 kilom\u00e8tres de bouchons cumul\u00e9s. Coraly, le service qui coordonne et r\u00e9gule le trafic classe vos conditions de circulation en rouge = d\u00e9grad\u00e9es.<\/p>\n<p>&gt;&gt; <strong>5 kilom\u00e8tres<\/strong> de ralentissements sont en cours <strong>sur l&rsquo;A7<\/strong> en direction de Paris, entre Solaize et Saint-Fons.<\/p>\n<p>&gt;&gt; Comptez <strong>2 kilom\u00e8tres<\/strong> de bouchons sur<strong> l&rsquo;A450<\/strong> en direction de Lyon et \u00e0 hauteur de Pierre-B\u00e9nite.<\/p>\n<p>&gt;&gt;<strong> 5 km<\/strong> de bouchons \u00e9galement sur <strong>l&rsquo;A46 sud<\/strong> en direction de Paris, entre Chaponnay et le n\u0153ud de Manissieux.<\/p>\n<p>&gt;&gt; \u00e7a coince aussi sur <strong>l&rsquo;A43<\/strong> \u00e0 l&rsquo;arriv\u00e9 \u00e0 Lyon, comptez <strong>2 kilom\u00e8tres<\/strong> de ralentissements au niveau de la portes des Essarts.<\/p>\n<p>&gt;&gt;<strong> Sur la M6<\/strong>, \u00e7a bouchonne entre Ecully et l&rsquo;entr\u00e9e du tunnel sous Fourvi\u00e8re, sur environ <strong>3 kilom\u00e8tres.<\/strong><\/p>\n","protected":false},"excerpt":{"rendered":"Le trafic s&rsquo;intensifie ce mercredi matin, on compte d\u00e9sormais 59 kilom\u00e8tres de bouchons cumul\u00e9s. Coraly, le service qui&hellip;\n","protected":false},"author":2,"featured_media":150772,"comment_status":"","ping_status":"","sticky":false,"template":"","format":"standard","meta":{"footnotes":""},"categories":[1889],"tags":[1111,11,2430,3542,3152,2757,3153,3154,3155,3156,1777,674,107,1011,27,2428,12,25,2429,1097,2803],"class_list":{"0":"post-150771","1":"post","2":"type-post","3":"status-publish","4":"format-standard","5":"has-post-thumbnail","7":"category-lyon","8":"tag-actu","9":"tag-actualites","10":"tag-auvergne-rhone-alpes","11":"tag-circulation","12":"tag-edition-est-lyonnais","13":"tag-edition-lyon-villeurbanne","14":"tag-edition-ouest-lyonnais","15":"tag-edition-sud-lyonnais","16":"tag-edition-tarare","17":"tag-edition-villefranche","18":"tag-eu","19":"tag-europe","20":"tag-fil-info","21":"tag-fr","22":"tag-france","23":"tag-lyon","24":"tag-news","25":"tag-republique-francaise","26":"tag-rhone","27":"tag-trafic","28":"tag-transport"},"share_on_mastodon":{"url":"https:\/\/pubeurope.com\/@fr\/114623698937308707","error":""},"_links":{"self":[{"href":"https:\/\/www.europesays.com\/fr\/wp-json\/wp\/v2\/posts\/150771","targetHints":{"allow":["GET"]}}],"collection":[{"href":"https:\/\/www.europesays.com\/fr\/wp-json\/wp\/v2\/posts"}],"about":[{"href":"https:\/\/www.europesays.com\/fr\/wp-json\/wp\/v2\/types\/post"}],"author":[{"embeddable":true,"href":"https:\/\/www.europesays.com\/fr\/wp-json\/wp\/v2\/users\/2"}],"replies":[{"embeddable":true,"href":"https:\/\/www.europesays.com\/fr\/wp-json\/wp\/v2\/comments?post=150771"}],"version-history":[{"count":0,"href":"https:\/\/www.europesays.com\/fr\/wp-json\/wp\/v2\/posts\/150771\/revisions"}],"wp:featuredmedia":[{"embeddable":true,"href":"https:\/\/www.europesays.com\/fr\/wp-json\/wp\/v2\/media\/150772"}],"wp:attachment":[{"href":"https:\/\/www.europesays.com\/fr\/wp-json\/wp\/v2\/media?parent=150771"}],"wp:term":[{"taxonomy":"category","embeddable":true,"href":"https:\/\/www.europesays.com\/fr\/wp-json\/wp\/v2\/categories?post=150771"},{"taxonomy":"post_tag","embeddable":true,"href":"https:\/\/www.europesays.com\/fr\/wp-json\/wp\/v2\/tags?post=150771"}],"curies":[{"name":"wp","href":"https:\/\/api.w.org\/{rel}","templated":true}]}}