{"id":150773,"date":"2025-06-04T06:33:09","date_gmt":"2025-06-04T06:33:09","guid":{"rendered":"https:\/\/www.europesays.com\/fr\/150773\/"},"modified":"2025-06-04T06:33:09","modified_gmt":"2025-06-04T06:33:09","slug":"velov-passe-a-la-vitesse-superieure-dans-la-metropole-lyonnaise-avec-33-nouvelles-installations-dici-2026","status":"publish","type":"post","link":"https:\/\/www.europesays.com\/fr\/150773\/","title":{"rendered":"V\u00e9lo\u2019v passe \u00e0 la vitesse sup\u00e9rieure dans la m\u00e9tropole lyonnaise avec 33 nouvelles installations d\u2019ici 2026"},"content":{"rendered":"<p><strong>Ce jeudi 3 juin, la M\u00e9tropole de Lyon a inaugur\u00e9 une nouvelle station V\u00e9lo\u2019v \u00e0 Saint-Fons. Un \u00e9v\u00e9nement qui marque le d\u00e9but d\u2019un vaste d\u00e9ploiement : 33 nouvelles stations de v\u00e9los \u00e0 assistance \u00e9lectrique seront install\u00e9es d\u2019ici d\u00e9but 2026.<\/strong><\/p>\n<p>Depuis leur lancement en janvier 2025, les v\u00e9los \u00e9lectriques V\u00e9lo\u2019v rencontrent un franc succ\u00e8s. Leur utilisation ne cesse d\u2019augmenter. Aujourd\u2019hui, le service compte plus de <strong>98 000 abonn\u00e9s<\/strong>, avec des pics records de fr\u00e9quentation. \u00ab Nous avons enregistr\u00e9, entre avril et mai, une hausse de plus de 44 % par rapport \u00e0 l\u2019ann\u00e9e derni\u00e8re \u00bb, souligne Bruno Bernard, pr\u00e9sident \u00e9cologiste de la m\u00e9tropole de Lyon. Une dynamique qui justifie pleinement l\u2019extension du r\u00e9seau.<\/p>\n<p><strong>Un d\u00e9ploiement dans les quartiers populaires et les zones en pente<\/strong><\/p>\n<p>Les <strong>33 nouvelles stations<\/strong> seront r\u00e9parties dans <strong>27 communes<\/strong> de la m\u00e9tropole. Les quartiers populaires et les zones en pente sont les premiers b\u00e9n\u00e9ficiaires. \u00ab Il \u00e9tait essentiel pour nous de renforcer l\u2019\u00e9galit\u00e9 territoriale. Ce service, de plus en plus utilis\u00e9, doit aussi profiter aux habitantes et habitants des quartiers les plus \u00e9loign\u00e9s \u00bb, insiste Bruno Bernard.<\/p>\n<p><img fetchpriority=\"high\" decoding=\"async\" width=\"940\" height=\"788\" src=\"https:\/\/www.europesays.com\/fr\/wp-content\/uploads\/2025\/06\/AA-carte-velov.jpg\" alt=\"\" class=\"wp-image-112007\" style=\"width:636px;height:auto\"  \/><\/p>\n<p>Pour les maires de V\u00e9nissieu<strong>x<\/strong> et Saint-Fons, longtemps en attente de solutions de mobilit\u00e9, cette d\u00e9cision est une avanc\u00e9e importante. \u00ab Jusqu\u2019\u00e0 pr\u00e9sent, Saint-Fons \u00e9tait satur\u00e9e de voitures, sans m\u00e9tro, ni tram, ni pistes cyclables s\u00e9curis\u00e9es, d\u00e9plore Christian Duch\u00eane, maire de la commune. Beaucoup de personnes ne sont pas v\u00e9hicul\u00e9es. Ces quatre nouvelles stations vont permettre d\u2019inclure notre ville dans la m\u00e9tropole. \u00bb<br \/>M\u00eame constat du c\u00f4t\u00e9 de Mich\u00e8le Picard, maire de V\u00e9nissieux : \u00ab Trop longtemps, ce service est rest\u00e9 concentr\u00e9 dans les quartiers centraux. Ces nouvelles installations viennent rompre cette in\u00e9galit\u00e9 entre communes. L\u2019objectif est clair : offrir \u00e0 toutes et tous un mode de transport simple, pratique et \u00e9cologique. \u00bb<\/p>\n<p><strong>Trois nouvelles communes int\u00e9gr\u00e9es<\/strong><\/p>\n<p>Le r\u00e9seau V\u00e9lo\u2019v s\u2019\u00e9tend \u00e9galement \u00e0 trois nouvelles communes : <strong>Champagne-au-Mont-d\u2019Or, Chassieu<\/strong> et <strong>Saint-Germain-au-Mont-d\u2019Or<\/strong>. Ce d\u00e9veloppement repr\u00e9sente un investissement annuel de 700 000 euros pour la m\u00e9tropole. \u00c0 terme, <strong>420 stations V\u00e9lo\u2019v<\/strong> seront en service sur l\u2019ensemble du territoire m\u00e9tropolitain.<\/p>\n<p>Le v\u00e9lo ne se limite plus \u00e0 un simple mode de transport doux. Il est devenu un outil de transformation urbaine et un moyen concret de lutte contre le changement climatique.\u00a0<\/p>\n<p><strong>La liste compl\u00e8te des 33 nouvelles stations : <\/strong><\/p>\n<ul class=\"wp-block-list\">\n<li>Champagne-au-Mont-d\u2019Or Mairie<\/li>\n<li>Chassieu Centre<\/li>\n<li>Collonges-au-Mont-d\u2019Or Centre<\/li>\n<li>D\u00e9cines-Charpieu Sept Chemins<\/li>\n<li>Lyon 2 March\u00e9 Gare<\/li>\n<li>Lyon 5 C\u00e9sar Geoffray<\/li>\n<li>Lyon 5 Radisson \u2013 Mus\u00e9e Lugdunum<\/li>\n<li>Lyon 5 Notre Dame des Minimes<\/li>\n<li>Lyon 5 Fourvi\u00e8re<\/li>\n<li>Lyon 7 Friche PUP Ginkgo<\/li>\n<li>Lyon 7 Parc Sergent Blandan<\/li>\n<li>Lyon 9 Square des 400<\/li>\n<li>Lyon 9 Observance<\/li>\n<li>Lyon 9 Marietton \u2013 Bourbonnais<\/li>\n<li>Oullins-Pierre-B\u00e9nite Chabri\u00e8res<\/li>\n<li>Saint-Fons Clochettes \u2013 Palabres<\/li>\n<li>Saint-Fons Arsenal 2<\/li>\n<li>Saint-Fons Gare<\/li>\n<li>Saint-Fons \/ V\u00e9nissieux Clochettes \u2013 Farge<\/li>\n<li>Saint-Genis-Laval H\u00f4pitaux Sud<\/li>\n<li>Saint-Germain-au-Mont-d\u2019Or Gare<\/li>\n<li>Vaulx-en-Velin Place Robert Badinter<\/li>\n<li>Vaulx-en-Velin PUP Gimenez<\/li>\n<li>Vaulx-en-Velin Grappini\u00e8re<\/li>\n<li>V\u00e9nissieux Coblod<\/li>\n<li>V\u00e9nissieux Centre Bourg<\/li>\n<li>V\u00e9nissieux Martyrs de la R\u00e9sistance<\/li>\n<li>V\u00e9nissieux Houel \u2013 Mairie<\/li>\n<li>V\u00e9nissieux V\u00e9nissieux \u2013 Minguettes<\/li>\n<li>Villeurbanne Kruger \u2013 Voillot<\/li>\n<li>Villeurbanne Buers<\/li>\n<li>Villeurbanne Saint-Jean<\/li>\n<li>Villeurbanne Primat<\/li>\n<\/ul>\n","protected":false},"excerpt":{"rendered":"Ce jeudi 3 juin, la M\u00e9tropole de Lyon a inaugur\u00e9 une nouvelle station V\u00e9lo\u2019v \u00e0 Saint-Fons. Un \u00e9v\u00e9nement&hellip;\n","protected":false},"author":2,"featured_media":150774,"comment_status":"","ping_status":"","sticky":false,"template":"","format":"standard","meta":{"footnotes":""},"categories":[1889],"tags":[1111,11,2430,1777,674,1011,27,2428,10510,12,25,11091],"class_list":{"0":"post-150773","1":"post","2":"type-post","3":"status-publish","4":"format-standard","5":"has-post-thumbnail","7":"category-lyon","8":"tag-actu","9":"tag-actualites","10":"tag-auvergne-rhone-alpes","11":"tag-eu","12":"tag-europe","13":"tag-fr","14":"tag-france","15":"tag-lyon","16":"tag-metropole-de-lyon","17":"tag-news","18":"tag-republique-francaise","19":"tag-velov"},"share_on_mastodon":{"url":"https:\/\/pubeurope.com\/@fr\/114623702848499959","error":""},"_links":{"self":[{"href":"https:\/\/www.europesays.com\/fr\/wp-json\/wp\/v2\/posts\/150773","targetHints":{"allow":["GET"]}}],"collection":[{"href":"https:\/\/www.europesays.com\/fr\/wp-json\/wp\/v2\/posts"}],"about":[{"href":"https:\/\/www.europesays.com\/fr\/wp-json\/wp\/v2\/types\/post"}],"author":[{"embeddable":true,"href":"https:\/\/www.europesays.com\/fr\/wp-json\/wp\/v2\/users\/2"}],"replies":[{"embeddable":true,"href":"https:\/\/www.europesays.com\/fr\/wp-json\/wp\/v2\/comments?post=150773"}],"version-history":[{"count":0,"href":"https:\/\/www.europesays.com\/fr\/wp-json\/wp\/v2\/posts\/150773\/revisions"}],"wp:featuredmedia":[{"embeddable":true,"href":"https:\/\/www.europesays.com\/fr\/wp-json\/wp\/v2\/media\/150774"}],"wp:attachment":[{"href":"https:\/\/www.europesays.com\/fr\/wp-json\/wp\/v2\/media?parent=150773"}],"wp:term":[{"taxonomy":"category","embeddable":true,"href":"https:\/\/www.europesays.com\/fr\/wp-json\/wp\/v2\/categories?post=150773"},{"taxonomy":"post_tag","embeddable":true,"href":"https:\/\/www.europesays.com\/fr\/wp-json\/wp\/v2\/tags?post=150773"}],"curies":[{"name":"wp","href":"https:\/\/api.w.org\/{rel}","templated":true}]}}