{"id":150801,"date":"2025-06-04T06:48:10","date_gmt":"2025-06-04T06:48:10","guid":{"rendered":"https:\/\/www.europesays.com\/fr\/150801\/"},"modified":"2025-06-04T06:48:10","modified_gmt":"2025-06-04T06:48:10","slug":"trump-passe-a-50-la-surtaxe-sur-lacier-et-laluminium-avant-des-negociations-a-paris","status":"publish","type":"post","link":"https:\/\/www.europesays.com\/fr\/150801\/","title":{"rendered":"Trump passe \u00e0 50% la surtaxe sur l&rsquo;acier et l&rsquo;aluminium, avant des n\u00e9gociations \u00e0 Paris"},"content":{"rendered":"<p>Le locataire de la Maison-Blanche justifie cette hausse par la volont\u00e9 de \u00ab\u00a0s\u2019assurer que [les importations] ne mettront pas en p\u00e9ril la s\u00e9curit\u00e9 nationale\u00a0\u00bb.<\/p>\n<p class=\"fig-paragraph\">Le pr\u00e9sident am\u00e9ricain<a href=\"http:\/\/madame.lefigaro.fr\/celebrites\/culture\/giuliano-da-empoli-donald-trump-comme-cesar-borgia-construit-son-pouvoir-non-pas-sur-le-respect-des-regles-mais-sur-la-sideration-20250603\" data-fig-type=\"Article\" data-gtm-custom-categorie=\"navigation\" data-gtm-custom-action=\"crossclick\" data-gtm-custom-label=\"Contextuel\" data-gtm-event=\"customEventSPE\" data-fig-domain=\"MADAME\" target=\"_blank\" rel=\"noopener\">\u00a0Donald Trump<\/a>\u00a0a doubl\u00e9 la mise mercredi sur les importations d&rsquo;acier et d&rsquo;aluminium, en portant les\u00a0<a href=\"http:\/\/www.lefigaro.fr\/conjoncture\/dossier\/droits-de-douane-americains-notre-dossier-pour-tout-comprendre\" data-fig-type=\"Topic\" data-gtm-custom-categorie=\"navigation\" data-gtm-custom-action=\"crossclick\" data-gtm-custom-label=\"Contextuel\" data-gtm-event=\"customEventSPE\" data-fig-domain=\"LEFIGARO\" target=\"_blank\" rel=\"noopener\">droits de douane<\/a>\u00a0sectoriels \u00e0 50%, alors que les n\u00e9gociations avec plusieurs partenaires commerciaux des \u00c9tats-Unis doivent se tenir dans la journ\u00e9e \u00e0 Paris.<\/p>\n<p class=\"fig-paragraph\">Dans un d\u00e9cret publi\u00e9 mardi et entr\u00e9 en vigueur \u00e0 00H01 heure locale, le locataire de la Maison-Blanche a justifi\u00e9 cette hausse par la volont\u00e9 de \u00abs&rsquo;assurer que [les importations] ne mettront pas en p\u00e9ril la s\u00e9curit\u00e9 nationale\u00bb. \u00abM\u00eame si les droits de douane impos\u00e9s jusqu&rsquo;ici ont apport\u00e9 un soutien essentiel aux prix sur le march\u00e9 am\u00e9ricain, ils n&rsquo;ont pas permis \u00e0 ces industries de d\u00e9velopper et de maintenir un taux d&rsquo;utilisation des capacit\u00e9s de production qui soit suffisant pour leur p\u00e9rennit\u00e9 et au regard des besoins de la d\u00e9fense nationale\u00bb, a justifi\u00e9 le texte du d\u00e9cret.<\/p>\n<p class=\"fig-paragraph\">L&rsquo;<a href=\"http:\/\/www.lefigaro.fr\/societes\/automobile-acier-aluminium-ou-en-est-on-des-droits-de-douane-de-donald-trump-20250601\" data-fig-type=\"Article\" data-gtm-custom-categorie=\"navigation\" data-gtm-custom-action=\"crossclick\" data-gtm-custom-label=\"Contextuel\" data-gtm-event=\"customEventSPE\" data-fig-domain=\"LEFIGARO\" target=\"_blank\" rel=\"noopener\">acier et l&rsquo;aluminium<\/a>\u00a0ont \u00e9t\u00e9 le premier secteur concern\u00e9 par les droits de douane voulus par Donald Trump, avec l&rsquo;entr\u00e9e en vigueur d&rsquo;une surtaxe de 25% le 12 mars, dans la volont\u00e9 affich\u00e9e d&rsquo;inciter aux investissements dans le pays.<\/p>\n<p class=\"fig-paragraph\">Et ces droits de douane sectoriels, appliqu\u00e9s \u00e9galement \u00e0 l&rsquo;automobile avant de s&rsquo;\u00e9tendre prochainement aux produits pharmaceutiques et aux semi-conducteurs, sont les seuls \u00e0 ne pas avoir \u00e9t\u00e9 bloqu\u00e9s par une r\u00e9cente d\u00e9cision de justice, qui a vis\u00e9 les droits de douane appliqu\u00e9s sans distinction.<\/p>\n<p class=\"fig-paragraph\">Une nouvelle pouss\u00e9e de fi\u00e8vre tarifaire qui intervient alors que le repr\u00e9sentant de la Maison-Blanche au Commerce (USTR), Jamieson Greer, doit rencontrer le commissaire europ\u00e9en au Commerce, Maros Sefcovic, en marge d&rsquo;une r\u00e9union de l&rsquo;Organisation de coop\u00e9ration et de d\u00e9veloppement \u00e9conomique (OCDE), qui doit s&rsquo;achever mercredi. Des discussions crisp\u00e9es, alors que Donald Trump a menac\u00e9 l&rsquo;UE de 50% de surtaxe, accusant le bloc de ne pas n\u00e9gocier de bonne foi.<\/p>\n<p class=\"fig-paragraph\">Et qui interviennent dans un contexte de fortes tensions, alors que la fin de la pause de 90 jours, annonc\u00e9e dans la foul\u00e9e des droits de douane dits \u00abr\u00e9ciproques\u00bb est pr\u00e9vue pour le 9 juillet.<\/p>\n<p class=\"fig-paragraph\">Karoline Leavitt a confirm\u00e9 mardi que \u00abl&rsquo;USTR a envoy\u00e9 (une) lettre \u00e0 tous nos partenaires commerciaux pour leur rappeler amicalement que la date limite approche\u00bb.<\/p>\n<p>\u00abGarder son sang-froid\u00bb<\/p>\n<p class=\"fig-paragraph\">Mais l&rsquo;Europe s&rsquo;est d&rsquo;ores et d\u00e9j\u00e0 dite pr\u00eate \u00e0 r\u00e9pliquer en cas de hausse des droits de douane la ciblant sp\u00e9cifiquement. En marge de la r\u00e9union \u00e0 l&rsquo;OCDE, M. Greer a de son c\u00f4t\u00e9 annonc\u00e9 qu&rsquo;il allait rencontrer ses homologues vietnamien et malaisien.<\/p>\n<p class=\"fig-paragraph\">Une r\u00e9union des repr\u00e9sentants au Commerce du G7 (Allemagne, Canada, \u00c9tats-Unis, France, Italie, Japon et Royaume-Uni) a aussi lieu mercredi \u00e0 7H00 (heure locale) \u00e0 la repr\u00e9sentation canadienne de l&rsquo;OCDE, \u00e0 moins de deux semaines d&rsquo;un sommet des chefs d&rsquo;\u00c9tat et de gouvernement du 15 au 17 juin dans les Rocheuses canadiennes.<\/p>\n<p class=\"fig-paragraph\">\u00abNous devons parvenir \u00e0 des solutions n\u00e9goci\u00e9es et ce, le plus rapidement possible, car le temps presse\u00bb, a affirm\u00e9 mardi la ministre allemande de l&rsquo;\u00e9conomie, Katherina Reiche, en marge de cette conf\u00e9rence.<\/p>\n<p class=\"fig-paragraph\">\u00abIl faut garder son sang-froid et d\u00e9montrer toujours que la mise en place de ces droits de douane n&rsquo;est dans l&rsquo;int\u00e9r\u00eat de personne, \u00e0 commencer par l&rsquo;\u00e9conomie am\u00e9ricaine\u00bb, a dit le ministre fran\u00e7ais d\u00e9l\u00e9gu\u00e9 au Commerce ext\u00e9rieur Laurent Saint-Martin, \u00e9galement en marge de la r\u00e9union \u00e0 l&rsquo;OCDE.<\/p>\n<p class=\"fig-paragraph\">L&rsquo;institution pr\u00e9voit d\u00e9sormais un\u00a0<a href=\"http:\/\/www.lefigaro.fr\/conjoncture\/donald-trump-abime-t-il-vraiment-la-croissance-americaine-comme-l-affirme-emmanuel-macron-20250514\" data-fig-type=\"Article\" data-gtm-custom-categorie=\"navigation\" data-gtm-custom-action=\"crossclick\" data-gtm-custom-label=\"Contextuel\" data-gtm-event=\"customEventSPE\" data-fig-domain=\"LEFIGARO\" target=\"_blank\" rel=\"noopener\">fort ralentissement de la croissance am\u00e9ricaine<\/a>\u00a0cette ann\u00e9e en raison des assauts douaniers de Trump, attendue \u00e0 1,6% contre 2,4% avant l&rsquo;arriv\u00e9e du milliardaire \u00e0 la Maison-Blanche.<\/p>\n<p class=\"fig-paragraph\">Et l&rsquo;incertitude pourrait continuer \u00e0 peser sur l&rsquo;\u00e9conomie mondiale, alors que le pr\u00e9sident am\u00e9ricain a accus\u00e9 la semaine derni\u00e8re P\u00e9kin de ne pas respecter les termes de l&rsquo;accord de d\u00e9sescalade sign\u00e9 mi-mai \u00e0 Gen\u00e8ve (Suisse) et mena\u00e7ant de relancer la guerre commerciale.<\/p>\n<p class=\"fig-paragraph\">En cause, selon Washington, l&rsquo;approbation au ralenti des exportations de m\u00e9taux rares vers les \u00c9tats-Unis. Mais les n\u00e9gociations \u00abprogressent bien\u00bb a assur\u00e9 lundi le secr\u00e9taire adjoint au Tr\u00e9sor, Michael Faulkender.<\/p>\n<p class=\"fig-paragraph\">La Maison-Blanche a assur\u00e9 mardi que Donald Trump esp\u00e9rait \u00e9changer avec son homologue chinois Xi Jinping, \u00abprobablement cette semaine\u00bb.<\/p>\n","protected":false},"excerpt":{"rendered":"Le locataire de la Maison-Blanche justifie cette hausse par la volont\u00e9 de \u00ab\u00a0s\u2019assurer que [les importations] ne mettront&hellip;\n","protected":false},"author":2,"featured_media":150802,"comment_status":"","ping_status":"","sticky":false,"template":"","format":"standard","meta":{"footnotes":""},"categories":[2],"tags":[7662,339,11,21999,340,343,345,350,130,344,352,349,75,33,341,313,1011,27,346,342,353,351,347,12,348,25,2549,354],"class_list":{"0":"post-150801","1":"post","2":"type-post","3":"status-publish","4":"format-standard","5":"has-post-thumbnail","7":"category-actualites","8":"tag-acier","9":"tag-actualite-economique","10":"tag-actualites","11":"tag-aluminium","12":"tag-bourse","13":"tag-cac-40","14":"tag-chef-dentreprise","15":"tag-concurrence","16":"tag-consommation","17":"tag-creation-dentreprise","18":"tag-crise","19":"tag-delocalisations","20":"tag-donald-trump","21":"tag-economie","22":"tag-emploi","23":"tag-entreprises","24":"tag-fr","25":"tag-france","26":"tag-grands-patrons","27":"tag-impots","28":"tag-licenciements","29":"tag-monopole","30":"tag-multinationales","31":"tag-news","32":"tag-privatisation","33":"tag-republique-francaise","34":"tag-taxe","35":"tag-unio"},"share_on_mastodon":{"url":"https:\/\/pubeurope.com\/@fr\/114623761816879229","error":""},"_links":{"self":[{"href":"https:\/\/www.europesays.com\/fr\/wp-json\/wp\/v2\/posts\/150801","targetHints":{"allow":["GET"]}}],"collection":[{"href":"https:\/\/www.europesays.com\/fr\/wp-json\/wp\/v2\/posts"}],"about":[{"href":"https:\/\/www.europesays.com\/fr\/wp-json\/wp\/v2\/types\/post"}],"author":[{"embeddable":true,"href":"https:\/\/www.europesays.com\/fr\/wp-json\/wp\/v2\/users\/2"}],"replies":[{"embeddable":true,"href":"https:\/\/www.europesays.com\/fr\/wp-json\/wp\/v2\/comments?post=150801"}],"version-history":[{"count":0,"href":"https:\/\/www.europesays.com\/fr\/wp-json\/wp\/v2\/posts\/150801\/revisions"}],"wp:featuredmedia":[{"embeddable":true,"href":"https:\/\/www.europesays.com\/fr\/wp-json\/wp\/v2\/media\/150802"}],"wp:attachment":[{"href":"https:\/\/www.europesays.com\/fr\/wp-json\/wp\/v2\/media?parent=150801"}],"wp:term":[{"taxonomy":"category","embeddable":true,"href":"https:\/\/www.europesays.com\/fr\/wp-json\/wp\/v2\/categories?post=150801"},{"taxonomy":"post_tag","embeddable":true,"href":"https:\/\/www.europesays.com\/fr\/wp-json\/wp\/v2\/tags?post=150801"}],"curies":[{"name":"wp","href":"https:\/\/api.w.org\/{rel}","templated":true}]}}